{"id":50726,"date":"2014-09-04T09:27:52","date_gmt":"2014-09-04T13:27:52","guid":{"rendered":"http:\/\/www.eltrabajo.cl\/portal\/?p=50726"},"modified":"2014-09-04T09:27:52","modified_gmt":"2014-09-04T13:27:52","slug":"hoy-al-mediodia-inauguran-expo-empleos-aiep-san-felipe-2014","status":"publish","type":"post","link":"https:\/\/eltrabajo.cl\/portal\/hoy-al-mediodia-inauguran-expo-empleos-aiep-san-felipe-2014\/","title":{"rendered":"Hoy al mediod\u00eda inauguran \u201cExpo Empleos AIEP San Felipe 2014\u201d"},"content":{"rendered":"<figure id=\"attachment_50727\" aria-describedby=\"caption-attachment-50727\" style=\"width: 529px\" class=\"wp-caption alignnone\"><a href=\"https:\/\/i0.wp.com\/www.eltrabajo.cl\/portal\/wp-content\/uploads\/2014\/09\/EXPO-EMPLE.jpg\"><img data-recalc-dims=\"1\" loading=\"lazy\" decoding=\"async\" class=\"size-full wp-image-50727\" alt=\"Esta ser\u00e1 ya la cuarta versi\u00f3n de la \u201cExpo Empleos AIEP San Felipe 2014\u201d. (Archivo).\" src=\"https:\/\/i0.wp.com\/www.eltrabajo.cl\/portal\/wp-content\/uploads\/2014\/09\/EXPO-EMPLE.jpg?resize=529%2C360\" width=\"529\" height=\"360\" srcset=\"https:\/\/i0.wp.com\/eltrabajo.cl\/portal\/wp-content\/uploads\/2014\/09\/EXPO-EMPLE.jpg?w=529&amp;ssl=1 529w, https:\/\/i0.wp.com\/eltrabajo.cl\/portal\/wp-content\/uploads\/2014\/09\/EXPO-EMPLE.jpg?resize=200%2C136&amp;ssl=1 200w, https:\/\/i0.wp.com\/eltrabajo.cl\/portal\/wp-content\/uploads\/2014\/09\/EXPO-EMPLE.jpg?resize=300%2C204&amp;ssl=1 300w, https:\/\/i0.wp.com\/eltrabajo.cl\/portal\/wp-content\/uploads\/2014\/09\/EXPO-EMPLE.jpg?resize=150%2C102&amp;ssl=1 150w, https:\/\/i0.wp.com\/eltrabajo.cl\/portal\/wp-content\/uploads\/2014\/09\/EXPO-EMPLE.jpg?resize=400%2C272&amp;ssl=1 400w\" sizes=\"auto, (max-width: 529px) 100vw, 529px\" \/><\/a><figcaption id=\"caption-attachment-50727\" class=\"wp-caption-text\">Esta ser\u00e1 ya la cuarta versi\u00f3n de la \u201cExpo Empleos AIEP San Felipe 2014\u201d. (Archivo).<\/figcaption><\/figure>\n<p>Para hoy jueves 4 de septiembre a partir de las 12 del d\u00eda, est\u00e1 contemplada la inauguraci\u00f3n de la IV Expo Empleos AIEP San Felipe 2014, evento organizado por dicha instituci\u00f3n de educaci\u00f3n superior junto a la Municipalidad de San Felipe y la Gobernaci\u00f3n de la Provincia.<\/p>\n<p>La actividad tendr\u00e1 lugar en la Plaza C\u00edvica de esta ciudad y su inicio est\u00e1 fijado a las 10 de la ma\u00f1ana, extendi\u00e9ndose hasta las 17,30 horas.<\/p>\n<p>La exposici\u00f3n est\u00e1 dirigida a estudiantes, t\u00e9cnicos y profesionales, y reunir\u00e1 a 30 empresas, estim\u00e1ndose que se ofertar\u00e1 m\u00e1s de 500 oportunidades de trabajo para t\u00e9cnicos y profesionales.<\/p>\n<p>As\u00ed lo manifestaron Rodrigo Valderrama, director ejecutivo de AIEP Sede San Felipe, y Javier Navarro, vicerrector de Admisi\u00f3n y Difusi\u00f3n de AIEP, quienes junto al Alcalde Patricio Freire y el Gobernador Eduardo Le\u00f3n inaugurar\u00e1n esta importante Feria Laboral el d\u00eda de hoy.<\/p>\n<p>En esta cuarta versi\u00f3n de la feria, AIEP, la gobernaci\u00f3n y el municipio han unido fuerzas para entregar oportunidades laborales de tipo part time, full time y pr\u00e1cticas profesionales. Para esto han congregado a empresas e instituciones l\u00edderes que necesitan contratar a t\u00e9cnicos y profesionales. Por ello se invita a todos quienes deseen asistir, a llevar consigo su curr\u00edculum vitae. La entrada es totalmente gratuita.<\/p>\n<p>Cabe destacar que durante la ceremonia de inauguraci\u00f3n se entregar\u00e1 el reconocimiento \u201cPremio al Empleo Joven\u201d a las empresas que m\u00e1s empleo ofrecen a la comunidad.<\/p>\n<p>&nbsp;<\/p>\n","protected":false},"excerpt":{"rendered":"<p>Para hoy jueves 4 de septiembre a partir de las 12 del d\u00eda, est\u00e1 contemplada la inauguraci\u00f3n de la IV Expo Empleos AIEP San Felipe 2014, evento organizado por dicha instituci\u00f3n de&#8230;<\/p>\n","protected":false},"author":482,"featured_media":50727,"comment_status":"open","ping_status":"closed","sticky":false,"template":"","format":"standard","meta":{"advanced_seo_description":"","jetpack_seo_html_title":"","jetpack_seo_noindex":false,"_jetpack_memberships_contains_paid_content":false,"footnotes":""},"categories":[15],"tags":[],"class_list":["post-50726","post","type-post","status-publish","format-standard","has-post-thumbnail","hentry","category-comunidad"],"jetpack_featured_media_url":"https:\/\/i0.wp.com\/eltrabajo.cl\/portal\/wp-content\/uploads\/2014\/09\/EXPO-EMPLE.jpg?fit=529%2C360&ssl=1","jetpack_sharing_enabled":true,"jetpack_likes_enabled":true,"jetpack-related-posts":[],"_links":{"self":[{"href":"https:\/\/eltrabajo.cl\/portal\/wp-json\/wp\/v2\/posts\/50726","targetHints":{"allow":["GET"]}}],"collection":[{"href":"https:\/\/eltrabajo.cl\/portal\/wp-json\/wp\/v2\/posts"}],"about":[{"href":"https:\/\/eltrabajo.cl\/portal\/wp-json\/wp\/v2\/types\/post"}],"author":[{"embeddable":true,"href":"https:\/\/eltrabajo.cl\/portal\/wp-json\/wp\/v2\/users\/482"}],"replies":[{"embeddable":true,"href":"https:\/\/eltrabajo.cl\/portal\/wp-json\/wp\/v2\/comments?post=50726"}],"version-history":[{"count":0,"href":"https:\/\/eltrabajo.cl\/portal\/wp-json\/wp\/v2\/posts\/50726\/revisions"}],"wp:featuredmedia":[{"embeddable":true,"href":"https:\/\/eltrabajo.cl\/portal\/wp-json\/wp\/v2\/media\/50727"}],"wp:attachment":[{"href":"https:\/\/eltrabajo.cl\/portal\/wp-json\/wp\/v2\/media?parent=50726"}],"wp:term":[{"taxonomy":"category","embeddable":true,"href":"https:\/\/eltrabajo.cl\/portal\/wp-json\/wp\/v2\/categories?post=50726"},{"taxonomy":"post_tag","embeddable":true,"href":"https:\/\/eltrabajo.cl\/portal\/wp-json\/wp\/v2\/tags?post=50726"}],"curies":[{"name":"wp","href":"https:\/\/api.w.org\/{rel}","templated":true}]}}