{"id":50742,"date":"2014-09-04T09:32:47","date_gmt":"2014-09-04T13:32:47","guid":{"rendered":"http:\/\/www.eltrabajo.cl\/portal\/?p=50742"},"modified":"2014-09-04T09:32:47","modified_gmt":"2014-09-04T13:32:47","slug":"buses-puma-confirma-alza-de-pasajes-y-nuevas-tarifas","status":"publish","type":"post","link":"https:\/\/eltrabajo.cl\/portal\/buses-puma-confirma-alza-de-pasajes-y-nuevas-tarifas\/","title":{"rendered":"Buses Puma confirma alza de pasajes y nuevas tarifas"},"content":{"rendered":"<figure id=\"attachment_50743\" aria-describedby=\"caption-attachment-50743\" style=\"width: 370px\" class=\"wp-caption alignleft\"><a href=\"https:\/\/i0.wp.com\/www.eltrabajo.cl\/portal\/wp-content\/uploads\/2014\/09\/Ahumada1.jpg\"><img data-recalc-dims=\"1\" loading=\"lazy\" decoding=\"async\" class=\" wp-image-50743 \" alt=\"La empresa Buses Puma confirm\u00f3 que se registrar\u00e1 un alza de pasajes en el recorrido Putaendo-San Felipe y algunos sectores rurales.\" src=\"https:\/\/i0.wp.com\/www.eltrabajo.cl\/portal\/wp-content\/uploads\/2014\/09\/Ahumada1.jpg?resize=370%2C259\" width=\"370\" height=\"259\" srcset=\"https:\/\/i0.wp.com\/eltrabajo.cl\/portal\/wp-content\/uploads\/2014\/09\/Ahumada1.jpg?w=529&amp;ssl=1 529w, https:\/\/i0.wp.com\/eltrabajo.cl\/portal\/wp-content\/uploads\/2014\/09\/Ahumada1.jpg?resize=200%2C139&amp;ssl=1 200w, https:\/\/i0.wp.com\/eltrabajo.cl\/portal\/wp-content\/uploads\/2014\/09\/Ahumada1.jpg?resize=300%2C209&amp;ssl=1 300w, https:\/\/i0.wp.com\/eltrabajo.cl\/portal\/wp-content\/uploads\/2014\/09\/Ahumada1.jpg?resize=150%2C104&amp;ssl=1 150w, https:\/\/i0.wp.com\/eltrabajo.cl\/portal\/wp-content\/uploads\/2014\/09\/Ahumada1.jpg?resize=400%2C279&amp;ssl=1 400w\" sizes=\"auto, (max-width: 370px) 100vw, 370px\" \/><\/a><figcaption id=\"caption-attachment-50743\" class=\"wp-caption-text\">La empresa Buses Puma confirm\u00f3 que se registrar\u00e1 un alza de pasajes en el recorrido Putaendo-San Felipe y algunos sectores rurales.<\/figcaption><\/figure>\n<p><strong>PUTAENDO<\/strong>.- La empresa Buses Puma confirm\u00f3 que se registrar\u00e1 un alza de pasajes en el recorrido Putaendo-San Felipe y algunos sectores rurales, corrigiendo los valores entregados hace una semana atr\u00e1s. El Vicepresidente de Buses Puma, Oscar de la Veau, se\u00f1al\u00f3 que efectivamente el alza obedece a un aumento de los precios de los combustibles y los repuestos, adem\u00e1s destac\u00f3 que hace varios a\u00f1os que Buses Puma no ha subido sus precios.<\/p>\n<p>El dirigente sostuvo que las nuevas tarifas ser\u00e1n las siguientes.<\/p>\n<p>Putaendo-San Felipe $600; Intermedio $450 o $500 (por definir); Escolar se mantiene en su tarifa actual; Adulto Mayor se mantiene en su tarifa actual<\/p>\n<p>Los recorridos de Guzmanes, Piguch\u00e9n y Poblaci\u00f3n Hidalgo, se ver\u00e1n afectados con un alza de $100 pesos, mientras que los escolares de esos sectores pagar\u00e1n la tarifa que est\u00e1 en vigencia.<\/p>\n<p>Patricio Gallardo M.<\/p>\n<p>&nbsp;<\/p>\n","protected":false},"excerpt":{"rendered":"<p>PUTAENDO.- La empresa Buses Puma confirm\u00f3 que se registrar\u00e1 un alza de pasajes en el recorrido Putaendo-San Felipe y algunos sectores rurales, corrigiendo los valores entregados hace una semana atr\u00e1s. El Vicepresidente&#8230;<\/p>\n","protected":false},"author":482,"featured_media":50743,"comment_status":"open","ping_status":"closed","sticky":false,"template":"","format":"standard","meta":{"advanced_seo_description":"","jetpack_seo_html_title":"","jetpack_seo_noindex":false,"_jetpack_memberships_contains_paid_content":false,"footnotes":""},"categories":[15],"tags":[],"class_list":["post-50742","post","type-post","status-publish","format-standard","has-post-thumbnail","hentry","category-comunidad"],"jetpack_featured_media_url":"https:\/\/i0.wp.com\/eltrabajo.cl\/portal\/wp-content\/uploads\/2014\/09\/Ahumada1.jpg?fit=529%2C370&ssl=1","jetpack_sharing_enabled":true,"jetpack_likes_enabled":true,"jetpack-related-posts":[],"_links":{"self":[{"href":"https:\/\/eltrabajo.cl\/portal\/wp-json\/wp\/v2\/posts\/50742","targetHints":{"allow":["GET"]}}],"collection":[{"href":"https:\/\/eltrabajo.cl\/portal\/wp-json\/wp\/v2\/posts"}],"about":[{"href":"https:\/\/eltrabajo.cl\/portal\/wp-json\/wp\/v2\/types\/post"}],"author":[{"embeddable":true,"href":"https:\/\/eltrabajo.cl\/portal\/wp-json\/wp\/v2\/users\/482"}],"replies":[{"embeddable":true,"href":"https:\/\/eltrabajo.cl\/portal\/wp-json\/wp\/v2\/comments?post=50742"}],"version-history":[{"count":0,"href":"https:\/\/eltrabajo.cl\/portal\/wp-json\/wp\/v2\/posts\/50742\/revisions"}],"wp:featuredmedia":[{"embeddable":true,"href":"https:\/\/eltrabajo.cl\/portal\/wp-json\/wp\/v2\/media\/50743"}],"wp:attachment":[{"href":"https:\/\/eltrabajo.cl\/portal\/wp-json\/wp\/v2\/media?parent=50742"}],"wp:term":[{"taxonomy":"category","embeddable":true,"href":"https:\/\/eltrabajo.cl\/portal\/wp-json\/wp\/v2\/categories?post=50742"},{"taxonomy":"post_tag","embeddable":true,"href":"https:\/\/eltrabajo.cl\/portal\/wp-json\/wp\/v2\/tags?post=50742"}],"curies":[{"name":"wp","href":"https:\/\/api.w.org\/{rel}","templated":true}]}}