{"id":50747,"date":"2014-09-04T09:34:43","date_gmt":"2014-09-04T13:34:43","guid":{"rendered":"http:\/\/www.eltrabajo.cl\/portal\/?p=50747"},"modified":"2014-09-04T09:34:43","modified_gmt":"2014-09-04T13:34:43","slug":"incendio-redujo-a-escombros-mediagua-en-el-campamento-de-bici-cross","status":"publish","type":"post","link":"https:\/\/eltrabajo.cl\/portal\/incendio-redujo-a-escombros-mediagua-en-el-campamento-de-bici-cross\/","title":{"rendered":"Incendio redujo a escombros mediagua en el campamento de bici-cross"},"content":{"rendered":"<figure id=\"attachment_50748\" aria-describedby=\"caption-attachment-50748\" style=\"width: 529px\" class=\"wp-caption alignnone\"><a href=\"https:\/\/i0.wp.com\/www.eltrabajo.cl\/portal\/wp-content\/uploads\/2014\/09\/Fuego1.jpg\"><img data-recalc-dims=\"1\" loading=\"lazy\" decoding=\"async\" class=\"size-full wp-image-50748\" alt=\"Una familia compuesta por tres adultos y un menor de edad resultaron damnificados a ra\u00edz de un voraz incendio que consumi\u00f3 por completo su modesta, vivienda de material ligero ubicada en el campamento de bici-cross.\" src=\"https:\/\/i0.wp.com\/www.eltrabajo.cl\/portal\/wp-content\/uploads\/2014\/09\/Fuego1.jpg?resize=529%2C387\" width=\"529\" height=\"387\" srcset=\"https:\/\/i0.wp.com\/eltrabajo.cl\/portal\/wp-content\/uploads\/2014\/09\/Fuego1.jpg?w=529&amp;ssl=1 529w, https:\/\/i0.wp.com\/eltrabajo.cl\/portal\/wp-content\/uploads\/2014\/09\/Fuego1.jpg?resize=200%2C146&amp;ssl=1 200w, https:\/\/i0.wp.com\/eltrabajo.cl\/portal\/wp-content\/uploads\/2014\/09\/Fuego1.jpg?resize=300%2C219&amp;ssl=1 300w, https:\/\/i0.wp.com\/eltrabajo.cl\/portal\/wp-content\/uploads\/2014\/09\/Fuego1.jpg?resize=150%2C109&amp;ssl=1 150w, https:\/\/i0.wp.com\/eltrabajo.cl\/portal\/wp-content\/uploads\/2014\/09\/Fuego1.jpg?resize=400%2C292&amp;ssl=1 400w\" sizes=\"auto, (max-width: 529px) 100vw, 529px\" \/><\/a><figcaption id=\"caption-attachment-50748\" class=\"wp-caption-text\">Una familia compuesta por tres adultos y un menor de edad resultaron damnificados a ra\u00edz de un voraz incendio que consumi\u00f3 por completo su modesta, vivienda de material ligero ubicada en el campamento de bici-cross.<\/figcaption><\/figure>\n<p><strong>LOS ANDES<\/strong>.- Una familia compuesta por tres adultos y un menor de edad resultaron damnificados a ra\u00edz de un voraz incendio que consumi\u00f3 por completo su modesta, vivienda de material ligero ubicada en el campamento de bici-cross. El siniestro comenz\u00f3 a eso de las 19:00 horas de este martes en la parte delantera de la fr\u00e1gil casa construida de madera y lat\u00f3n, propag\u00e1ndose en cosa de minutos a toda la estructura. En esos momentos la casa se encontraba sin moradores, por lo cual vecinos debieron llamar a Bomberos, concurriendo al lugar unidades de cuatro compa\u00f1\u00edas de Los Andes.<\/p>\n<p>A los pocos minutos lleg\u00f3 el due\u00f1o de casa, Andr\u00e9s D\u00edaz, quien arriesgando su integridad f\u00edsica pudo rescatar algunos animales que manten\u00eda en un corral en la parte posterior. Sin embargo, sus esfuerzos en parte resultaron infructuosos debido a que dos cabras murieron calcinadas. Luego de media hora de trabajo, Bomberos pudo controlar la emergencia y evitar que el fuego alcanzara las viviendas colindantes, todas construidas de material ligero. Respecto al origen de las llamas, el due\u00f1o de casa dijo que pudieron haber comenzado con una fogata mal apagada que en la tarde hab\u00edan encendido para cocinar.<\/p>\n<p>No obstante, peritos del Departamento T\u00e9cnico de Bomberos deber\u00e1n evacuar el informe respectivo al Ministerio P\u00fablico sobre las causas de este siniestro. Por otra parte, personal de la Unidad de Emergencia de la Municipalidad de Los Andes se constituy\u00f3 en el lugar a fin de brindar ayuda a los damnificados.<\/p>\n<p>&nbsp;<\/p>\n","protected":false},"excerpt":{"rendered":"<p>LOS ANDES.- Una familia compuesta por tres adultos y un menor de edad resultaron damnificados a ra\u00edz de un voraz incendio que consumi\u00f3 por completo su modesta, vivienda de material ligero ubicada&#8230;<\/p>\n","protected":false},"author":482,"featured_media":50748,"comment_status":"open","ping_status":"closed","sticky":false,"template":"","format":"standard","meta":{"advanced_seo_description":"","jetpack_seo_html_title":"","jetpack_seo_noindex":false,"_jetpack_memberships_contains_paid_content":false,"footnotes":""},"categories":[21],"tags":[],"class_list":["post-50747","post","type-post","status-publish","format-standard","has-post-thumbnail","hentry","category-policial"],"jetpack_featured_media_url":"https:\/\/i0.wp.com\/eltrabajo.cl\/portal\/wp-content\/uploads\/2014\/09\/Fuego1.jpg?fit=529%2C387&ssl=1","jetpack_sharing_enabled":true,"jetpack_likes_enabled":true,"jetpack-related-posts":[],"_links":{"self":[{"href":"https:\/\/eltrabajo.cl\/portal\/wp-json\/wp\/v2\/posts\/50747","targetHints":{"allow":["GET"]}}],"collection":[{"href":"https:\/\/eltrabajo.cl\/portal\/wp-json\/wp\/v2\/posts"}],"about":[{"href":"https:\/\/eltrabajo.cl\/portal\/wp-json\/wp\/v2\/types\/post"}],"author":[{"embeddable":true,"href":"https:\/\/eltrabajo.cl\/portal\/wp-json\/wp\/v2\/users\/482"}],"replies":[{"embeddable":true,"href":"https:\/\/eltrabajo.cl\/portal\/wp-json\/wp\/v2\/comments?post=50747"}],"version-history":[{"count":0,"href":"https:\/\/eltrabajo.cl\/portal\/wp-json\/wp\/v2\/posts\/50747\/revisions"}],"wp:featuredmedia":[{"embeddable":true,"href":"https:\/\/eltrabajo.cl\/portal\/wp-json\/wp\/v2\/media\/50748"}],"wp:attachment":[{"href":"https:\/\/eltrabajo.cl\/portal\/wp-json\/wp\/v2\/media?parent=50747"}],"wp:term":[{"taxonomy":"category","embeddable":true,"href":"https:\/\/eltrabajo.cl\/portal\/wp-json\/wp\/v2\/categories?post=50747"},{"taxonomy":"post_tag","embeddable":true,"href":"https:\/\/eltrabajo.cl\/portal\/wp-json\/wp\/v2\/tags?post=50747"}],"curies":[{"name":"wp","href":"https:\/\/api.w.org\/{rel}","templated":true}]}}