{"id":50754,"date":"2014-09-04T09:41:54","date_gmt":"2014-09-04T13:41:54","guid":{"rendered":"http:\/\/www.eltrabajo.cl\/portal\/?p=50754"},"modified":"2014-09-04T09:41:54","modified_gmt":"2014-09-04T13:41:54","slug":"lo-exhiben-como-a-vulgar-ladron-por-tres-desodorantes-que-compro","status":"publish","type":"post","link":"https:\/\/eltrabajo.cl\/portal\/lo-exhiben-como-a-vulgar-ladron-por-tres-desodorantes-que-compro\/","title":{"rendered":"Lo exhiben como a vulgar ladr\u00f3n por tres desodorantes que compr\u00f3"},"content":{"rendered":"<figure id=\"attachment_50755\" aria-describedby=\"caption-attachment-50755\" style=\"width: 370px\" class=\"wp-caption alignleft\"><a href=\"https:\/\/i0.wp.com\/www.eltrabajo.cl\/portal\/wp-content\/uploads\/2014\/09\/Boleta1.jpg\"><img data-recalc-dims=\"1\" loading=\"lazy\" decoding=\"async\" class=\" wp-image-50755 \" alt=\"PRUEBA CONTUNDENTE.- En esta boleta, tal como lo indican las flechas, se registra el pago de varios desodorantes al supermercado.\" src=\"https:\/\/i0.wp.com\/www.eltrabajo.cl\/portal\/wp-content\/uploads\/2014\/09\/Boleta1.jpg?resize=370%2C281\" width=\"370\" height=\"281\" srcset=\"https:\/\/i0.wp.com\/eltrabajo.cl\/portal\/wp-content\/uploads\/2014\/09\/Boleta1.jpg?w=529&amp;ssl=1 529w, https:\/\/i0.wp.com\/eltrabajo.cl\/portal\/wp-content\/uploads\/2014\/09\/Boleta1.jpg?resize=197%2C150&amp;ssl=1 197w, https:\/\/i0.wp.com\/eltrabajo.cl\/portal\/wp-content\/uploads\/2014\/09\/Boleta1.jpg?resize=300%2C227&amp;ssl=1 300w, https:\/\/i0.wp.com\/eltrabajo.cl\/portal\/wp-content\/uploads\/2014\/09\/Boleta1.jpg?resize=150%2C113&amp;ssl=1 150w, https:\/\/i0.wp.com\/eltrabajo.cl\/portal\/wp-content\/uploads\/2014\/09\/Boleta1.jpg?resize=400%2C303&amp;ssl=1 400w\" sizes=\"auto, (max-width: 370px) 100vw, 370px\" \/><\/a><figcaption id=\"caption-attachment-50755\" class=\"wp-caption-text\">PRUEBA CONTUNDENTE.- En esta boleta, tal como lo indican las flechas, se registra el pago de varios desodorantes al supermercado.<\/figcaption><\/figure>\n<p>Lo que era la fuente laboral para un joven que comienza sus pasos independientes a sus 20 a\u00f1os de edad, se transform\u00f3 en una pesadilla que tiene traumado a J.A.C.X., quien pidi\u00f3 expresamente que no publicaran su nombre debido a la verg\u00fcenza que la situaci\u00f3n le causa.<\/p>\n<p>J.A.C.X. trabajaba en Supermercado Santa Isabel de Alameda Yungay de San Felipe como panadero, cuando el d\u00eda martes termin\u00f3 su turno y se aprestaba a dejar el recinto. Tras la revisi\u00f3n de rutina, uno de los guardias encontr\u00f3 dentro de su bolso personal, tres desodorantes dos de ellos sin uso.<\/p>\n<figure id=\"attachment_50756\" aria-describedby=\"caption-attachment-50756\" style=\"width: 317px\" class=\"wp-caption alignright\"><a href=\"https:\/\/i0.wp.com\/www.eltrabajo.cl\/portal\/wp-content\/uploads\/2014\/09\/Humillado1.jpg\"><img data-recalc-dims=\"1\" loading=\"lazy\" decoding=\"async\" class=\" wp-image-50756 \" alt=\"HUMILLADO.- La madre y su hijo hablaron con Diario El Trabajo tras este humillante episodio al interior de Supermercado Isabel.\" src=\"https:\/\/i0.wp.com\/www.eltrabajo.cl\/portal\/wp-content\/uploads\/2014\/09\/Humillado1.jpg?resize=317%2C236\" width=\"317\" height=\"236\" srcset=\"https:\/\/i0.wp.com\/eltrabajo.cl\/portal\/wp-content\/uploads\/2014\/09\/Humillado1.jpg?w=529&amp;ssl=1 529w, https:\/\/i0.wp.com\/eltrabajo.cl\/portal\/wp-content\/uploads\/2014\/09\/Humillado1.jpg?resize=200%2C148&amp;ssl=1 200w, https:\/\/i0.wp.com\/eltrabajo.cl\/portal\/wp-content\/uploads\/2014\/09\/Humillado1.jpg?resize=300%2C223&amp;ssl=1 300w, https:\/\/i0.wp.com\/eltrabajo.cl\/portal\/wp-content\/uploads\/2014\/09\/Humillado1.jpg?resize=150%2C111&amp;ssl=1 150w, https:\/\/i0.wp.com\/eltrabajo.cl\/portal\/wp-content\/uploads\/2014\/09\/Humillado1.jpg?resize=400%2C297&amp;ssl=1 400w\" sizes=\"auto, (max-width: 317px) 100vw, 317px\" \/><\/a><figcaption id=\"caption-attachment-50756\" class=\"wp-caption-text\">HUMILLADO.- La madre y su hijo hablaron con Diario El Trabajo tras este humillante episodio al interior de Supermercado Isabel.<\/figcaption><\/figure>\n<p>Al ser requerido al respecto, J.A.C.X. dijo que los hab\u00eda adquirido. De inmediato el guardia activ\u00f3 un dispositivo por robo, ante lo cual J.A.C.X se defendi\u00f3 pidiendo la revisi\u00f3n de las c\u00e1maras ante lo que se estaba transformando en una acusaci\u00f3n inesperada. Se le pidi\u00f3 la boleta y J.A.C.X , muy nervioso ya con lo que estaba sucediendo, no la encontr\u00f3.<\/p>\n<p>Tras esa situaci\u00f3n se le escolt\u00f3 a hablar con el jefe, quien nuevamente lo cuestion\u00f3 al respecto de la boleta. El joven, quien dice que jam\u00e1s se hab\u00eda visto enfrentado a una situaci\u00f3n de esta \u00edndole, especialmente con quienes eran compa\u00f1eros habituales de trabajo, entr\u00f3 en un estado nervioso que no le permiti\u00f3 encontrar la boleta para comprobar la compra, a pesar que siempre las guarda. En seguida el jefe orden\u00f3 la presencia de Carabineros, que cuando llegaron procedieron a esposarlo. No suficiente con esto, se le oblig\u00f3 a transitar esposado por las cajas y frente a toda la gente que compraba, lo cual le caus\u00f3 una verg\u00fcenza insospechable. Pero lo peor vendr\u00eda posteriormente, ya que en pleno desarrollo de la detenci\u00f3n se present\u00f3 su madre, observando la actitud denigrante con la cual se trataba a su hijo. Debido a que la mujer hab\u00eda sido quien hab\u00eda acompa\u00f1ado en la compra de los desodorantes, tambi\u00e9n aleg\u00f3 que exist\u00edan boletas de compraventa y con m\u00e1s calma las encontr\u00f3 en la billetera de su hijo, comprobando que los tres desodorantes hab\u00edan sido adquiridos, dos en el Santa Isabel y el tercero en otro supermercado. Ante esta evidencia la actitud policial dej\u00f3 de ser tan brusca y el cuerpo de guardias y la gerencia entraron en l\u00f3gicas contradicciones. Sin embargo el proceso judicial debe continuar y por lo tanto el joven fue trasladado a un calabozo, donde estuvo dos horas y media para luego ser liberado con citaci\u00f3n a los tribunales.<\/p>\n<p>Cabe destacar que para J.A.C.X. la situaci\u00f3n escap\u00f3 a toda l\u00f3gica, especialmente cuando los responsables de perpetrarla eran sus compa\u00f1eros de trabajo. A ra\u00edz de esto dice sentirse humillado p\u00fablicamente y traumado, no descartando recurrir a acciones legales del tipo civil para requerir una indemnizaci\u00f3n, entre ellas disculpas con publicidad, ya que a su entender, las personas que lo vieron esposado ya lo individualizaron como un delincuente, y ese da\u00f1o es moral y calumnioso con publicidad.<\/p>\n<p>Diario El Trabajo habl\u00f3 v\u00eda telef\u00f3nica con Luis Ibaceta de Supermercado Santa Isabel, quien declin\u00f3 entregarnos informaci\u00f3n sobre el status laboral del joven afectado, esto en el sentido de confirmar si el mismo contin\u00faa o no laborando en dicha empresa.<\/p>\n<p>En el transcurso de ayer mi\u00e9rcoles, este ex panadero de Supermercado Santa Isabel, habr\u00eda efectuado un Auto despido de dicha empresa, acci\u00f3n que realiz\u00f3 asesorado por la oficina de la Inspecci\u00f3n del Trabajo de San Felipe.<\/p>\n<p>Roberto Mercado Aced<\/p>\n","protected":false},"excerpt":{"rendered":"<p>Lo que era la fuente laboral para un joven que comienza sus pasos independientes a sus 20 a\u00f1os de edad, se transform\u00f3 en una pesadilla que tiene traumado a J.A.C.X., quien pidi\u00f3&#8230;<\/p>\n","protected":false},"author":482,"featured_media":50755,"comment_status":"open","ping_status":"closed","sticky":false,"template":"","format":"standard","meta":{"advanced_seo_description":"","jetpack_seo_html_title":"","jetpack_seo_noindex":false,"_jetpack_memberships_contains_paid_content":false,"footnotes":""},"categories":[15],"tags":[],"class_list":["post-50754","post","type-post","status-publish","format-standard","has-post-thumbnail","hentry","category-comunidad"],"jetpack_featured_media_url":"https:\/\/i0.wp.com\/eltrabajo.cl\/portal\/wp-content\/uploads\/2014\/09\/Boleta1.jpg?fit=529%2C401&ssl=1","jetpack_sharing_enabled":true,"jetpack_likes_enabled":true,"jetpack-related-posts":[],"_links":{"self":[{"href":"https:\/\/eltrabajo.cl\/portal\/wp-json\/wp\/v2\/posts\/50754","targetHints":{"allow":["GET"]}}],"collection":[{"href":"https:\/\/eltrabajo.cl\/portal\/wp-json\/wp\/v2\/posts"}],"about":[{"href":"https:\/\/eltrabajo.cl\/portal\/wp-json\/wp\/v2\/types\/post"}],"author":[{"embeddable":true,"href":"https:\/\/eltrabajo.cl\/portal\/wp-json\/wp\/v2\/users\/482"}],"replies":[{"embeddable":true,"href":"https:\/\/eltrabajo.cl\/portal\/wp-json\/wp\/v2\/comments?post=50754"}],"version-history":[{"count":0,"href":"https:\/\/eltrabajo.cl\/portal\/wp-json\/wp\/v2\/posts\/50754\/revisions"}],"wp:featuredmedia":[{"embeddable":true,"href":"https:\/\/eltrabajo.cl\/portal\/wp-json\/wp\/v2\/media\/50755"}],"wp:attachment":[{"href":"https:\/\/eltrabajo.cl\/portal\/wp-json\/wp\/v2\/media?parent=50754"}],"wp:term":[{"taxonomy":"category","embeddable":true,"href":"https:\/\/eltrabajo.cl\/portal\/wp-json\/wp\/v2\/categories?post=50754"},{"taxonomy":"post_tag","embeddable":true,"href":"https:\/\/eltrabajo.cl\/portal\/wp-json\/wp\/v2\/tags?post=50754"}],"curies":[{"name":"wp","href":"https:\/\/api.w.org\/{rel}","templated":true}]}}