{"id":50759,"date":"2014-09-04T09:44:11","date_gmt":"2014-09-04T13:44:11","guid":{"rendered":"http:\/\/www.eltrabajo.cl\/portal\/?p=50759"},"modified":"2014-09-04T09:44:11","modified_gmt":"2014-09-04T13:44:11","slug":"abuelita-de-84-anos-muere-calcinada-en-calle-abraham-ahumada","status":"publish","type":"post","link":"https:\/\/eltrabajo.cl\/portal\/abuelita-de-84-anos-muere-calcinada-en-calle-abraham-ahumada\/","title":{"rendered":"Abuelita de 84 a\u00f1os muere calcinada en Calle Abraham Ahumada"},"content":{"rendered":"<figure id=\"attachment_50760\" aria-describedby=\"caption-attachment-50760\" style=\"width: 529px\" class=\"wp-caption alignnone\"><a href=\"https:\/\/i0.wp.com\/www.eltrabajo.cl\/portal\/wp-content\/uploads\/2014\/09\/INCENDIO-1-copia.jpg\"><img data-recalc-dims=\"1\" loading=\"lazy\" decoding=\"async\" class=\"size-full wp-image-50760\" alt=\"Aunque Bomberos trabaj\u00f3 r\u00e1pidamente, en el incendio que se desat\u00f3 en Calle Abraham Ahumada 42, a pasos de Avenida Chacabuco. (Fotos gentileza @vega_lazo).\" src=\"https:\/\/i0.wp.com\/www.eltrabajo.cl\/portal\/wp-content\/uploads\/2014\/09\/INCENDIO-1-copia.jpg?resize=529%2C380\" width=\"529\" height=\"380\" srcset=\"https:\/\/i0.wp.com\/eltrabajo.cl\/portal\/wp-content\/uploads\/2014\/09\/INCENDIO-1-copia.jpg?w=529&amp;ssl=1 529w, https:\/\/i0.wp.com\/eltrabajo.cl\/portal\/wp-content\/uploads\/2014\/09\/INCENDIO-1-copia.jpg?resize=200%2C143&amp;ssl=1 200w, https:\/\/i0.wp.com\/eltrabajo.cl\/portal\/wp-content\/uploads\/2014\/09\/INCENDIO-1-copia.jpg?resize=300%2C215&amp;ssl=1 300w, https:\/\/i0.wp.com\/eltrabajo.cl\/portal\/wp-content\/uploads\/2014\/09\/INCENDIO-1-copia.jpg?resize=150%2C107&amp;ssl=1 150w, https:\/\/i0.wp.com\/eltrabajo.cl\/portal\/wp-content\/uploads\/2014\/09\/INCENDIO-1-copia.jpg?resize=400%2C287&amp;ssl=1 400w\" sizes=\"auto, (max-width: 529px) 100vw, 529px\" \/><\/a><figcaption id=\"caption-attachment-50760\" class=\"wp-caption-text\">Aunque Bomberos trabaj\u00f3 r\u00e1pidamente, en el incendio que se desat\u00f3 en Calle Abraham Ahumada 42, a pasos de Avenida Chacabuco. (Fotos gentileza @vega_lazo).<\/figcaption><\/figure>\n<p>Pasadas las 08:30 horas de ayer mi\u00e9rcoles, un voraz incendio se desat\u00f3 en una vivienda ubicada en Calle Abraham Ahumada N\u00ba42, a pasos de Avenida Chacabuco en San Felipe. El siniestro desafortunadamente acab\u00f3 con la vida de una mujer de 84 a\u00f1os, identificada como Jovita Salinas D\u00edaz, quien falleci\u00f3 calcinada a metros de la puerta de su casa.<\/p>\n<figure id=\"attachment_50761\" aria-describedby=\"caption-attachment-50761\" style=\"width: 423px\" class=\"wp-caption alignright\"><a href=\"https:\/\/i0.wp.com\/www.eltrabajo.cl\/portal\/wp-content\/uploads\/2014\/09\/INCENDIO-2.jpg\"><img data-recalc-dims=\"1\" loading=\"lazy\" decoding=\"async\" class=\" wp-image-50761 \" alt=\"Vecinos consternados tras enterarse del deceso de la querida Jovita, quien viv\u00eda en el inmueble sola y que producto de las llamas falleci\u00f3 calcinada, pese a los esfuerzos de los voluntarios de Bomberos que controlaron el siniestro.\" src=\"https:\/\/i0.wp.com\/www.eltrabajo.cl\/portal\/wp-content\/uploads\/2014\/09\/INCENDIO-2.jpg?resize=423%2C385\" width=\"423\" height=\"385\" srcset=\"https:\/\/i0.wp.com\/eltrabajo.cl\/portal\/wp-content\/uploads\/2014\/09\/INCENDIO-2.jpg?w=529&amp;ssl=1 529w, https:\/\/i0.wp.com\/eltrabajo.cl\/portal\/wp-content\/uploads\/2014\/09\/INCENDIO-2.jpg?resize=164%2C150&amp;ssl=1 164w, https:\/\/i0.wp.com\/eltrabajo.cl\/portal\/wp-content\/uploads\/2014\/09\/INCENDIO-2.jpg?resize=300%2C272&amp;ssl=1 300w, https:\/\/i0.wp.com\/eltrabajo.cl\/portal\/wp-content\/uploads\/2014\/09\/INCENDIO-2.jpg?resize=150%2C136&amp;ssl=1 150w, https:\/\/i0.wp.com\/eltrabajo.cl\/portal\/wp-content\/uploads\/2014\/09\/INCENDIO-2.jpg?resize=400%2C363&amp;ssl=1 400w\" sizes=\"auto, (max-width: 423px) 100vw, 423px\" \/><\/a><figcaption id=\"caption-attachment-50761\" class=\"wp-caption-text\">Vecinos consternados tras enterarse del deceso de la querida Jovita, quien viv\u00eda en el inmueble sola y que producto de las llamas falleci\u00f3 calcinada, pese a los esfuerzos de los voluntarios de Bomberos que controlaron el siniestro.<\/figcaption><\/figure>\n<p><strong>\u00a0INTENT\u00d3 SALIR<\/strong><\/p>\n<p>El incendi\u00f3 debi\u00f3 ser controlado por un gran contingente de 50 voluntarios de Bomberos de la comuna, quienes sofocaron las llamas que se propagaron por toda la vivienda, evitando que se extendieran hacia otros inmuebles contiguos. Los vecinos consternados comenzaron a gritar el nombre de la querida Jovita, cuando advirtieron el incendio en su vivienda estando ella en su interior.<\/p>\n<p>Tras las operaciones del personal de cuatro compa\u00f1\u00edas de Bomberos, entre los escombros hallaron el cuerpo calcinado de Jovita, mismo que se encontraba a pasos de la entrada principal, lo que indicar\u00eda que intentaba escapar de las grandes llamas. Seg\u00fan informaci\u00f3n preliminar emitida por familiares de la occisa, \u00e9sta se encontraba viviendo sola desde alg\u00fan tiempo, desconoci\u00e9ndose el origen del fuego.<\/p>\n<p><strong>\u00a0BOMBEROS EST\u00c1N\u00a0BASTANTE DOLIDOS<\/strong><\/p>\n<p>Algunos de los vecinos del sector, desesperados por la situaci\u00f3n, trataron de poder ingresar a la vivienda antigua de material de adobe, mientras esperaban la llegada de Bomberos, la que se vio impedida por las lenguas de fuego que sal\u00edan desde el inmueble. En tanto, la gran columna de humo fue advertida por transe\u00fantes y conductores de veh\u00edculos que comenzaron a subir fotograf\u00edas y videos a las redes sociales para comunicar la tragedia.<\/p>\n<p>El Segundo Comandante de Bomberos, Juan Carlos Herrera, lament\u00f3 esta tragedia pese a que se constituyeron a los pocos minutos tras recepcionarse la alarma de incendio: \u00abDentro de las primeras b\u00fasquedas de Bomberos se encontr\u00f3 el cuerpo de esta persona calcinada por la gran cantidad de fuego que hubo en el lugar, los familiares la reconocieron y es bastante complicado para nosotros encontrar un cuerpo en ese estado. Hasta el momento no existe claridad del origen del incendio, que ser\u00e1 materia del Departamento T\u00e9cnico que determinar\u00e1 en un informe las pericias\u00bb, indic\u00f3 Herrera.<\/p>\n<p>El comandante explic\u00f3 que dentro del inmueble se encontraba una gran cantidad de material combustible, lo que origin\u00f3 el aceleramiento del fuego, considerando la antig\u00fcedad de la vivienda de adobe, tejas, ca\u00f1as y madera que se consumen f\u00e1cilmente.<\/p>\n<p>Al lugar concurri\u00f3 el Fiscal Jefe del Ministerio P\u00fablico de San Felipe, Osvaldo Basso, para ordenar las diligencias a los peritos de la Polic\u00eda de Investigaciones y Laboratorio de Criminal\u00edstica, con el objetivo de determinar el origen del incendio y si hubo o no intencionalidad, como la causa de muerte de Jovita Salinas D\u00edaz.<\/p>\n<p>\u00abConcurrimos al sitio del suceso, se logr\u00f3 confirmar la informaci\u00f3n proporcionada, efectivamente se encuentra el cuerpo sin vida de una mujer de 84 a\u00f1os y estamos a la espera de la concurrencia de la Brigada de Homicidios de la Polic\u00eda de Investigaciones de Los Andes para determinar las causas de la muerte, si hay o no intencionalidad y las circunstancias que rodearon el deceso. Por otro lado, la presencia de peritos del Laboratorio de Criminal\u00edstica de Valpara\u00edso para determinar el origen del siniestro\u00bb, subray\u00f3 el persecutor.<\/p>\n<p>Pablo Salinas Sald\u00edas<\/p>\n","protected":false},"excerpt":{"rendered":"<p>Pasadas las 08:30 horas de ayer mi\u00e9rcoles, un voraz incendio se desat\u00f3 en una vivienda ubicada en Calle Abraham Ahumada N\u00ba42, a pasos de Avenida Chacabuco en San Felipe. El siniestro desafortunadamente&#8230;<\/p>\n","protected":false},"author":482,"featured_media":50760,"comment_status":"open","ping_status":"closed","sticky":false,"template":"","format":"standard","meta":{"advanced_seo_description":"","jetpack_seo_html_title":"","jetpack_seo_noindex":false,"_jetpack_memberships_contains_paid_content":false,"footnotes":""},"categories":[21],"tags":[],"class_list":["post-50759","post","type-post","status-publish","format-standard","has-post-thumbnail","hentry","category-policial"],"jetpack_featured_media_url":"https:\/\/i0.wp.com\/eltrabajo.cl\/portal\/wp-content\/uploads\/2014\/09\/INCENDIO-1-copia.jpg?fit=529%2C380&ssl=1","jetpack_sharing_enabled":true,"jetpack_likes_enabled":true,"jetpack-related-posts":[],"_links":{"self":[{"href":"https:\/\/eltrabajo.cl\/portal\/wp-json\/wp\/v2\/posts\/50759","targetHints":{"allow":["GET"]}}],"collection":[{"href":"https:\/\/eltrabajo.cl\/portal\/wp-json\/wp\/v2\/posts"}],"about":[{"href":"https:\/\/eltrabajo.cl\/portal\/wp-json\/wp\/v2\/types\/post"}],"author":[{"embeddable":true,"href":"https:\/\/eltrabajo.cl\/portal\/wp-json\/wp\/v2\/users\/482"}],"replies":[{"embeddable":true,"href":"https:\/\/eltrabajo.cl\/portal\/wp-json\/wp\/v2\/comments?post=50759"}],"version-history":[{"count":0,"href":"https:\/\/eltrabajo.cl\/portal\/wp-json\/wp\/v2\/posts\/50759\/revisions"}],"wp:featuredmedia":[{"embeddable":true,"href":"https:\/\/eltrabajo.cl\/portal\/wp-json\/wp\/v2\/media\/50760"}],"wp:attachment":[{"href":"https:\/\/eltrabajo.cl\/portal\/wp-json\/wp\/v2\/media?parent=50759"}],"wp:term":[{"taxonomy":"category","embeddable":true,"href":"https:\/\/eltrabajo.cl\/portal\/wp-json\/wp\/v2\/categories?post=50759"},{"taxonomy":"post_tag","embeddable":true,"href":"https:\/\/eltrabajo.cl\/portal\/wp-json\/wp\/v2\/tags?post=50759"}],"curies":[{"name":"wp","href":"https:\/\/api.w.org\/{rel}","templated":true}]}}