{"id":5077,"date":"2011-10-21T08:29:00","date_gmt":"2011-10-21T12:29:00","guid":{"rendered":"http:\/\/www.eltrabajo.cl\/portal\/?p=5077"},"modified":"2011-10-21T08:29:00","modified_gmt":"2011-10-21T12:29:00","slug":"con-marcha-inician-negociacion-colectiva-trabajadores-de-cormecanica","status":"publish","type":"post","link":"https:\/\/eltrabajo.cl\/portal\/con-marcha-inician-negociacion-colectiva-trabajadores-de-cormecanica\/","title":{"rendered":"Con marcha inician negociaci\u00f3n colectiva trabajadores de Cormec\u00e1nica"},"content":{"rendered":"<figure id=\"attachment_5078\" aria-describedby=\"caption-attachment-5078\" style=\"width: 600px\" class=\"wp-caption alignnone\"><a href=\"http:\/\/www.eltrabajo.cl\/portal\/archives\/5077\/marcha-cormecanica2\" rel=\"attachment wp-att-5078\"><img data-recalc-dims=\"1\" loading=\"lazy\" decoding=\"async\" class=\"size-full wp-image-5078\" title=\"marcha-cormecanica2\" src=\"https:\/\/i0.wp.com\/www.eltrabajo.cl\/portal\/wp-content\/uploads\/2011\/10\/marcha-cormecanica2.jpg?resize=600%2C450\" alt=\"\" width=\"600\" height=\"450\" srcset=\"https:\/\/i0.wp.com\/eltrabajo.cl\/portal\/wp-content\/uploads\/2011\/10\/marcha-cormecanica2.jpg?w=600&amp;ssl=1 600w, https:\/\/i0.wp.com\/eltrabajo.cl\/portal\/wp-content\/uploads\/2011\/10\/marcha-cormecanica2.jpg?resize=200%2C150&amp;ssl=1 200w, https:\/\/i0.wp.com\/eltrabajo.cl\/portal\/wp-content\/uploads\/2011\/10\/marcha-cormecanica2.jpg?resize=300%2C225&amp;ssl=1 300w, https:\/\/i0.wp.com\/eltrabajo.cl\/portal\/wp-content\/uploads\/2011\/10\/marcha-cormecanica2.jpg?resize=150%2C112&amp;ssl=1 150w, https:\/\/i0.wp.com\/eltrabajo.cl\/portal\/wp-content\/uploads\/2011\/10\/marcha-cormecanica2.jpg?resize=400%2C300&amp;ssl=1 400w\" sizes=\"auto, (max-width: 600px) 100vw, 600px\" \/><\/a><figcaption id=\"caption-attachment-5078\" class=\"wp-caption-text\">Trabajadores de la Cormec\u00e1nica piden incremento de remuneraciones y estabilidad por los pr\u00f3ximos dos a\u00f1os, entre otros.<\/figcaption><\/figure>\n<p><strong>LOS ANDES.-<\/strong> Con una marcha desde la sede de su sindicato ubicada en la avenida Santa Teresa hasta la planta de avenida San Rafael, los trabajadores de la empresa de Cormec\u00e1nica iniciaron el proceso de negociaci\u00f3n colectiva.<\/p>\n<p>Cabe recordar que Cormec\u00e1nica, fabricantes de caja de cambios para la automotriz Renault, es una de las pocas grandes industrias que van quedando en la ciudad y cuenta en la actualidad con m\u00e1s de 400 trabajadores.<\/p>\n<p>El Presidente del Sindicato, Sergio Campos, expres\u00f3 que la intenci\u00f3n de los trabajadores es negociar en un ambiente de di\u00e1logo con la empresa.<\/p>\n<p>Campos dijo que entre las peticiones est\u00e1n el incremento de las remuneraciones y la estabilidad por los pr\u00f3ximos dos a\u00f1os.<\/p>\n<p>\u00abHoy d\u00eda la empresa se podr\u00e1 enterar de nuestro pliego de peticiones y de ah\u00ed en adelante iniciaremos las conversaciones que yo creo nos van a llevar a un muy buen pie\u00bb, afirm\u00f3.<\/p>\n<p>El dirigente se\u00f1al\u00f3 que hay tambi\u00e9n algunos temas internos que quieren mejorar y que no estuvieron contemplados en la negociaci\u00f3n colectiva anterior.<\/p>\n<p>\u00abDebo reconocer que con la empresa existe un muy buen di\u00e1logo para llegar a acuerdo y tambi\u00e9n debo resaltar que hay muy buena disposici\u00f3n de los ejecutivos de trabajar en conjunto con los trabajadores, y hasta el momento los trabajadores hemos sido socios de la empresa y as\u00ed se nos ha sido reconocido\u00bb, coment\u00f3.<\/p>\n<p>Campos manifest\u00f3 que debido al crecimiento de la producci\u00f3n de la planta se ha contratado una gran cantidad de mano de obra, pero los sueldos de los trabajadores reci\u00e9n ingresados son bajos, \u00aby por tanto queremos nivelar a esa gente y tambi\u00e9n el c\u00e1lculo de los bonos de calidad y producci\u00f3n\u00bb.<\/p>\n<p>El plazo legal para llegar a acuerdo vence el pr\u00f3ximo 31 de octubre.<\/p>\n","protected":false},"excerpt":{"rendered":"<p>LOS ANDES.- Con una marcha desde la sede de su sindicato ubicada en la avenida Santa Teresa hasta la planta de avenida San Rafael, los trabajadores de la empresa de Cormec\u00e1nica iniciaron&#8230;<\/p>\n","protected":false},"author":482,"featured_media":5078,"comment_status":"open","ping_status":"open","sticky":false,"template":"","format":"standard","meta":{"advanced_seo_description":"","jetpack_seo_html_title":"","jetpack_seo_noindex":false,"_jetpack_memberships_contains_paid_content":false,"footnotes":""},"categories":[1],"tags":[],"class_list":["post-5077","post","type-post","status-publish","format-standard","has-post-thumbnail","hentry","category-cronica"],"jetpack_featured_media_url":"https:\/\/i0.wp.com\/eltrabajo.cl\/portal\/wp-content\/uploads\/2011\/10\/marcha-cormecanica2.jpg?fit=600%2C450&ssl=1","jetpack_sharing_enabled":true,"jetpack_likes_enabled":true,"jetpack-related-posts":[],"_links":{"self":[{"href":"https:\/\/eltrabajo.cl\/portal\/wp-json\/wp\/v2\/posts\/5077","targetHints":{"allow":["GET"]}}],"collection":[{"href":"https:\/\/eltrabajo.cl\/portal\/wp-json\/wp\/v2\/posts"}],"about":[{"href":"https:\/\/eltrabajo.cl\/portal\/wp-json\/wp\/v2\/types\/post"}],"author":[{"embeddable":true,"href":"https:\/\/eltrabajo.cl\/portal\/wp-json\/wp\/v2\/users\/482"}],"replies":[{"embeddable":true,"href":"https:\/\/eltrabajo.cl\/portal\/wp-json\/wp\/v2\/comments?post=5077"}],"version-history":[{"count":0,"href":"https:\/\/eltrabajo.cl\/portal\/wp-json\/wp\/v2\/posts\/5077\/revisions"}],"wp:featuredmedia":[{"embeddable":true,"href":"https:\/\/eltrabajo.cl\/portal\/wp-json\/wp\/v2\/media\/5078"}],"wp:attachment":[{"href":"https:\/\/eltrabajo.cl\/portal\/wp-json\/wp\/v2\/media?parent=5077"}],"wp:term":[{"taxonomy":"category","embeddable":true,"href":"https:\/\/eltrabajo.cl\/portal\/wp-json\/wp\/v2\/categories?post=5077"},{"taxonomy":"post_tag","embeddable":true,"href":"https:\/\/eltrabajo.cl\/portal\/wp-json\/wp\/v2\/tags?post=5077"}],"curies":[{"name":"wp","href":"https:\/\/api.w.org\/{rel}","templated":true}]}}