{"id":50773,"date":"2014-09-05T09:04:48","date_gmt":"2014-09-05T13:04:48","guid":{"rendered":"http:\/\/www.eltrabajo.cl\/portal\/?p=50773"},"modified":"2014-09-05T09:04:48","modified_gmt":"2014-09-05T13:04:48","slug":"todo-listo-para-la-tercera-version-de-la-feria-del-olivo-2014","status":"publish","type":"post","link":"https:\/\/eltrabajo.cl\/portal\/todo-listo-para-la-tercera-version-de-la-feria-del-olivo-2014\/","title":{"rendered":"Todo listo para la tercera versi\u00f3n de la Feria del Olivo 2014"},"content":{"rendered":"<figure id=\"attachment_50774\" aria-describedby=\"caption-attachment-50774\" style=\"width: 529px\" class=\"wp-caption alignnone\"><a href=\"https:\/\/i0.wp.com\/www.eltrabajo.cl\/portal\/wp-content\/uploads\/2014\/09\/Olivo1.jpg\"><img data-recalc-dims=\"1\" loading=\"lazy\" decoding=\"async\" class=\"size-full wp-image-50774\" alt=\"La Feria del Olivo abrir\u00e1 al p\u00fablico ambos d\u00edas a las 10:00 horas, comenzando las presentaciones art\u00edsticas a las 11:00 horas, con entrada totalmente gratuita, prolong\u00e1ndose hasta las 21:00 horas.\" src=\"https:\/\/i0.wp.com\/www.eltrabajo.cl\/portal\/wp-content\/uploads\/2014\/09\/Olivo1.jpg?resize=529%2C401\" width=\"529\" height=\"401\" srcset=\"https:\/\/i0.wp.com\/eltrabajo.cl\/portal\/wp-content\/uploads\/2014\/09\/Olivo1.jpg?w=529&amp;ssl=1 529w, https:\/\/i0.wp.com\/eltrabajo.cl\/portal\/wp-content\/uploads\/2014\/09\/Olivo1.jpg?resize=197%2C150&amp;ssl=1 197w, https:\/\/i0.wp.com\/eltrabajo.cl\/portal\/wp-content\/uploads\/2014\/09\/Olivo1.jpg?resize=300%2C227&amp;ssl=1 300w, https:\/\/i0.wp.com\/eltrabajo.cl\/portal\/wp-content\/uploads\/2014\/09\/Olivo1.jpg?resize=150%2C113&amp;ssl=1 150w, https:\/\/i0.wp.com\/eltrabajo.cl\/portal\/wp-content\/uploads\/2014\/09\/Olivo1.jpg?resize=400%2C303&amp;ssl=1 400w\" sizes=\"auto, (max-width: 529px) 100vw, 529px\" \/><\/a><figcaption id=\"caption-attachment-50774\" class=\"wp-caption-text\">La Feria del Olivo abrir\u00e1 al p\u00fablico ambos d\u00edas a las 10:00 horas, comenzando las presentaciones art\u00edsticas a las 11:00 horas, con entrada totalmente gratuita, prolong\u00e1ndose hasta las 21:00 horas.<\/figcaption><\/figure>\n<p><strong>SANTA MAR\u00cdA<\/strong>.- El s\u00e1bado 6 y domingo 7 de septiembre en la explanada de la Iglesia de Santa Filomena, se efectuar\u00e1 la tercera versi\u00f3n de la Feria del Olivo 2014, en la comuna de Santa Mar\u00eda. La tercera versi\u00f3n de la Feria del Olivo, que se desarrolla con fondos del Gobierno Regional y que organiza la Municipalidad de Santa Mar\u00eda en conjunto con Sernatur, el presente a\u00f1o dispondr\u00e1 de 65 stands, 53 de ellos para productores y artesanos de la comuna y doce para artesanos destacados del resto de las comunas del Valle de Aconcagua.<\/p>\n<figure id=\"attachment_50775\" aria-describedby=\"caption-attachment-50775\" style=\"width: 317px\" class=\"wp-caption alignright\"><a href=\"https:\/\/i0.wp.com\/www.eltrabajo.cl\/portal\/wp-content\/uploads\/2014\/09\/Grupo1.jpg\"><img data-recalc-dims=\"1\" loading=\"lazy\" decoding=\"async\" class=\" wp-image-50775 \" alt=\"La agrupaci\u00f3n \u20183x7 veintiuna\u2019, promueve un tipo de cueca urbana elegante y de combate, qui\u00e9n actuar\u00e1 el s\u00e1bado 6.\" src=\"https:\/\/i0.wp.com\/www.eltrabajo.cl\/portal\/wp-content\/uploads\/2014\/09\/Grupo1.jpg?resize=317%2C193\" width=\"317\" height=\"193\" srcset=\"https:\/\/i0.wp.com\/eltrabajo.cl\/portal\/wp-content\/uploads\/2014\/09\/Grupo1.jpg?w=528&amp;ssl=1 528w, https:\/\/i0.wp.com\/eltrabajo.cl\/portal\/wp-content\/uploads\/2014\/09\/Grupo1.jpg?resize=200%2C121&amp;ssl=1 200w, https:\/\/i0.wp.com\/eltrabajo.cl\/portal\/wp-content\/uploads\/2014\/09\/Grupo1.jpg?resize=300%2C182&amp;ssl=1 300w, https:\/\/i0.wp.com\/eltrabajo.cl\/portal\/wp-content\/uploads\/2014\/09\/Grupo1.jpg?resize=150%2C91&amp;ssl=1 150w, https:\/\/i0.wp.com\/eltrabajo.cl\/portal\/wp-content\/uploads\/2014\/09\/Grupo1.jpg?resize=400%2C243&amp;ssl=1 400w\" sizes=\"auto, (max-width: 317px) 100vw, 317px\" \/><\/a><figcaption id=\"caption-attachment-50775\" class=\"wp-caption-text\">La agrupaci\u00f3n \u20183&#215;7 veintiuna\u2019, promueve un tipo de cueca urbana elegante y de combate, qui\u00e9n actuar\u00e1 el s\u00e1bado 6.<\/figcaption><\/figure>\n<p>Como en a\u00f1os anteriores, esta Feria bajo el concepto de englobar el turismo rural y el fomento productivo, busca potenciar el turismo visibilizando el trabajo de los olivicultores e integrando a los emprendedores que forman parte del programa de Fomento Productivo de la comuna, con la idea de que estos pongan a la venta sus productos elaborados artesanalmente, entre los que podemos destacar las mermeladas, licores, cremas, champ\u00fa, b\u00e1lsamo, frutos secos, entre otros.<\/p>\n<p>Durante dos d\u00edas, los microempresarios y artesanos de Santa Mar\u00eda y del Valle de Aconcagua podr\u00e1n exhibir y vender sus productos a todos los visitantes de esta feria, que este a\u00f1o podr\u00e1n participar de un gran evento musical con presentaciones de artistas locales y de renombre internacional, como Illapu, reconocido grupo chileno de m\u00fasica de ra\u00edz folcl\u00f3rica que se presentar\u00e1 el d\u00eda 7 y, \u20183&#215;7 veintiuna\u2019, agrupaci\u00f3n que promueve un tipo de cueca urbana elegante y de combate, qui\u00e9n actuar\u00e1 el s\u00e1bado 6.<\/p>\n<p>&nbsp;<\/p>\n","protected":false},"excerpt":{"rendered":"<p>SANTA MAR\u00cdA.- El s\u00e1bado 6 y domingo 7 de septiembre en la explanada de la Iglesia de Santa Filomena, se efectuar\u00e1 la tercera versi\u00f3n de la Feria del Olivo 2014, en la&#8230;<\/p>\n","protected":false},"author":482,"featured_media":50774,"comment_status":"open","ping_status":"closed","sticky":false,"template":"","format":"standard","meta":{"advanced_seo_description":"","jetpack_seo_html_title":"","jetpack_seo_noindex":false,"_jetpack_memberships_contains_paid_content":false,"footnotes":""},"categories":[15],"tags":[],"class_list":["post-50773","post","type-post","status-publish","format-standard","has-post-thumbnail","hentry","category-comunidad"],"jetpack_featured_media_url":"https:\/\/i0.wp.com\/eltrabajo.cl\/portal\/wp-content\/uploads\/2014\/09\/Olivo1.jpg?fit=529%2C401&ssl=1","jetpack_sharing_enabled":true,"jetpack_likes_enabled":true,"jetpack-related-posts":[],"_links":{"self":[{"href":"https:\/\/eltrabajo.cl\/portal\/wp-json\/wp\/v2\/posts\/50773","targetHints":{"allow":["GET"]}}],"collection":[{"href":"https:\/\/eltrabajo.cl\/portal\/wp-json\/wp\/v2\/posts"}],"about":[{"href":"https:\/\/eltrabajo.cl\/portal\/wp-json\/wp\/v2\/types\/post"}],"author":[{"embeddable":true,"href":"https:\/\/eltrabajo.cl\/portal\/wp-json\/wp\/v2\/users\/482"}],"replies":[{"embeddable":true,"href":"https:\/\/eltrabajo.cl\/portal\/wp-json\/wp\/v2\/comments?post=50773"}],"version-history":[{"count":0,"href":"https:\/\/eltrabajo.cl\/portal\/wp-json\/wp\/v2\/posts\/50773\/revisions"}],"wp:featuredmedia":[{"embeddable":true,"href":"https:\/\/eltrabajo.cl\/portal\/wp-json\/wp\/v2\/media\/50774"}],"wp:attachment":[{"href":"https:\/\/eltrabajo.cl\/portal\/wp-json\/wp\/v2\/media?parent=50773"}],"wp:term":[{"taxonomy":"category","embeddable":true,"href":"https:\/\/eltrabajo.cl\/portal\/wp-json\/wp\/v2\/categories?post=50773"},{"taxonomy":"post_tag","embeddable":true,"href":"https:\/\/eltrabajo.cl\/portal\/wp-json\/wp\/v2\/tags?post=50773"}],"curies":[{"name":"wp","href":"https:\/\/api.w.org\/{rel}","templated":true}]}}