{"id":50781,"date":"2014-09-05T09:06:59","date_gmt":"2014-09-05T13:06:59","guid":{"rendered":"http:\/\/www.eltrabajo.cl\/portal\/?p=50781"},"modified":"2014-09-05T09:06:59","modified_gmt":"2014-09-05T13:06:59","slug":"esval-realiza-renovacion-de-colector-de-aguas-servidas","status":"publish","type":"post","link":"https:\/\/eltrabajo.cl\/portal\/esval-realiza-renovacion-de-colector-de-aguas-servidas\/","title":{"rendered":"Esval realiza renovaci\u00f3n de colector de aguas servidas"},"content":{"rendered":"<figure id=\"attachment_50782\" aria-describedby=\"caption-attachment-50782\" style=\"width: 529px\" class=\"wp-caption alignnone\"><a href=\"https:\/\/i0.wp.com\/www.eltrabajo.cl\/portal\/wp-content\/uploads\/2014\/09\/esval1.jpg\"><img data-recalc-dims=\"1\" loading=\"lazy\" decoding=\"async\" class=\"size-full wp-image-50782\" alt=\"Esval se encuentra realizando la renovaci\u00f3n del colector de aguas servidas de Calle Chacabuco.\" src=\"https:\/\/i0.wp.com\/www.eltrabajo.cl\/portal\/wp-content\/uploads\/2014\/09\/esval1.jpg?resize=529%2C358\" width=\"529\" height=\"358\" srcset=\"https:\/\/i0.wp.com\/eltrabajo.cl\/portal\/wp-content\/uploads\/2014\/09\/esval1.jpg?w=529&amp;ssl=1 529w, https:\/\/i0.wp.com\/eltrabajo.cl\/portal\/wp-content\/uploads\/2014\/09\/esval1.jpg?resize=200%2C135&amp;ssl=1 200w, https:\/\/i0.wp.com\/eltrabajo.cl\/portal\/wp-content\/uploads\/2014\/09\/esval1.jpg?resize=300%2C203&amp;ssl=1 300w, https:\/\/i0.wp.com\/eltrabajo.cl\/portal\/wp-content\/uploads\/2014\/09\/esval1.jpg?resize=150%2C101&amp;ssl=1 150w, https:\/\/i0.wp.com\/eltrabajo.cl\/portal\/wp-content\/uploads\/2014\/09\/esval1.jpg?resize=400%2C270&amp;ssl=1 400w\" sizes=\"auto, (max-width: 529px) 100vw, 529px\" \/><\/a><figcaption id=\"caption-attachment-50782\" class=\"wp-caption-text\">Esval se encuentra realizando la renovaci\u00f3n del colector de aguas servidas de Calle Chacabuco.<\/figcaption><\/figure>\n<p><strong>PUTAENDO.<\/strong>&#8211; Esval se encuentra realizando la renovaci\u00f3n del colector de aguas servidas de Calle Chacabuco con un arque\u00f3logo en terreno, con la finalidad de evitar da\u00f1os en las fachadas de la zona t\u00edpica y as\u00ed evitar casos como el ocurrido con la Sra. Mar\u00eda Reyes en Calle Comercio el a\u00f1o 2012. Alejandro Romero, Gerente Zonal de Esval, se\u00f1al\u00f3 a nuestro medio que en Calle Chacabuco se est\u00e1 realizando a zanja abierta la renovaci\u00f3n del colector de aguas servidas, ya que el tramo realizado en Av. Ej\u00e9rcito Libertador fue distinto, pues se hizo con una nueva tecnolog\u00eda que evita romper la calle como hoy se est\u00e1 haciendo en Calle Chacabuco.<\/p>\n<p>Romero sostuvo que estos trabajos son muy importantes para la renovaci\u00f3n completa del colector de aguas servidas desde Calle Chacabuco hasta Av. Ej\u00e9rcito Libertador, adem\u00e1s destac\u00f3 el hecho que hoy no tan solo se cuenta con los permisos municipales, sino que con las autorizaciones del Consejo de Monumentos Nacionales, ya que estos trabajos se desarrollan en la zona t\u00edpica, por lo que Esval ha contratado un arque\u00f3logo que en terreno verifica que todos los trabajos se realicen dentro de la normativa correspondiente que exige la Ley 17.288 de Monumentos Nacionales, para que por ejemplo, las obras no perjudique las fachadas de las viviendas como lamentablemente ocurri\u00f3 en Calle Comercio, en un compromiso de Esval con el patrimonio de Putaendo y evitar que ocurran hechos lamentables como los que afectaron a la Sra. Mar\u00eda Reyes en noviembre de 2012.<\/p>\n<p>Al respecto, Alejandro Romero asegur\u00f3 que de las cosas malas hay que sacar lecciones y que a ra\u00edz de aquello, esta vez Esval ha asumido un compromiso tanto con el patrimonio de la comuna como tambi\u00e9n con los vecinos.<\/p>\n<p>Patricio Gallardo M.<\/p>\n<p>&nbsp;<\/p>\n","protected":false},"excerpt":{"rendered":"<p>PUTAENDO.&#8211; Esval se encuentra realizando la renovaci\u00f3n del colector de aguas servidas de Calle Chacabuco con un arque\u00f3logo en terreno, con la finalidad de evitar da\u00f1os en las fachadas de la zona&#8230;<\/p>\n","protected":false},"author":482,"featured_media":50782,"comment_status":"open","ping_status":"closed","sticky":false,"template":"","format":"standard","meta":{"advanced_seo_description":"","jetpack_seo_html_title":"","jetpack_seo_noindex":false,"_jetpack_memberships_contains_paid_content":false,"footnotes":""},"categories":[15],"tags":[],"class_list":["post-50781","post","type-post","status-publish","format-standard","has-post-thumbnail","hentry","category-comunidad"],"jetpack_featured_media_url":"https:\/\/i0.wp.com\/eltrabajo.cl\/portal\/wp-content\/uploads\/2014\/09\/esval1.jpg?fit=529%2C358&ssl=1","jetpack_sharing_enabled":true,"jetpack_likes_enabled":true,"jetpack-related-posts":[],"_links":{"self":[{"href":"https:\/\/eltrabajo.cl\/portal\/wp-json\/wp\/v2\/posts\/50781","targetHints":{"allow":["GET"]}}],"collection":[{"href":"https:\/\/eltrabajo.cl\/portal\/wp-json\/wp\/v2\/posts"}],"about":[{"href":"https:\/\/eltrabajo.cl\/portal\/wp-json\/wp\/v2\/types\/post"}],"author":[{"embeddable":true,"href":"https:\/\/eltrabajo.cl\/portal\/wp-json\/wp\/v2\/users\/482"}],"replies":[{"embeddable":true,"href":"https:\/\/eltrabajo.cl\/portal\/wp-json\/wp\/v2\/comments?post=50781"}],"version-history":[{"count":0,"href":"https:\/\/eltrabajo.cl\/portal\/wp-json\/wp\/v2\/posts\/50781\/revisions"}],"wp:featuredmedia":[{"embeddable":true,"href":"https:\/\/eltrabajo.cl\/portal\/wp-json\/wp\/v2\/media\/50782"}],"wp:attachment":[{"href":"https:\/\/eltrabajo.cl\/portal\/wp-json\/wp\/v2\/media?parent=50781"}],"wp:term":[{"taxonomy":"category","embeddable":true,"href":"https:\/\/eltrabajo.cl\/portal\/wp-json\/wp\/v2\/categories?post=50781"},{"taxonomy":"post_tag","embeddable":true,"href":"https:\/\/eltrabajo.cl\/portal\/wp-json\/wp\/v2\/tags?post=50781"}],"curies":[{"name":"wp","href":"https:\/\/api.w.org\/{rel}","templated":true}]}}