{"id":50784,"date":"2014-09-05T09:09:01","date_gmt":"2014-09-05T13:09:01","guid":{"rendered":"http:\/\/www.eltrabajo.cl\/portal\/?p=50784"},"modified":"2014-09-05T09:09:01","modified_gmt":"2014-09-05T13:09:01","slug":"escuela-elisa-lattapiat-realiza-campeonato-inter-escolar-de-cueca-infantil","status":"publish","type":"post","link":"https:\/\/eltrabajo.cl\/portal\/escuela-elisa-lattapiat-realiza-campeonato-inter-escolar-de-cueca-infantil\/","title":{"rendered":"Escuela Elisa Lattapiat realiza Campeonato inter-escolar de cueca infantil"},"content":{"rendered":"<figure id=\"attachment_50785\" aria-describedby=\"caption-attachment-50785\" style=\"width: 529px\" class=\"wp-caption alignnone\"><a href=\"https:\/\/i0.wp.com\/www.eltrabajo.cl\/portal\/wp-content\/uploads\/2014\/09\/Cuecas1.jpg\"><img data-recalc-dims=\"1\" loading=\"lazy\" decoding=\"async\" class=\"size-full wp-image-50785\" alt=\"LLEGAN LAS FIESTAS.- Este campeonato de cueca que est\u00e1 enmarcado dentro de las actividades por Fiestas Patrias del municipio llaylla\u00edno, y que da el vamos a los festejos de septiembre.\" src=\"https:\/\/i0.wp.com\/www.eltrabajo.cl\/portal\/wp-content\/uploads\/2014\/09\/Cuecas1.jpg?resize=529%2C401\" width=\"529\" height=\"401\" srcset=\"https:\/\/i0.wp.com\/eltrabajo.cl\/portal\/wp-content\/uploads\/2014\/09\/Cuecas1.jpg?w=529&amp;ssl=1 529w, https:\/\/i0.wp.com\/eltrabajo.cl\/portal\/wp-content\/uploads\/2014\/09\/Cuecas1.jpg?resize=197%2C150&amp;ssl=1 197w, https:\/\/i0.wp.com\/eltrabajo.cl\/portal\/wp-content\/uploads\/2014\/09\/Cuecas1.jpg?resize=300%2C227&amp;ssl=1 300w, https:\/\/i0.wp.com\/eltrabajo.cl\/portal\/wp-content\/uploads\/2014\/09\/Cuecas1.jpg?resize=150%2C113&amp;ssl=1 150w, https:\/\/i0.wp.com\/eltrabajo.cl\/portal\/wp-content\/uploads\/2014\/09\/Cuecas1.jpg?resize=400%2C303&amp;ssl=1 400w\" sizes=\"auto, (max-width: 529px) 100vw, 529px\" \/><\/a><figcaption id=\"caption-attachment-50785\" class=\"wp-caption-text\">LLEGAN LAS FIESTAS.- Este campeonato de cueca que est\u00e1 enmarcado dentro de las actividades por Fiestas Patrias del municipio llaylla\u00edno, y que da el vamos a los festejos de septiembre.<\/figcaption><\/figure>\n<p><strong>LLAY LLAY<\/strong>.- Representantes de escuelas b\u00e1sicas y jardines infantiles del sistema p\u00fablico y privado de la comuna, participaron en la actividad que hace cuatro a\u00f1os organiza la Escuela Elisa Lattapiat. Un campeonato de cueca que est\u00e1 enmarcado dentro de las actividades por Fiestas Patrias del municipio llaylla\u00edno, y que da el vamos a los festejos de septiembre.<\/p>\n<figure id=\"attachment_50786\" aria-describedby=\"caption-attachment-50786\" style=\"width: 317px\" class=\"wp-caption alignright\"><a href=\"https:\/\/i0.wp.com\/www.eltrabajo.cl\/portal\/wp-content\/uploads\/2014\/09\/Campeones1.jpg\"><img data-recalc-dims=\"1\" loading=\"lazy\" decoding=\"async\" class=\" wp-image-50786 \" alt=\"LOS MEJORES.- Estos son los peque\u00f1itos que ganaron por la categor\u00eda pre-k\u00ednder del Campeonato inter-escolar de cueca infantil 2014.\" src=\"https:\/\/i0.wp.com\/www.eltrabajo.cl\/portal\/wp-content\/uploads\/2014\/09\/Campeones1.jpg?resize=317%2C335\" width=\"317\" height=\"335\" srcset=\"https:\/\/i0.wp.com\/eltrabajo.cl\/portal\/wp-content\/uploads\/2014\/09\/Campeones1.jpg?w=529&amp;ssl=1 529w, https:\/\/i0.wp.com\/eltrabajo.cl\/portal\/wp-content\/uploads\/2014\/09\/Campeones1.jpg?resize=141%2C150&amp;ssl=1 141w, https:\/\/i0.wp.com\/eltrabajo.cl\/portal\/wp-content\/uploads\/2014\/09\/Campeones1.jpg?resize=283%2C300&amp;ssl=1 283w, https:\/\/i0.wp.com\/eltrabajo.cl\/portal\/wp-content\/uploads\/2014\/09\/Campeones1.jpg?resize=400%2C422&amp;ssl=1 400w\" sizes=\"auto, (max-width: 317px) 100vw, 317px\" \/><\/a><figcaption id=\"caption-attachment-50786\" class=\"wp-caption-text\">LOS MEJORES.- Estos son los peque\u00f1itos que ganaron por la categor\u00eda pre-k\u00ednder del Campeonato inter-escolar de cueca infantil 2014.<\/figcaption><\/figure>\n<p>El evento convoc\u00f3 a numeroso p\u00fablico, la mayor parte compuesto por apoderados de los diferentes establecimientos. Tambi\u00e9n estuvieron presentes algunos directores de las escuelas, profesores y por parte de las autoridades comunales y la Concejal Margarita Puebla.<\/p>\n<p>EL anfitri\u00f3n de la jornada, el Director de la Escuela Elisa Lattapiat, Manuel Poblete, dijo sentirse muy contento y orgulloso del resultado del concurso de cueca, que se llev\u00f3 a cabo con \u00e9xito a pesar de la fina lluvia del momento. \u201cnos tuvimos que acomodar a las circunstancias y trasladarnos con todo a la parte techada del patio. Fueron 30 parejas desde pre-k\u00ednder a octavo b\u00e1sico y lo dividimos por ciclos, para los jardines infantiles, ni\u00f1os de primero a cuarto b\u00e1sico y de quinto al octavo b\u00e1sico\u201d.<\/p>\n<p>La Concejal Margarita Puebla nos cont\u00f3 que ella es invitada por los apoderados y cuerpo docente desde el a\u00f1o 2011, que fue cuando se inicio este campeonato, \u201cdesde ah\u00ed todos los a\u00f1os me hago presente\u201d. En categor\u00eda pre-k\u00ednder, la pareja del Jard\u00edn infantil Semillitas de amor, del sector rural Las Palmas, obtuvo el primer lugar. Los ganadores del primer ciclo fue la pareja conformada por Valeria Ibacache y Francisco Villal\u00f3n, de la Escuela Elisa Lattapiat. Campeones del segundo ciclo fue la pareja conformada por Mat\u00edas D\u00edaz y Constanza Gonz\u00e1lez, de la Escuela Agust\u00edn Edwards.<\/p>\n<p>La Escuela municipal Elisa Lattapiat fue fundada en 1911 y atiende a 214 alumnos, muchos de ellos con necesidades educativas especiales. Cuenta con profesionales de diferentes especialidades orientadas a brindar una mejor educaci\u00f3n a los estudiantes.<\/p>\n<p>&nbsp;<\/p>\n","protected":false},"excerpt":{"rendered":"<p>LLAY LLAY.- Representantes de escuelas b\u00e1sicas y jardines infantiles del sistema p\u00fablico y privado de la comuna, participaron en la actividad que hace cuatro a\u00f1os organiza la Escuela Elisa Lattapiat. Un campeonato&#8230;<\/p>\n","protected":false},"author":482,"featured_media":50785,"comment_status":"open","ping_status":"closed","sticky":false,"template":"","format":"standard","meta":{"advanced_seo_description":"","jetpack_seo_html_title":"","jetpack_seo_noindex":false,"_jetpack_memberships_contains_paid_content":false,"footnotes":""},"categories":[15],"tags":[],"class_list":["post-50784","post","type-post","status-publish","format-standard","has-post-thumbnail","hentry","category-comunidad"],"jetpack_featured_media_url":"https:\/\/i0.wp.com\/eltrabajo.cl\/portal\/wp-content\/uploads\/2014\/09\/Cuecas1.jpg?fit=529%2C401&ssl=1","jetpack_sharing_enabled":true,"jetpack_likes_enabled":true,"jetpack-related-posts":[],"_links":{"self":[{"href":"https:\/\/eltrabajo.cl\/portal\/wp-json\/wp\/v2\/posts\/50784","targetHints":{"allow":["GET"]}}],"collection":[{"href":"https:\/\/eltrabajo.cl\/portal\/wp-json\/wp\/v2\/posts"}],"about":[{"href":"https:\/\/eltrabajo.cl\/portal\/wp-json\/wp\/v2\/types\/post"}],"author":[{"embeddable":true,"href":"https:\/\/eltrabajo.cl\/portal\/wp-json\/wp\/v2\/users\/482"}],"replies":[{"embeddable":true,"href":"https:\/\/eltrabajo.cl\/portal\/wp-json\/wp\/v2\/comments?post=50784"}],"version-history":[{"count":0,"href":"https:\/\/eltrabajo.cl\/portal\/wp-json\/wp\/v2\/posts\/50784\/revisions"}],"wp:featuredmedia":[{"embeddable":true,"href":"https:\/\/eltrabajo.cl\/portal\/wp-json\/wp\/v2\/media\/50785"}],"wp:attachment":[{"href":"https:\/\/eltrabajo.cl\/portal\/wp-json\/wp\/v2\/media?parent=50784"}],"wp:term":[{"taxonomy":"category","embeddable":true,"href":"https:\/\/eltrabajo.cl\/portal\/wp-json\/wp\/v2\/categories?post=50784"},{"taxonomy":"post_tag","embeddable":true,"href":"https:\/\/eltrabajo.cl\/portal\/wp-json\/wp\/v2\/tags?post=50784"}],"curies":[{"name":"wp","href":"https:\/\/api.w.org\/{rel}","templated":true}]}}