{"id":50800,"date":"2014-09-05T09:13:07","date_gmt":"2014-09-05T13:13:07","guid":{"rendered":"http:\/\/www.eltrabajo.cl\/portal\/?p=50800"},"modified":"2014-09-05T09:13:07","modified_gmt":"2014-09-05T13:13:07","slug":"vecina-necesita-3-millones-para-operacion-que-le-permita-recuperar-la-vista","status":"publish","type":"post","link":"https:\/\/eltrabajo.cl\/portal\/vecina-necesita-3-millones-para-operacion-que-le-permita-recuperar-la-vista\/","title":{"rendered":"Vecina necesita $3 millones para operaci\u00f3n que le permita recuperar la vista"},"content":{"rendered":"<figure id=\"attachment_50801\" aria-describedby=\"caption-attachment-50801\" style=\"width: 370px\" class=\"wp-caption alignleft\"><a href=\"https:\/\/i0.wp.com\/www.eltrabajo.cl\/portal\/wp-content\/uploads\/2014\/09\/Carmen-Martinez.jpg\"><img data-recalc-dims=\"1\" loading=\"lazy\" decoding=\"async\" class=\" wp-image-50801 \" alt=\"AYUDEMOS.- Los interesados en poder ayudar a la se\u00f1ora Carmen Mart\u00ednez Vergara se pueden comunicar directamente al tel\u00e9fono 94264974.\" src=\"https:\/\/i0.wp.com\/www.eltrabajo.cl\/portal\/wp-content\/uploads\/2014\/09\/Carmen-Martinez.jpg?resize=370%2C419\" width=\"370\" height=\"419\" srcset=\"https:\/\/i0.wp.com\/eltrabajo.cl\/portal\/wp-content\/uploads\/2014\/09\/Carmen-Martinez.jpg?w=529&amp;ssl=1 529w, https:\/\/i0.wp.com\/eltrabajo.cl\/portal\/wp-content\/uploads\/2014\/09\/Carmen-Martinez.jpg?resize=132%2C150&amp;ssl=1 132w, https:\/\/i0.wp.com\/eltrabajo.cl\/portal\/wp-content\/uploads\/2014\/09\/Carmen-Martinez.jpg?resize=265%2C300&amp;ssl=1 265w, https:\/\/i0.wp.com\/eltrabajo.cl\/portal\/wp-content\/uploads\/2014\/09\/Carmen-Martinez.jpg?resize=400%2C452&amp;ssl=1 400w\" sizes=\"auto, (max-width: 370px) 100vw, 370px\" \/><\/a><figcaption id=\"caption-attachment-50801\" class=\"wp-caption-text\">AYUDEMOS.- Los interesados en poder ayudar a la se\u00f1ora Carmen Mart\u00ednez Vergara se pueden comunicar directamente al tel\u00e9fono 94264974.<\/figcaption><\/figure>\n<p><strong>PUTAENDO.<\/strong>&#8211; La se\u00f1ora Carmen Mart\u00ednez Vergara, de 43 a\u00f1os y quien vive en Poblaci\u00f3n Do\u00f1a Javiera Carrera, necesita \u00b7$3 millones para someterse a una operaci\u00f3n que le permita recuperar la vista. Do\u00f1a Carmen desde hace 18 a\u00f1os sufre de diabetes, y hace cerca de tres a\u00f1os comenz\u00f3 a perder la visi\u00f3n, y hoy, hace cerca ya de dos a\u00f1os, s\u00f3lo ve peque\u00f1as sombras y pr\u00e1cticamente debe desplazarse con el apoyo de terceros, pues su visi\u00f3n ya es nula.<\/p>\n<p>La se\u00f1ora Carmen sufre de una retinopat\u00eda, desprendimiento de retina y cataratas, y hoy una operaci\u00f3n permitir\u00eda que le fuesen instalados dos lentes dentro de sus ojos para poder recuperar su visi\u00f3n, operaciones que tendr\u00edan un costo cercano a $1.500.000 por cada ojo.<\/p>\n<p>Sus familiares y amigos han comenzado a desarrollar varias actividades como baby-f\u00fatbol, que ya se desarrollaron el fin de semana pasado y un cuadrangular programado para este fin de semana. Lamentablemente los plazos para someterse a esta operaci\u00f3n se van acabando, ya que los facultativos m\u00e9dicos le han se\u00f1alado que debe operarse lo antes posible, antes que su enfermedad vaya lamentablemente avanzando, y despu\u00e9s no sea posible realizar estas intervenciones.<\/p>\n<p><strong>\u00abCON S\u00d3LO UNO\u00bb<\/strong><\/p>\n<p>Carmen Mart\u00ednez pertenece a una humilde familia y con mucho esfuerzo han logrado salir adelante, y al visitarla en su hogar nos se\u00f1al\u00f3 que su gran anhelo es poder ver a su nieto Alonso, quien hoy tiene un a\u00f1o siete meses, y a su otro nieto de diez meses, los cuales nunca les ha podido ver su rostro, por lo que con mucha humildad e incluso visiblemente emocionada pidi\u00f3 a la comunidad que por favor le tiendan la mano con cualquier tipo de ayuda econ\u00f3mica o premios que permitan realizar la actividad para juntar a lo menos un $1.500.000, pues dijo que oper\u00e1ndose de un ojo y recuperando la visi\u00f3n, con s\u00f3lo en uno ser\u00eda la mujer m\u00e1s feliz del mundo.<\/p>\n<p>Patricio Gallardo M.<\/p>\n<p>&nbsp;<\/p>\n","protected":false},"excerpt":{"rendered":"<p>PUTAENDO.&#8211; La se\u00f1ora Carmen Mart\u00ednez Vergara, de 43 a\u00f1os y quien vive en Poblaci\u00f3n Do\u00f1a Javiera Carrera, necesita \u00b7$3 millones para someterse a una operaci\u00f3n que le permita recuperar la vista. Do\u00f1a&#8230;<\/p>\n","protected":false},"author":482,"featured_media":50801,"comment_status":"open","ping_status":"closed","sticky":false,"template":"","format":"standard","meta":{"advanced_seo_description":"","jetpack_seo_html_title":"","jetpack_seo_noindex":false,"_jetpack_memberships_contains_paid_content":false,"footnotes":""},"categories":[15],"tags":[],"class_list":["post-50800","post","type-post","status-publish","format-standard","has-post-thumbnail","hentry","category-comunidad"],"jetpack_featured_media_url":"https:\/\/i0.wp.com\/eltrabajo.cl\/portal\/wp-content\/uploads\/2014\/09\/Carmen-Martinez.jpg?fit=529%2C598&ssl=1","jetpack_sharing_enabled":true,"jetpack_likes_enabled":true,"jetpack-related-posts":[],"_links":{"self":[{"href":"https:\/\/eltrabajo.cl\/portal\/wp-json\/wp\/v2\/posts\/50800","targetHints":{"allow":["GET"]}}],"collection":[{"href":"https:\/\/eltrabajo.cl\/portal\/wp-json\/wp\/v2\/posts"}],"about":[{"href":"https:\/\/eltrabajo.cl\/portal\/wp-json\/wp\/v2\/types\/post"}],"author":[{"embeddable":true,"href":"https:\/\/eltrabajo.cl\/portal\/wp-json\/wp\/v2\/users\/482"}],"replies":[{"embeddable":true,"href":"https:\/\/eltrabajo.cl\/portal\/wp-json\/wp\/v2\/comments?post=50800"}],"version-history":[{"count":0,"href":"https:\/\/eltrabajo.cl\/portal\/wp-json\/wp\/v2\/posts\/50800\/revisions"}],"wp:featuredmedia":[{"embeddable":true,"href":"https:\/\/eltrabajo.cl\/portal\/wp-json\/wp\/v2\/media\/50801"}],"wp:attachment":[{"href":"https:\/\/eltrabajo.cl\/portal\/wp-json\/wp\/v2\/media?parent=50800"}],"wp:term":[{"taxonomy":"category","embeddable":true,"href":"https:\/\/eltrabajo.cl\/portal\/wp-json\/wp\/v2\/categories?post=50800"},{"taxonomy":"post_tag","embeddable":true,"href":"https:\/\/eltrabajo.cl\/portal\/wp-json\/wp\/v2\/tags?post=50800"}],"curies":[{"name":"wp","href":"https:\/\/api.w.org\/{rel}","templated":true}]}}