{"id":50804,"date":"2014-09-05T09:15:13","date_gmt":"2014-09-05T13:15:13","guid":{"rendered":"http:\/\/www.eltrabajo.cl\/portal\/?p=50804"},"modified":"2014-09-05T09:15:13","modified_gmt":"2014-09-05T13:15:13","slug":"mas-de-1-200-empleos-ofrecio-la-4a-expo-feria-laboral-del-aiep","status":"publish","type":"post","link":"https:\/\/eltrabajo.cl\/portal\/mas-de-1-200-empleos-ofrecio-la-4a-expo-feria-laboral-del-aiep\/","title":{"rendered":"M\u00e1s de 1.200 empleos ofreci\u00f3 la 4\u00aa Expo-feria laboral del AIEP"},"content":{"rendered":"<figure id=\"attachment_50805\" aria-describedby=\"caption-attachment-50805\" style=\"width: 529px\" class=\"wp-caption alignnone\"><a href=\"https:\/\/i0.wp.com\/www.eltrabajo.cl\/portal\/wp-content\/uploads\/2014\/09\/Corte-Cinta.jpg\"><img data-recalc-dims=\"1\" loading=\"lazy\" decoding=\"async\" class=\"size-full wp-image-50805\" alt=\"Los directivos del Instituto AIEP junto a las autoridades de la comuna de San Felipe en el tradicional corte de cinta dieron el Vamos a la cuarta edici\u00f3n de la Expo Laboral 2014.\" src=\"https:\/\/i0.wp.com\/www.eltrabajo.cl\/portal\/wp-content\/uploads\/2014\/09\/Corte-Cinta.jpg?resize=529%2C401\" width=\"529\" height=\"401\" srcset=\"https:\/\/i0.wp.com\/eltrabajo.cl\/portal\/wp-content\/uploads\/2014\/09\/Corte-Cinta.jpg?w=529&amp;ssl=1 529w, https:\/\/i0.wp.com\/eltrabajo.cl\/portal\/wp-content\/uploads\/2014\/09\/Corte-Cinta.jpg?resize=197%2C150&amp;ssl=1 197w, https:\/\/i0.wp.com\/eltrabajo.cl\/portal\/wp-content\/uploads\/2014\/09\/Corte-Cinta.jpg?resize=300%2C227&amp;ssl=1 300w, https:\/\/i0.wp.com\/eltrabajo.cl\/portal\/wp-content\/uploads\/2014\/09\/Corte-Cinta.jpg?resize=150%2C113&amp;ssl=1 150w, https:\/\/i0.wp.com\/eltrabajo.cl\/portal\/wp-content\/uploads\/2014\/09\/Corte-Cinta.jpg?resize=400%2C303&amp;ssl=1 400w\" sizes=\"auto, (max-width: 529px) 100vw, 529px\" \/><\/a><figcaption id=\"caption-attachment-50805\" class=\"wp-caption-text\">Los directivos del Instituto AIEP junto a las autoridades de la comuna de San Felipe en el tradicional corte de cinta dieron el Vamos a la cuarta edici\u00f3n de la Expo Laboral 2014.<\/figcaption><\/figure>\n<p>Por cuarto a\u00f1o consecutivo estudiantes t\u00e9cnicos y profesionales, tuvieron acceso de manera gratuita a postular a m\u00e1s de 1.200 empleos que ofrecieron 30 empresas en el marco de la feria Expo Laboral, organizada por el Instituto AIEP en la Plaza C\u00edvica de San Felipe.<\/p>\n<p>El evento que se extendi\u00f3 hasta las 17:00 horas de ayer jueves, centenares de personas, en su mayor\u00eda estudiantes, se desplazaron por los distintos m\u00f3dulos para hacer entrega de sus antecedentes personales por medio de un curriculum que incluso pod\u00eda ser impreso en el mismo lugar, para favorecer a los futuros trabajadores que pod\u00edan escoger una amplia gama de oportunidades de empleo dentro de la zona.<\/p>\n<p>Empresas como Codelco; Indumac; Sodimac; Termas del coraz\u00f3n; Agr\u00edcola R\u00edo Blanco; Enjoy Santiago; Conservera Pentzke y la C\u00e1mara de Comercio entre otras, atendieron los requerimientos en sus m\u00f3dulos a la comunidad para optar a ofertas de empleos administrativos, ventas, promoci\u00f3n y pr\u00e1cticas laborales.<\/p>\n<p>Previo al tradicional corte de cinta, el Vicerrector de Admisi\u00f3n y Difusi\u00f3n del Instituto Profesional AIEP, Javier Navarro, agradeci\u00f3 la presencia de los estudiantes, profesionales y comunidad en general, por la presencia en esta importante iniciativa que cont\u00f3 con el apoyo del Gobernador Provincial, Eduardo Le\u00f3n y el Alcalde Patricio Freire, cuyo prop\u00f3sito persigue revertir los \u00edndices de desempleo en la zona y brindar oportunidades a las nuevas generaciones de estudiantes y ciudadanos desempleados.<\/p>\n<p>Por su parte el Director Ejecutivo del AIEP, Rodrigo Valderrama, catalog\u00f3 la Expo Laboral como exitosa tras la gran cantidad de personas que la han visitado lo que refleja un claro inter\u00e9s en la b\u00fasqueda de oportunidades laborales y que dentro de estas cuatros ediciones el n\u00famero de empresas asociadas ha ido en aumento.<\/p>\n<p>\u201cContamos con varias instituciones hoy en d\u00eda y m\u00e1s de 1.200 ofertas laborales concretas ya sea para part-time, full-time, pr\u00e1cticas profesionales y temporales. Estamos muy contentos por la afluencia que hemos tenido, la recepci\u00f3n de la comunidad por la ayuda de la gobernaci\u00f3n, por el compromiso y apoyo que tenemos con la Municipalidad para que este Expo Empleo haya tenido el \u00e9xito\u201d indic\u00f3 a Diario El Trabajo Rodrigo Valderrama.<\/p>\n<p>Como pol\u00edtica institucional, AIEP desarrolla estas oportunidades laborales desde la ciudad de Calama hasta Puerto Montt, siendo San Felipe su cuarta edici\u00f3n ayer jueves en forma absolutamente gratuita, \u201cm\u00e1s all\u00e1 que nuestro alumnos que tenemos para formar y educar hay que ser responsables para generar espacios para que ellos puedan emplearse y como lo dijo el vicerrector de cada 19 estudiantes de AIEP en su primer a\u00f1o ya encuentran empleos, en ese sentido nosotros estamos muy comprometidos con la empleabilidad de la zona\u201d, agreg\u00f3 Valderrama.<\/p>\n<p>Durante la intervenci\u00f3n, los organizadores entregaron un reconocimiento a la empresa R\u00edo Blanco, por su permanencia durante estos cuatro a\u00f1os como premio al \u2018Empleo joven\u2019 adem\u00e1s de una distinci\u00f3n al Gobernador Eduardo Le\u00f3n y el Alcalde Patricio Freire.<\/p>\n<p>Pablo Salinas Sald\u00edas<\/p>\n<div class=\"tiled-gallery type-rectangular tiled-gallery-unresized\" data-original-width=\"640\" data-carousel-extra='null' itemscope itemtype=\"http:\/\/schema.org\/ImageGallery\" > <div class=\"gallery-row\" style=\"width: 640px; height: 453px;\" data-original-width=\"640\" data-original-height=\"453\" > <div class=\"gallery-group images-2\" style=\"width: 297px; height: 453px;\" data-original-width=\"297\" data-original-height=\"453\" > <div class=\"tiled-gallery-item tiled-gallery-item-large\" itemprop=\"associatedMedia\" itemscope itemtype=\"http:\/\/schema.org\/ImageObject\"> <a href=\"https:\/\/eltrabajo.cl\/portal\/mas-de-1-200-empleos-ofrecio-la-4a-expo-feria-laboral-del-aiep\/publico-1\/\" border=\"0\" itemprop=\"url\"> <meta itemprop=\"width\" content=\"293\"> <meta itemprop=\"height\" content=\"222\"> <img decoding=\"async\" class=\"\" data-attachment-id=\"50806\" data-orig-file=\"https:\/\/eltrabajo.cl\/portal\/wp-content\/uploads\/2014\/09\/Publico-1.jpg\" data-orig-size=\"529,401\" data-comments-opened=\"1\" data-image-meta=\"{&quot;aperture&quot;:&quot;0&quot;,&quot;credit&quot;:&quot;&quot;,&quot;camera&quot;:&quot;&quot;,&quot;caption&quot;:&quot;&quot;,&quot;created_timestamp&quot;:&quot;0&quot;,&quot;copyright&quot;:&quot;&quot;,&quot;focal_length&quot;:&quot;0&quot;,&quot;iso&quot;:&quot;0&quot;,&quot;shutter_speed&quot;:&quot;0&quot;,&quot;title&quot;:&quot;&quot;}\" data-image-title=\"Publico 1\" data-image-description=\"&lt;p&gt;Un gran n\u00famero de estudiantes y profesionales visitaron los stands ubicados en la Plaza C\u00edvica el d\u00eda de ayer jueves desde las 10:00 horas hasta las 17:00 horas, para entregar sus curriculum y postular a una gama de empleos disponibles.&lt;\/p&gt; \" data-medium-file=\"https:\/\/i0.wp.com\/eltrabajo.cl\/portal\/wp-content\/uploads\/2014\/09\/Publico-1.jpg?fit=300%2C227&#038;ssl=1\" data-large-file=\"https:\/\/i0.wp.com\/eltrabajo.cl\/portal\/wp-content\/uploads\/2014\/09\/Publico-1.jpg?fit=529%2C401&#038;ssl=1\" src=\"https:\/\/i0.wp.com\/eltrabajo.cl\/portal\/wp-content\/uploads\/2014\/09\/Publico-1.jpg?w=293&#038;h=222&#038;ssl=1\" srcset=\"https:\/\/i0.wp.com\/eltrabajo.cl\/portal\/wp-content\/uploads\/2014\/09\/Publico-1.jpg?w=529&amp;ssl=1 529w, https:\/\/i0.wp.com\/eltrabajo.cl\/portal\/wp-content\/uploads\/2014\/09\/Publico-1.jpg?resize=197%2C150&amp;ssl=1 197w, https:\/\/i0.wp.com\/eltrabajo.cl\/portal\/wp-content\/uploads\/2014\/09\/Publico-1.jpg?resize=300%2C227&amp;ssl=1 300w, https:\/\/i0.wp.com\/eltrabajo.cl\/portal\/wp-content\/uploads\/2014\/09\/Publico-1.jpg?resize=150%2C113&amp;ssl=1 150w, https:\/\/i0.wp.com\/eltrabajo.cl\/portal\/wp-content\/uploads\/2014\/09\/Publico-1.jpg?resize=400%2C303&amp;ssl=1 400w\" width=\"293\" height=\"222\" loading=\"lazy\" data-original-width=\"293\" data-original-height=\"222\" itemprop=\"http:\/\/schema.org\/image\" title=\"Publico 1\" alt=\"Un gran n\u00famero de estudiantes y profesionales visitaron los stands ubicados en la Plaza C\u00edvica el d\u00eda de ayer jueves desde las 10:00 horas hasta las 17:00 horas, para entregar sus curriculum y postular a una gama de empleos disponibles.\" style=\"width: 293px; height: 222px;\" \/> <\/a> <div class=\"tiled-gallery-caption\" itemprop=\"caption description\"> Un gran n\u00famero de estudiantes y profesionales visitaron los stands ubicados en la Plaza C\u00edvica el d\u00eda de ayer jueves desde las 10:00 horas hasta las 17:00 horas, para entregar sus curriculum y postular a una gama de empleos disponibles. <\/div> <\/div> <div class=\"tiled-gallery-item tiled-gallery-item-large\" itemprop=\"associatedMedia\" itemscope itemtype=\"http:\/\/schema.org\/ImageObject\"> <a href=\"https:\/\/eltrabajo.cl\/portal\/mas-de-1-200-empleos-ofrecio-la-4a-expo-feria-laboral-del-aiep\/publico-2-2\/\" border=\"0\" itemprop=\"url\"> <meta itemprop=\"width\" content=\"293\"> <meta itemprop=\"height\" content=\"223\"> <img decoding=\"async\" class=\"\" data-attachment-id=\"50807\" data-orig-file=\"https:\/\/eltrabajo.cl\/portal\/wp-content\/uploads\/2014\/09\/Publico-2.jpg\" data-orig-size=\"528,401\" data-comments-opened=\"1\" data-image-meta=\"{&quot;aperture&quot;:&quot;0&quot;,&quot;credit&quot;:&quot;&quot;,&quot;camera&quot;:&quot;&quot;,&quot;caption&quot;:&quot;&quot;,&quot;created_timestamp&quot;:&quot;0&quot;,&quot;copyright&quot;:&quot;&quot;,&quot;focal_length&quot;:&quot;0&quot;,&quot;iso&quot;:&quot;0&quot;,&quot;shutter_speed&quot;:&quot;0&quot;,&quot;title&quot;:&quot;&quot;}\" data-image-title=\"Publico 2\" data-image-description=\"&lt;p&gt;Cerca de 30 empresas se asociaron a esta cuarta Expo Laboral organizada por el AIEP de San Felipe, atendiendo los requerimientos de empleos que interesaron a los asistentes.&lt;\/p&gt; \" data-medium-file=\"https:\/\/i0.wp.com\/eltrabajo.cl\/portal\/wp-content\/uploads\/2014\/09\/Publico-2.jpg?fit=300%2C227&#038;ssl=1\" data-large-file=\"https:\/\/i0.wp.com\/eltrabajo.cl\/portal\/wp-content\/uploads\/2014\/09\/Publico-2.jpg?fit=528%2C401&#038;ssl=1\" src=\"https:\/\/i0.wp.com\/eltrabajo.cl\/portal\/wp-content\/uploads\/2014\/09\/Publico-2.jpg?w=293&#038;h=223&#038;ssl=1\" srcset=\"https:\/\/i0.wp.com\/eltrabajo.cl\/portal\/wp-content\/uploads\/2014\/09\/Publico-2.jpg?w=528&amp;ssl=1 528w, https:\/\/i0.wp.com\/eltrabajo.cl\/portal\/wp-content\/uploads\/2014\/09\/Publico-2.jpg?resize=197%2C150&amp;ssl=1 197w, https:\/\/i0.wp.com\/eltrabajo.cl\/portal\/wp-content\/uploads\/2014\/09\/Publico-2.jpg?resize=300%2C227&amp;ssl=1 300w, https:\/\/i0.wp.com\/eltrabajo.cl\/portal\/wp-content\/uploads\/2014\/09\/Publico-2.jpg?resize=150%2C113&amp;ssl=1 150w, https:\/\/i0.wp.com\/eltrabajo.cl\/portal\/wp-content\/uploads\/2014\/09\/Publico-2.jpg?resize=400%2C303&amp;ssl=1 400w\" width=\"293\" height=\"223\" loading=\"lazy\" data-original-width=\"293\" data-original-height=\"223\" itemprop=\"http:\/\/schema.org\/image\" title=\"Publico 2\" alt=\"Cerca de 30 empresas se asociaron a esta cuarta Expo Laboral organizada por el AIEP de San Felipe, atendiendo los requerimientos de empleos que interesaron a los asistentes.\" style=\"width: 293px; height: 223px;\" \/> <\/a> <div class=\"tiled-gallery-caption\" itemprop=\"caption description\"> Cerca de 30 empresas se asociaron a esta cuarta Expo Laboral organizada por el AIEP de San Felipe, atendiendo los requerimientos de empleos que interesaron a los asistentes. <\/div> <\/div> <\/div> <!-- close group --> <div class=\"gallery-group images-1\" style=\"width: 343px; height: 453px;\" data-original-width=\"343\" data-original-height=\"453\" > <div class=\"tiled-gallery-item tiled-gallery-item-large\" itemprop=\"associatedMedia\" itemscope itemtype=\"http:\/\/schema.org\/ImageObject\"> <a href=\"https:\/\/eltrabajo.cl\/portal\/mas-de-1-200-empleos-ofrecio-la-4a-expo-feria-laboral-del-aiep\/rodrigo-valderrama\/\" border=\"0\" itemprop=\"url\"> <meta itemprop=\"width\" content=\"339\"> <meta itemprop=\"height\" content=\"449\"> <img decoding=\"async\" class=\"\" data-attachment-id=\"50808\" data-orig-file=\"https:\/\/eltrabajo.cl\/portal\/wp-content\/uploads\/2014\/09\/Rodrigo-Valderrama.jpg\" data-orig-size=\"529,701\" data-comments-opened=\"1\" data-image-meta=\"{&quot;aperture&quot;:&quot;0&quot;,&quot;credit&quot;:&quot;&quot;,&quot;camera&quot;:&quot;&quot;,&quot;caption&quot;:&quot;&quot;,&quot;created_timestamp&quot;:&quot;0&quot;,&quot;copyright&quot;:&quot;&quot;,&quot;focal_length&quot;:&quot;0&quot;,&quot;iso&quot;:&quot;0&quot;,&quot;shutter_speed&quot;:&quot;0&quot;,&quot;title&quot;:&quot;&quot;}\" data-image-title=\"Rodrigo Valderrama\" data-image-description=\"&lt;p&gt;Director Ejecutivo del AIEP, Rodrigo Valderrama.&lt;\/p&gt; \" data-medium-file=\"https:\/\/i0.wp.com\/eltrabajo.cl\/portal\/wp-content\/uploads\/2014\/09\/Rodrigo-Valderrama.jpg?fit=226%2C300&#038;ssl=1\" data-large-file=\"https:\/\/i0.wp.com\/eltrabajo.cl\/portal\/wp-content\/uploads\/2014\/09\/Rodrigo-Valderrama.jpg?fit=529%2C701&#038;ssl=1\" src=\"https:\/\/i0.wp.com\/eltrabajo.cl\/portal\/wp-content\/uploads\/2014\/09\/Rodrigo-Valderrama.jpg?w=339&#038;h=449&#038;ssl=1\" srcset=\"https:\/\/i0.wp.com\/eltrabajo.cl\/portal\/wp-content\/uploads\/2014\/09\/Rodrigo-Valderrama.jpg?w=529&amp;ssl=1 529w, https:\/\/i0.wp.com\/eltrabajo.cl\/portal\/wp-content\/uploads\/2014\/09\/Rodrigo-Valderrama.jpg?resize=113%2C150&amp;ssl=1 113w, https:\/\/i0.wp.com\/eltrabajo.cl\/portal\/wp-content\/uploads\/2014\/09\/Rodrigo-Valderrama.jpg?resize=226%2C300&amp;ssl=1 226w, https:\/\/i0.wp.com\/eltrabajo.cl\/portal\/wp-content\/uploads\/2014\/09\/Rodrigo-Valderrama.jpg?resize=400%2C530&amp;ssl=1 400w\" width=\"339\" height=\"449\" loading=\"lazy\" data-original-width=\"339\" data-original-height=\"449\" itemprop=\"http:\/\/schema.org\/image\" title=\"Rodrigo Valderrama\" alt=\"Director Ejecutivo del AIEP, Rodrigo Valderrama.\" style=\"width: 339px; height: 449px;\" \/> <\/a> <div class=\"tiled-gallery-caption\" itemprop=\"caption description\"> Director Ejecutivo del AIEP, Rodrigo Valderrama. <\/div> <\/div> <\/div> <!-- close group --> <\/div> <!-- close row --> <\/div>\n","protected":false},"excerpt":{"rendered":"<p>Por cuarto a\u00f1o consecutivo estudiantes t\u00e9cnicos y profesionales, tuvieron acceso de manera gratuita a postular a m\u00e1s de 1.200 empleos que ofrecieron 30 empresas en el marco de la feria Expo Laboral,&#8230;<\/p>\n","protected":false},"author":482,"featured_media":50805,"comment_status":"open","ping_status":"closed","sticky":false,"template":"","format":"standard","meta":{"advanced_seo_description":"","jetpack_seo_html_title":"","jetpack_seo_noindex":false,"_jetpack_memberships_contains_paid_content":false,"footnotes":""},"categories":[15],"tags":[],"class_list":["post-50804","post","type-post","status-publish","format-standard","has-post-thumbnail","hentry","category-comunidad"],"jetpack_featured_media_url":"https:\/\/i0.wp.com\/eltrabajo.cl\/portal\/wp-content\/uploads\/2014\/09\/Corte-Cinta.jpg?fit=529%2C401&ssl=1","jetpack_sharing_enabled":true,"jetpack_likes_enabled":true,"jetpack-related-posts":[],"_links":{"self":[{"href":"https:\/\/eltrabajo.cl\/portal\/wp-json\/wp\/v2\/posts\/50804","targetHints":{"allow":["GET"]}}],"collection":[{"href":"https:\/\/eltrabajo.cl\/portal\/wp-json\/wp\/v2\/posts"}],"about":[{"href":"https:\/\/eltrabajo.cl\/portal\/wp-json\/wp\/v2\/types\/post"}],"author":[{"embeddable":true,"href":"https:\/\/eltrabajo.cl\/portal\/wp-json\/wp\/v2\/users\/482"}],"replies":[{"embeddable":true,"href":"https:\/\/eltrabajo.cl\/portal\/wp-json\/wp\/v2\/comments?post=50804"}],"version-history":[{"count":0,"href":"https:\/\/eltrabajo.cl\/portal\/wp-json\/wp\/v2\/posts\/50804\/revisions"}],"wp:featuredmedia":[{"embeddable":true,"href":"https:\/\/eltrabajo.cl\/portal\/wp-json\/wp\/v2\/media\/50805"}],"wp:attachment":[{"href":"https:\/\/eltrabajo.cl\/portal\/wp-json\/wp\/v2\/media?parent=50804"}],"wp:term":[{"taxonomy":"category","embeddable":true,"href":"https:\/\/eltrabajo.cl\/portal\/wp-json\/wp\/v2\/categories?post=50804"},{"taxonomy":"post_tag","embeddable":true,"href":"https:\/\/eltrabajo.cl\/portal\/wp-json\/wp\/v2\/tags?post=50804"}],"curies":[{"name":"wp","href":"https:\/\/api.w.org\/{rel}","templated":true}]}}