{"id":50811,"date":"2014-09-05T09:17:24","date_gmt":"2014-09-05T13:17:24","guid":{"rendered":"http:\/\/www.eltrabajo.cl\/portal\/?p=50811"},"modified":"2014-09-05T09:17:24","modified_gmt":"2014-09-05T13:17:24","slug":"piden-10-anos-de-carcel-para-el-galleta-por-matar-a-hombre-con-escopeta","status":"publish","type":"post","link":"https:\/\/eltrabajo.cl\/portal\/piden-10-anos-de-carcel-para-el-galleta-por-matar-a-hombre-con-escopeta\/","title":{"rendered":"Piden 10 a\u00f1os de c\u00e1rcel para \u2018El Galleta\u2019 por matar a hombre con escopeta"},"content":{"rendered":"<figure id=\"attachment_50812\" aria-describedby=\"caption-attachment-50812\" style=\"width: 317px\" class=\"wp-caption alignleft\"><a href=\"https:\/\/i0.wp.com\/www.eltrabajo.cl\/portal\/wp-content\/uploads\/2014\/09\/Fiscal-Osvaldo-Basso.jpg\"><img data-recalc-dims=\"1\" loading=\"lazy\" decoding=\"async\" class=\" wp-image-50812 \" alt=\"El Fiscal Osvaldo Basso requiri\u00f3 ante el Tribunal Oral una pena de diez a\u00f1os por el Homicidio Simple de Ram\u00f3n Ot\u00e1rola, cometido en Poblaci\u00f3n Nueva Algarrobal de San Felipe en diciembre del 2013.\" src=\"https:\/\/i0.wp.com\/www.eltrabajo.cl\/portal\/wp-content\/uploads\/2014\/09\/Fiscal-Osvaldo-Basso.jpg?resize=317%2C421\" width=\"317\" height=\"421\" srcset=\"https:\/\/i0.wp.com\/eltrabajo.cl\/portal\/wp-content\/uploads\/2014\/09\/Fiscal-Osvaldo-Basso.jpg?w=529&amp;ssl=1 529w, https:\/\/i0.wp.com\/eltrabajo.cl\/portal\/wp-content\/uploads\/2014\/09\/Fiscal-Osvaldo-Basso.jpg?resize=113%2C150&amp;ssl=1 113w, https:\/\/i0.wp.com\/eltrabajo.cl\/portal\/wp-content\/uploads\/2014\/09\/Fiscal-Osvaldo-Basso.jpg?resize=226%2C300&amp;ssl=1 226w, https:\/\/i0.wp.com\/eltrabajo.cl\/portal\/wp-content\/uploads\/2014\/09\/Fiscal-Osvaldo-Basso.jpg?resize=400%2C530&amp;ssl=1 400w\" sizes=\"auto, (max-width: 317px) 100vw, 317px\" \/><\/a><figcaption id=\"caption-attachment-50812\" class=\"wp-caption-text\">El Fiscal Osvaldo Basso requiri\u00f3 ante el Tribunal Oral una pena de diez a\u00f1os por el Homicidio Simple de Ram\u00f3n Ot\u00e1rola, cometido en Poblaci\u00f3n Nueva Algarrobal de San Felipe en diciembre del 2013.<\/figcaption><\/figure>\n<p>Las contundentes pruebas y testimonios presentados por el Ministerio P\u00fablico de San Felipe, fueron concluyentes para que los jueces del Tribunal Oral en Lo Penal consideraran culpable a Carlos Jim\u00e9nez Izquierdo, apodado \u2018El Galleta\u2019, de Homicidio Simple en contra de Ram\u00f3n Ot\u00e1rola Segovia de 51 a\u00f1os de edad.<\/p>\n<p>El Fiscal Osvaldo Basso acus\u00f3 a Jim\u00e9nez, de 21 a\u00f1os de edad, por los hechos ocurridos el 14 de diciembre del 2013, cuando intercept\u00f3 a la v\u00edctima premunido de una escopeta hechiza y le dispar\u00f3 directo al abdomen, lo que a los pocos minutos le produjo la muerte en Poblaci\u00f3n Nueva Algarrobal de San Felipe, a eso de las 05:00 horas.<\/p>\n<p>Testigos del crimen indicaron que este hecho se produjo por rencillas anteriores.<\/p>\n<p>En aquella madrugada, vecinos solicitaron la presencia del Samu para que trasladaran a la v\u00edctima hasta el Servicio de Urgencias del Hospital San Camilo, falleciendo a las pocas horas de ser ingresado.<\/p>\n<p>Las primeras diligencias policiales a cargo de la Secci\u00f3n de Investigaci\u00f3n Policial (SIP) de San Felipe, establecieron la identidad del autor del disparo, siendo detenido junto con la incautaci\u00f3n del armamento hechizo, mismo que fue exhibido durante la realizaci\u00f3n del juicio oral y el relato de los funcionarios de Carabineros, que estuvieron en el sitio del suceso.<\/p>\n<p><strong>MA\u00d1ANA S\u00c1BADO<\/strong><\/p>\n<p>Horas m\u00e1s tarde de ese fat\u00eddico asesinato, la vivienda de \u2018El Galleta\u2019 result\u00f3 afectada por un voraz incendio que incluso se propag\u00f3 hasta un inmueble colindante, lo que se presum\u00eda que habr\u00eda sido intencional en venganza por el homicidio de Ram\u00f3n Ot\u00e1rola Segovia.<\/p>\n<p>El Fiscal Osvaldo Basso asegur\u00f3 a Diario El Trabajo que tras considerarse la culpabilidad de Jim\u00e9nez Izquierdo, requiri\u00f3 ante el tribunal que se le condene a una pena que alcance los diez a\u00f1os de presidio.<\/p>\n<p>\u201cNuestras pruebas fueron concluyentes ante el tribunal y esperamos que se condene a lo solicitado por el Ministerio P\u00fablico, una pena de diez a\u00f1os de presidio por Homicidio Simple\u201d, precis\u00f3 Basso.<\/p>\n<p>La lectura de sentencia ser\u00e1 dada a conocer ma\u00f1ana s\u00e1bado 6 de septiembre a las 18:00 horas en la sala del Tribunal Oral en Lo Penal de San Felipe.<\/p>\n<p>Pablo Salinas Sald\u00edas<\/p>\n","protected":false},"excerpt":{"rendered":"<p>Las contundentes pruebas y testimonios presentados por el Ministerio P\u00fablico de San Felipe, fueron concluyentes para que los jueces del Tribunal Oral en Lo Penal consideraran culpable a Carlos Jim\u00e9nez Izquierdo, apodado&#8230;<\/p>\n","protected":false},"author":482,"featured_media":50812,"comment_status":"open","ping_status":"closed","sticky":false,"template":"","format":"standard","meta":{"advanced_seo_description":"","jetpack_seo_html_title":"","jetpack_seo_noindex":false,"_jetpack_memberships_contains_paid_content":false,"footnotes":""},"categories":[21],"tags":[],"class_list":["post-50811","post","type-post","status-publish","format-standard","has-post-thumbnail","hentry","category-policial"],"jetpack_featured_media_url":"https:\/\/i0.wp.com\/eltrabajo.cl\/portal\/wp-content\/uploads\/2014\/09\/Fiscal-Osvaldo-Basso.jpg?fit=529%2C701&ssl=1","jetpack_sharing_enabled":true,"jetpack_likes_enabled":true,"jetpack-related-posts":[],"_links":{"self":[{"href":"https:\/\/eltrabajo.cl\/portal\/wp-json\/wp\/v2\/posts\/50811","targetHints":{"allow":["GET"]}}],"collection":[{"href":"https:\/\/eltrabajo.cl\/portal\/wp-json\/wp\/v2\/posts"}],"about":[{"href":"https:\/\/eltrabajo.cl\/portal\/wp-json\/wp\/v2\/types\/post"}],"author":[{"embeddable":true,"href":"https:\/\/eltrabajo.cl\/portal\/wp-json\/wp\/v2\/users\/482"}],"replies":[{"embeddable":true,"href":"https:\/\/eltrabajo.cl\/portal\/wp-json\/wp\/v2\/comments?post=50811"}],"version-history":[{"count":0,"href":"https:\/\/eltrabajo.cl\/portal\/wp-json\/wp\/v2\/posts\/50811\/revisions"}],"wp:featuredmedia":[{"embeddable":true,"href":"https:\/\/eltrabajo.cl\/portal\/wp-json\/wp\/v2\/media\/50812"}],"wp:attachment":[{"href":"https:\/\/eltrabajo.cl\/portal\/wp-json\/wp\/v2\/media?parent=50811"}],"wp:term":[{"taxonomy":"category","embeddable":true,"href":"https:\/\/eltrabajo.cl\/portal\/wp-json\/wp\/v2\/categories?post=50811"},{"taxonomy":"post_tag","embeddable":true,"href":"https:\/\/eltrabajo.cl\/portal\/wp-json\/wp\/v2\/tags?post=50811"}],"curies":[{"name":"wp","href":"https:\/\/api.w.org\/{rel}","templated":true}]}}