{"id":5083,"date":"2011-10-21T08:35:44","date_gmt":"2011-10-21T12:35:44","guid":{"rendered":"http:\/\/www.eltrabajo.cl\/portal\/?p=5083"},"modified":"2011-10-21T08:35:45","modified_gmt":"2011-10-21T12:35:45","slug":"en-noviembre-partiria-tercera-etapa-mejoramiento-del-estadio-municipal","status":"publish","type":"post","link":"https:\/\/eltrabajo.cl\/portal\/en-noviembre-partiria-tercera-etapa-mejoramiento-del-estadio-municipal\/","title":{"rendered":"En noviembre partir\u00eda tercera etapa mejoramiento del Estadio Municipal"},"content":{"rendered":"<p><strong><a href=\"http:\/\/www.eltrabajo.cl\/portal\/archives\/5083\/estadio-municipal-1\" rel=\"attachment wp-att-5084\"><img data-recalc-dims=\"1\" loading=\"lazy\" decoding=\"async\" class=\"alignnone size-full wp-image-5084\" title=\"estadio municipal (1)\" src=\"https:\/\/i0.wp.com\/www.eltrabajo.cl\/portal\/wp-content\/uploads\/2011\/10\/estadio-municipal-1.jpg?resize=600%2C450\" alt=\"\" width=\"600\" height=\"450\" srcset=\"https:\/\/i0.wp.com\/eltrabajo.cl\/portal\/wp-content\/uploads\/2011\/10\/estadio-municipal-1.jpg?w=600&amp;ssl=1 600w, https:\/\/i0.wp.com\/eltrabajo.cl\/portal\/wp-content\/uploads\/2011\/10\/estadio-municipal-1.jpg?resize=200%2C150&amp;ssl=1 200w, https:\/\/i0.wp.com\/eltrabajo.cl\/portal\/wp-content\/uploads\/2011\/10\/estadio-municipal-1.jpg?resize=300%2C225&amp;ssl=1 300w, https:\/\/i0.wp.com\/eltrabajo.cl\/portal\/wp-content\/uploads\/2011\/10\/estadio-municipal-1.jpg?resize=150%2C112&amp;ssl=1 150w, https:\/\/i0.wp.com\/eltrabajo.cl\/portal\/wp-content\/uploads\/2011\/10\/estadio-municipal-1.jpg?resize=400%2C300&amp;ssl=1 400w\" sizes=\"auto, (max-width: 600px) 100vw, 600px\" \/><\/a><\/strong><\/p>\n<p><strong>Empresa Jos\u00e9\u00a0 Aguilar ser\u00e1 la responsable de ejecutar estos trabajos que deber\u00e1n concluir en un plazo de 90 d\u00edas, contados desde la fecha en que se hace entrega de los terrenos.<\/strong><\/p>\n<p>Por un monto de 127 millones de pesos fue licitado el proyecto correspondiente a la tercera etapa de mejoramiento del Estadio Municipal, el que ser\u00e1 ejecutado por la empresa de Jos\u00e9 Aguilar que tiene un plazo de 90 d\u00edas para ejecutar estos trabajos.<\/p>\n<p>As\u00ed lo inform\u00f3 el alcalde de San Felipe, Jaime Amar, quien manifest\u00f3 que se espera a principios del pr\u00f3ximo mes de noviembre, dar inicio a estos trabajos, con lo cual se estar\u00edan cumpliendo todas las exigencias establecidas por la ANFP para que Uni\u00f3n San Felipe pueda jugar en este reducto deportivo sus partidos de local, en el marco de los dos torneos de Primera A del f\u00fatbol profesional.<\/p>\n<p>El alcalde entreg\u00f3 detalles acerca de los trabajos que se comenzar\u00e1n a ejecutar, se\u00f1alando que \u00abesta es la \u00faltima etapa del mejoramiento del Estadio Municipal, que corresponde a la zona de prensa, especialmente radio y televisi\u00f3n, as\u00ed como el sector de servicios para los medios de comunicaci\u00f3n. Esta tercera etapa del proyecto contempla tambi\u00e9n la habilitaci\u00f3n de una zona de precalentamiento para los equipos\u00bb.<\/p>\n<p>El alcalde Amar se\u00f1al\u00f3 que este proceso de mejoramiento del Estadio Municipal no ha estado exento de dificultades, por cuanto el a\u00f1o pasado, a prop\u00f3sito del terremoto, se atrasaron las partidas de recursos para avanzar como originalmente se ten\u00eda pensado en la construcci\u00f3n de lo que vendr\u00eda siendo un verdadero edificio de tres pisos, donde en el primer nivel contempla ba\u00f1os y camarines para los jugadores, en segundo nivel sala de conferencias y sal\u00f3n vip para invitados, mientras que en el tercer nivel, tal como indicaba el edil, considera casetas para radio y televisi\u00f3n.<\/p>\n<p>\u00abEl plazo que se ha fijado para estas obras, una vez entregado el terreno, es de 90 d\u00edas. As\u00ed que nosotros hemos terminado este ciclo, esperamos que dentro de unos diez d\u00edas se realice la firma de los contratos y se entreguen los terrenos, por lo que presumimos que las obras podr\u00edan estar inici\u00e1ndose las primeras semanas del mes de noviembre\u00bb, se\u00f1al\u00f3 Amar.<\/p>\n<p>El alcalde se\u00f1al\u00f3 que en lo referido a los trabajos de salida de camarines a la cancha, \u00e9stos ser\u00e1n ejecutados por el municipio, con cargo a fondos de la corporaci\u00f3n edilicia sanfelipe\u00f1a.<\/p>\n","protected":false},"excerpt":{"rendered":"<p>Empresa Jos\u00e9\u00a0 Aguilar ser\u00e1 la responsable de ejecutar estos trabajos que deber\u00e1n concluir en un plazo de 90 d\u00edas, contados desde la fecha en que se hace entrega de los terrenos. Por&#8230;<\/p>\n","protected":false},"author":482,"featured_media":5084,"comment_status":"open","ping_status":"open","sticky":false,"template":"","format":"standard","meta":{"advanced_seo_description":"","jetpack_seo_html_title":"","jetpack_seo_noindex":false,"_jetpack_memberships_contains_paid_content":false,"footnotes":""},"categories":[1],"tags":[],"class_list":["post-5083","post","type-post","status-publish","format-standard","has-post-thumbnail","hentry","category-cronica"],"jetpack_featured_media_url":"https:\/\/i0.wp.com\/eltrabajo.cl\/portal\/wp-content\/uploads\/2011\/10\/estadio-municipal-1.jpg?fit=600%2C450&ssl=1","jetpack_sharing_enabled":true,"jetpack_likes_enabled":true,"jetpack-related-posts":[],"_links":{"self":[{"href":"https:\/\/eltrabajo.cl\/portal\/wp-json\/wp\/v2\/posts\/5083","targetHints":{"allow":["GET"]}}],"collection":[{"href":"https:\/\/eltrabajo.cl\/portal\/wp-json\/wp\/v2\/posts"}],"about":[{"href":"https:\/\/eltrabajo.cl\/portal\/wp-json\/wp\/v2\/types\/post"}],"author":[{"embeddable":true,"href":"https:\/\/eltrabajo.cl\/portal\/wp-json\/wp\/v2\/users\/482"}],"replies":[{"embeddable":true,"href":"https:\/\/eltrabajo.cl\/portal\/wp-json\/wp\/v2\/comments?post=5083"}],"version-history":[{"count":0,"href":"https:\/\/eltrabajo.cl\/portal\/wp-json\/wp\/v2\/posts\/5083\/revisions"}],"wp:featuredmedia":[{"embeddable":true,"href":"https:\/\/eltrabajo.cl\/portal\/wp-json\/wp\/v2\/media\/5084"}],"wp:attachment":[{"href":"https:\/\/eltrabajo.cl\/portal\/wp-json\/wp\/v2\/media?parent=5083"}],"wp:term":[{"taxonomy":"category","embeddable":true,"href":"https:\/\/eltrabajo.cl\/portal\/wp-json\/wp\/v2\/categories?post=5083"},{"taxonomy":"post_tag","embeddable":true,"href":"https:\/\/eltrabajo.cl\/portal\/wp-json\/wp\/v2\/tags?post=5083"}],"curies":[{"name":"wp","href":"https:\/\/api.w.org\/{rel}","templated":true}]}}