{"id":50839,"date":"2014-09-08T09:55:24","date_gmt":"2014-09-08T12:55:24","guid":{"rendered":"http:\/\/www.eltrabajo.cl\/portal\/?p=50839"},"modified":"2014-09-08T09:55:24","modified_gmt":"2014-09-08T12:55:24","slug":"gran-cuecazo-da-inicio-a-celebracion-de-fiestas-patrias-en-san-felipe","status":"publish","type":"post","link":"https:\/\/eltrabajo.cl\/portal\/gran-cuecazo-da-inicio-a-celebracion-de-fiestas-patrias-en-san-felipe\/","title":{"rendered":"Gran Cuecazo da inicio a celebraci\u00f3n de Fiestas Patrias en San Felipe"},"content":{"rendered":"<figure id=\"attachment_50840\" aria-describedby=\"caption-attachment-50840\" style=\"width: 529px\" class=\"wp-caption alignnone\"><a href=\"https:\/\/i0.wp.com\/www.eltrabajo.cl\/portal\/wp-content\/uploads\/2014\/09\/Cuacazo1.jpg\"><img data-recalc-dims=\"1\" loading=\"lazy\" decoding=\"async\" class=\"size-full wp-image-50840\" alt=\"Gran cantidad de vecinos y vecinas, algunos de ellos vestidos con trajes t\u00edpicos, llegaron a Calle Salinas para bailar en este Gran Cuecazo.\" src=\"https:\/\/i0.wp.com\/www.eltrabajo.cl\/portal\/wp-content\/uploads\/2014\/09\/Cuacazo1.jpg?resize=529%2C358\" width=\"529\" height=\"358\" srcset=\"https:\/\/i0.wp.com\/eltrabajo.cl\/portal\/wp-content\/uploads\/2014\/09\/Cuacazo1.jpg?w=529&amp;ssl=1 529w, https:\/\/i0.wp.com\/eltrabajo.cl\/portal\/wp-content\/uploads\/2014\/09\/Cuacazo1.jpg?resize=200%2C135&amp;ssl=1 200w, https:\/\/i0.wp.com\/eltrabajo.cl\/portal\/wp-content\/uploads\/2014\/09\/Cuacazo1.jpg?resize=300%2C203&amp;ssl=1 300w, https:\/\/i0.wp.com\/eltrabajo.cl\/portal\/wp-content\/uploads\/2014\/09\/Cuacazo1.jpg?resize=150%2C101&amp;ssl=1 150w, https:\/\/i0.wp.com\/eltrabajo.cl\/portal\/wp-content\/uploads\/2014\/09\/Cuacazo1.jpg?resize=400%2C270&amp;ssl=1 400w\" sizes=\"auto, (max-width: 529px) 100vw, 529px\" \/><\/a><figcaption id=\"caption-attachment-50840\" class=\"wp-caption-text\">Gran cantidad de vecinos y vecinas, algunos de ellos vestidos con trajes t\u00edpicos, llegaron a Calle Salinas para bailar en este Gran Cuecazo.<\/figcaption><\/figure>\n<p>Con una Calle Salinas que daba muestras claras de que en San Felipe ya se respira el esp\u00edritu dieciochero, la Municipalidad de San Felipe dio el vamos a la celebraci\u00f3n de Fiestas Patrias a trav\u00e9s de la realizaci\u00f3n de una nueva versi\u00f3n de El Gran Cuecazo, iniciativa impulsada con el apoyo del Club de Cueca Tierra querida.<\/p>\n<p>En la ocasi\u00f3n, vecinos de todas las edades bailaron durante toda la ma\u00f1ana de este domingo cueca, que fue interpretada por Los Palmeros de Rancagua; Las Colchag\u00fcinas de Santa Cruz y Los Roblerinos de Linares, quienes amenizaron esta actividad que permiti\u00f3 comprobar que en la ciudad de San Felipe, nuestra danza nacional est\u00e1 m\u00e1s presente que nunca.<\/p>\n<p>Entre quienes hicieron gala de sus habilidades para la cueca, se encontraba el Alcalde Patricio Freire, quien no s\u00f3lo bail\u00f3 con integrantes de Club Tierra querida, sino que, del momento en que la peque\u00f1ita Trinidad Rojas le pidi\u00f3 que bailara con ella, no par\u00f3 de bailar con vecinas de todas las edades. La autoridad comunal manifest\u00f3 que \u201ccon esta actividad estamos dando inicio a nuestra celebraci\u00f3n en San Felipe de las Fiestas Patrias y nos sentimos muy felices de que la comunidad disfrute con nuestra danza nacional\u201d.<\/p>\n<p>Explic\u00f3 que esta actividad est\u00e1 destinada no s\u00f3lo a aquellos eximios cultores de la cueca, sino que a toda la comunidad que tiene algunos conocimientos del baile nacional y que en un ambiente de mucha alegr\u00eda puede homenajear a la Patria a trav\u00e9s de nuestra danza.<\/p>\n<p>El Alcalde Freire formul\u00f3 un llamado a los vecinos y vecinas para que durante los d\u00edas de celebraci\u00f3n de Fiestas Patrias, icen la bandera nacional en los m\u00e1stiles de sus viviendas, como una manera de reconocer y sumarse p\u00fablicamente a los festejos dieciocheros.<\/p>\n<p>Asimismo, manifest\u00f3 que esta es la primera de diversas actividades que se estar\u00e1n desarrollando con motivo de las Fiestas Patrias, recordando que el pr\u00f3ximo fin de semana se realizar\u00e1 la Fiesta de la Chilenidad, que organizan el Departamento de Cultura y la Oficina de Turismo, en la localidad de Almendral.<\/p>\n<div class=\"tiled-gallery type-rectangular tiled-gallery-unresized\" data-original-width=\"640\" data-carousel-extra='null' itemscope itemtype=\"http:\/\/schema.org\/ImageGallery\" > <div class=\"gallery-row\" style=\"width: 640px; height: 259px;\" data-original-width=\"640\" data-original-height=\"259\" > <div class=\"gallery-group images-1\" style=\"width: 405px; height: 259px;\" data-original-width=\"405\" data-original-height=\"259\" > <div class=\"tiled-gallery-item tiled-gallery-item-large\" itemprop=\"associatedMedia\" itemscope itemtype=\"http:\/\/schema.org\/ImageObject\"> <a href=\"https:\/\/eltrabajo.cl\/portal\/gran-cuecazo-da-inicio-a-celebracion-de-fiestas-patrias-en-san-felipe\/alegria1-9\/\" border=\"0\" itemprop=\"url\"> <meta itemprop=\"width\" content=\"401\"> <meta itemprop=\"height\" content=\"255\"> <img decoding=\"async\" class=\"\" data-attachment-id=\"50841\" data-orig-file=\"https:\/\/eltrabajo.cl\/portal\/wp-content\/uploads\/2014\/09\/Alegria11.jpg\" data-orig-size=\"529,336\" data-comments-opened=\"1\" data-image-meta=\"{&quot;aperture&quot;:&quot;0&quot;,&quot;credit&quot;:&quot;&quot;,&quot;camera&quot;:&quot;&quot;,&quot;caption&quot;:&quot;&quot;,&quot;created_timestamp&quot;:&quot;0&quot;,&quot;copyright&quot;:&quot;&quot;,&quot;focal_length&quot;:&quot;0&quot;,&quot;iso&quot;:&quot;0&quot;,&quot;shutter_speed&quot;:&quot;0&quot;,&quot;title&quot;:&quot;&quot;}\" data-image-title=\"Alegria1\" data-image-description=\"&lt;p&gt;Los j\u00f3venes tambi\u00e9n demostraron su pasi\u00f3n por la cueca. La fotograf\u00eda da cuenta de ello.&lt;\/p&gt; \" data-medium-file=\"https:\/\/i0.wp.com\/eltrabajo.cl\/portal\/wp-content\/uploads\/2014\/09\/Alegria11.jpg?fit=300%2C190&#038;ssl=1\" data-large-file=\"https:\/\/i0.wp.com\/eltrabajo.cl\/portal\/wp-content\/uploads\/2014\/09\/Alegria11.jpg?fit=529%2C336&#038;ssl=1\" src=\"https:\/\/i0.wp.com\/eltrabajo.cl\/portal\/wp-content\/uploads\/2014\/09\/Alegria11.jpg?w=401&#038;h=255&#038;ssl=1\" srcset=\"https:\/\/i0.wp.com\/eltrabajo.cl\/portal\/wp-content\/uploads\/2014\/09\/Alegria11.jpg?w=529&amp;ssl=1 529w, https:\/\/i0.wp.com\/eltrabajo.cl\/portal\/wp-content\/uploads\/2014\/09\/Alegria11.jpg?resize=200%2C127&amp;ssl=1 200w, https:\/\/i0.wp.com\/eltrabajo.cl\/portal\/wp-content\/uploads\/2014\/09\/Alegria11.jpg?resize=300%2C190&amp;ssl=1 300w, https:\/\/i0.wp.com\/eltrabajo.cl\/portal\/wp-content\/uploads\/2014\/09\/Alegria11.jpg?resize=150%2C95&amp;ssl=1 150w, https:\/\/i0.wp.com\/eltrabajo.cl\/portal\/wp-content\/uploads\/2014\/09\/Alegria11.jpg?resize=400%2C254&amp;ssl=1 400w\" width=\"401\" height=\"255\" loading=\"lazy\" data-original-width=\"401\" data-original-height=\"255\" itemprop=\"http:\/\/schema.org\/image\" title=\"Alegria1\" alt=\"Los j\u00f3venes tambi\u00e9n demostraron su pasi\u00f3n por la cueca. La fotograf\u00eda da cuenta de ello.\" style=\"width: 401px; height: 255px;\" \/> <\/a> <div class=\"tiled-gallery-caption\" itemprop=\"caption description\"> Los j\u00f3venes tambi\u00e9n demostraron su pasi\u00f3n por la cueca. La fotograf\u00eda da cuenta de ello. <\/div> <\/div> <\/div> <!-- close group --> <div class=\"gallery-group images-1\" style=\"width: 235px; height: 259px;\" data-original-width=\"235\" data-original-height=\"259\" > <div class=\"tiled-gallery-item tiled-gallery-item-small\" itemprop=\"associatedMedia\" itemscope itemtype=\"http:\/\/schema.org\/ImageObject\"> <a href=\"https:\/\/eltrabajo.cl\/portal\/gran-cuecazo-da-inicio-a-celebracion-de-fiestas-patrias-en-san-felipe\/trinidad1\/\" border=\"0\" itemprop=\"url\"> <meta itemprop=\"width\" content=\"231\"> <meta itemprop=\"height\" content=\"255\"> <img decoding=\"async\" class=\"\" data-attachment-id=\"50842\" data-orig-file=\"https:\/\/eltrabajo.cl\/portal\/wp-content\/uploads\/2014\/09\/Trinidad1.jpg\" data-orig-size=\"529,585\" data-comments-opened=\"1\" data-image-meta=\"{&quot;aperture&quot;:&quot;0&quot;,&quot;credit&quot;:&quot;&quot;,&quot;camera&quot;:&quot;&quot;,&quot;caption&quot;:&quot;&quot;,&quot;created_timestamp&quot;:&quot;0&quot;,&quot;copyright&quot;:&quot;&quot;,&quot;focal_length&quot;:&quot;0&quot;,&quot;iso&quot;:&quot;0&quot;,&quot;shutter_speed&quot;:&quot;0&quot;,&quot;title&quot;:&quot;&quot;}\" data-image-title=\"Trinidad1\" data-image-description=\"&lt;p&gt;El Alcalde Patricio Freire acept\u00f3 feliz la invitaci\u00f3n de la peque\u00f1a Trinidad Rojas para bailar la cueca.&lt;\/p&gt; \" data-medium-file=\"https:\/\/i0.wp.com\/eltrabajo.cl\/portal\/wp-content\/uploads\/2014\/09\/Trinidad1.jpg?fit=271%2C300&#038;ssl=1\" data-large-file=\"https:\/\/i0.wp.com\/eltrabajo.cl\/portal\/wp-content\/uploads\/2014\/09\/Trinidad1.jpg?fit=529%2C585&#038;ssl=1\" src=\"https:\/\/i0.wp.com\/eltrabajo.cl\/portal\/wp-content\/uploads\/2014\/09\/Trinidad1.jpg?w=231&#038;h=255&#038;ssl=1\" srcset=\"https:\/\/i0.wp.com\/eltrabajo.cl\/portal\/wp-content\/uploads\/2014\/09\/Trinidad1.jpg?w=529&amp;ssl=1 529w, https:\/\/i0.wp.com\/eltrabajo.cl\/portal\/wp-content\/uploads\/2014\/09\/Trinidad1.jpg?resize=135%2C150&amp;ssl=1 135w, https:\/\/i0.wp.com\/eltrabajo.cl\/portal\/wp-content\/uploads\/2014\/09\/Trinidad1.jpg?resize=271%2C300&amp;ssl=1 271w, https:\/\/i0.wp.com\/eltrabajo.cl\/portal\/wp-content\/uploads\/2014\/09\/Trinidad1.jpg?resize=400%2C442&amp;ssl=1 400w\" width=\"231\" height=\"255\" loading=\"lazy\" data-original-width=\"231\" data-original-height=\"255\" itemprop=\"http:\/\/schema.org\/image\" title=\"Trinidad1\" alt=\"El Alcalde Patricio Freire acept\u00f3 feliz la invitaci\u00f3n de la peque\u00f1a Trinidad Rojas para bailar la cueca.\" style=\"width: 231px; height: 255px;\" \/> <\/a> <div class=\"tiled-gallery-caption\" itemprop=\"caption description\"> El Alcalde Patricio Freire acept\u00f3 feliz la invitaci\u00f3n de la peque\u00f1a Trinidad Rojas para bailar la cueca. <\/div> <\/div> <\/div> <!-- close group --> <\/div> <!-- close row --> <\/div>\n","protected":false},"excerpt":{"rendered":"<p>Con una Calle Salinas que daba muestras claras de que en San Felipe ya se respira el esp\u00edritu dieciochero, la Municipalidad de San Felipe dio el vamos a la celebraci\u00f3n de Fiestas&#8230;<\/p>\n","protected":false},"author":482,"featured_media":50840,"comment_status":"open","ping_status":"closed","sticky":false,"template":"","format":"standard","meta":{"advanced_seo_description":"","jetpack_seo_html_title":"","jetpack_seo_noindex":false,"_jetpack_memberships_contains_paid_content":false,"footnotes":""},"categories":[15],"tags":[],"class_list":["post-50839","post","type-post","status-publish","format-standard","has-post-thumbnail","hentry","category-comunidad"],"jetpack_featured_media_url":"https:\/\/i0.wp.com\/eltrabajo.cl\/portal\/wp-content\/uploads\/2014\/09\/Cuacazo1.jpg?fit=529%2C358&ssl=1","jetpack_sharing_enabled":true,"jetpack_likes_enabled":true,"jetpack-related-posts":[],"_links":{"self":[{"href":"https:\/\/eltrabajo.cl\/portal\/wp-json\/wp\/v2\/posts\/50839","targetHints":{"allow":["GET"]}}],"collection":[{"href":"https:\/\/eltrabajo.cl\/portal\/wp-json\/wp\/v2\/posts"}],"about":[{"href":"https:\/\/eltrabajo.cl\/portal\/wp-json\/wp\/v2\/types\/post"}],"author":[{"embeddable":true,"href":"https:\/\/eltrabajo.cl\/portal\/wp-json\/wp\/v2\/users\/482"}],"replies":[{"embeddable":true,"href":"https:\/\/eltrabajo.cl\/portal\/wp-json\/wp\/v2\/comments?post=50839"}],"version-history":[{"count":0,"href":"https:\/\/eltrabajo.cl\/portal\/wp-json\/wp\/v2\/posts\/50839\/revisions"}],"wp:featuredmedia":[{"embeddable":true,"href":"https:\/\/eltrabajo.cl\/portal\/wp-json\/wp\/v2\/media\/50840"}],"wp:attachment":[{"href":"https:\/\/eltrabajo.cl\/portal\/wp-json\/wp\/v2\/media?parent=50839"}],"wp:term":[{"taxonomy":"category","embeddable":true,"href":"https:\/\/eltrabajo.cl\/portal\/wp-json\/wp\/v2\/categories?post=50839"},{"taxonomy":"post_tag","embeddable":true,"href":"https:\/\/eltrabajo.cl\/portal\/wp-json\/wp\/v2\/tags?post=50839"}],"curies":[{"name":"wp","href":"https:\/\/api.w.org\/{rel}","templated":true}]}}