{"id":50863,"date":"2014-09-08T10:09:04","date_gmt":"2014-09-08T13:09:04","guid":{"rendered":"http:\/\/www.eltrabajo.cl\/portal\/?p=50863"},"modified":"2014-09-08T10:09:04","modified_gmt":"2014-09-08T13:09:04","slug":"lo-detienen-acusado-de-abusar-sexualmente-a-nina-de-7-en-micro","status":"publish","type":"post","link":"https:\/\/eltrabajo.cl\/portal\/lo-detienen-acusado-de-abusar-sexualmente-a-nina-de-7-en-micro\/","title":{"rendered":"Lo detienen acusado de abusar sexualmente a ni\u00f1a de 7 en micro"},"content":{"rendered":"<figure id=\"attachment_50864\" aria-describedby=\"caption-attachment-50864\" style=\"width: 370px\" class=\"wp-caption alignleft\"><a href=\"https:\/\/i0.wp.com\/www.eltrabajo.cl\/portal\/wp-content\/uploads\/2014\/09\/Detenido11.jpg\"><img data-recalc-dims=\"1\" loading=\"lazy\" decoding=\"async\" class=\" wp-image-50864 \" alt=\"La verg\u00fcenza de su vida habr\u00eda pasado M\u00e1ximo Arancibia Herrera, de 58 a\u00f1os de edad, quien fue se\u00f1alado por una ni\u00f1a de siete a\u00f1os como el responsable de abusar de ella.\" src=\"https:\/\/i0.wp.com\/www.eltrabajo.cl\/portal\/wp-content\/uploads\/2014\/09\/Detenido11.jpg?resize=370%2C272\" width=\"370\" height=\"272\" srcset=\"https:\/\/i0.wp.com\/eltrabajo.cl\/portal\/wp-content\/uploads\/2014\/09\/Detenido11.jpg?w=528&amp;ssl=1 528w, https:\/\/i0.wp.com\/eltrabajo.cl\/portal\/wp-content\/uploads\/2014\/09\/Detenido11.jpg?resize=200%2C146&amp;ssl=1 200w, https:\/\/i0.wp.com\/eltrabajo.cl\/portal\/wp-content\/uploads\/2014\/09\/Detenido11.jpg?resize=300%2C220&amp;ssl=1 300w, https:\/\/i0.wp.com\/eltrabajo.cl\/portal\/wp-content\/uploads\/2014\/09\/Detenido11.jpg?resize=150%2C110&amp;ssl=1 150w, https:\/\/i0.wp.com\/eltrabajo.cl\/portal\/wp-content\/uploads\/2014\/09\/Detenido11.jpg?resize=400%2C293&amp;ssl=1 400w\" sizes=\"auto, (max-width: 370px) 100vw, 370px\" \/><\/a><figcaption id=\"caption-attachment-50864\" class=\"wp-caption-text\">La verg\u00fcenza de su vida habr\u00eda pasado M\u00e1ximo Arancibia Herrera, de 58 a\u00f1os de edad, quien fue se\u00f1alado por una ni\u00f1a de siete a\u00f1os como el responsable de abusar de ella.<\/figcaption><\/figure>\n<p><strong>PUTAENDO<\/strong>.- Un sujeto de 58 a\u00f1os de edad y domiciliado en Rinconada de Silva, fue detenido por Carabineros y acusado de haber realizado tocaciones de car\u00e1cter sexual a una peque\u00f1a de siete a\u00f1os de edad a bordo de una micro de la locomoci\u00f3n colectiva.<\/p>\n<figure id=\"attachment_50865\" aria-describedby=\"caption-attachment-50865\" style=\"width: 222px\" class=\"wp-caption alignright\"><a href=\"https:\/\/i0.wp.com\/www.eltrabajo.cl\/portal\/wp-content\/uploads\/2014\/09\/Maximo1.jpg\"><img data-recalc-dims=\"1\" loading=\"lazy\" decoding=\"async\" class=\" wp-image-50865   \" alt=\"Seg\u00fan lo inform\u00f3 el mismo M\u00e1ximo, en la PDI le manifestaron que no hab\u00edan pruebas para acusarlo de alg\u00fan delito.\" src=\"https:\/\/i0.wp.com\/www.eltrabajo.cl\/portal\/wp-content\/uploads\/2014\/09\/Maximo1.jpg?resize=222%2C222\" width=\"222\" height=\"222\" srcset=\"https:\/\/i0.wp.com\/eltrabajo.cl\/portal\/wp-content\/uploads\/2014\/09\/Maximo1.jpg?w=529&amp;ssl=1 529w, https:\/\/i0.wp.com\/eltrabajo.cl\/portal\/wp-content\/uploads\/2014\/09\/Maximo1.jpg?resize=150%2C150&amp;ssl=1 150w, https:\/\/i0.wp.com\/eltrabajo.cl\/portal\/wp-content\/uploads\/2014\/09\/Maximo1.jpg?resize=300%2C300&amp;ssl=1 300w, https:\/\/i0.wp.com\/eltrabajo.cl\/portal\/wp-content\/uploads\/2014\/09\/Maximo1.jpg?resize=400%2C400&amp;ssl=1 400w\" sizes=\"auto, (max-width: 222px) 100vw, 222px\" \/><\/a><figcaption id=\"caption-attachment-50865\" class=\"wp-caption-text\">Seg\u00fan lo inform\u00f3 el mismo M\u00e1ximo, en la PDI le manifestaron que no hab\u00edan pruebas para acusarlo de alg\u00fan delito.<\/figcaption><\/figure>\n<p>La informaci\u00f3n oficial entregada por Carabineros de Putaendo a nuestro medio, indica que a eso de las 19:00 horas de este viernes y a bordo de una micro perteneciente a la empresa Puma que realizaba el recorrido San Felipe-Putaendo, habr\u00edan ocurrido los hechos cuando una menor de siete a\u00f1os de edad que ven\u00eda sentada atr\u00e1s del conductor, comenz\u00f3 a ser v\u00edctima de abuso sexual por parte de un sujeto que se sent\u00f3 a su lado, el cual le habr\u00eda tocado las piernas.<\/p>\n<p><strong>\u00a0ESTABA EBRIO<\/strong><\/p>\n<p>El Suboficial Mayor Luis Campos Garay, sostuvo que una t\u00eda de 16 a\u00f1os que viajaba junto a ella e iba de pie, se percat\u00f3 de lo ocurrido y r\u00e1pidamente los mismos pasajeros defendieron a la menor, increpando duramente al agresor que estaba totalmente ebrio. Posteriormente se present\u00f3 en la Tenencia de Carabineros la madre de la menor, quien realiz\u00f3 la denuncia correspondiente y con los antecedentes entregados, se procedi\u00f3 a la detenci\u00f3n de M\u00e1ximo Arancibia Herrera, de 58 a\u00f1os de edad, quien habr\u00eda estado bajo los efectos del alcohol al momento de cometer este hecho.<\/p>\n<p>El individuo qued\u00f3 detenido bajo los cargos de Abuso Sexual en contra de una menor de edad, y por instrucci\u00f3n del fiscal de turno, el imputado fue entregado por Carabineros de Putaendo a personal especializado de la Brigada de Delitos Sexuales de la PDI de Los Andes pasadas las 20:15 horas. El padre de la menor afectada, quien solicit\u00f3 reserva de su identidad, se\u00f1al\u00f3 a nuestro medio que incluso el sujeto se par\u00f3 de su asiento y sigui\u00f3 a la menor cuando denunciaba los hechos a su madre que ven\u00eda con un beb\u00e9 entre sus brazos.<\/p>\n<p><strong>\u00a0<\/strong><strong>\u00abSOY INOCENTE\u00bb<\/strong><\/p>\n<p>\u201cSoy totalmente inocente de lo que me acusan\u201d, asegur\u00f3 hombre detenido y acusado de Abuso Sexual en contra de una menor de edad. M\u00e1ximo Alejandro Arancibia Cepeda asegur\u00f3 en forma categ\u00f3rica que es totalmente inocente y que no tiene ninguna responsabilidad en los cargos que se le imputan.<\/p>\n<p>Este hombre junto a su familia solicitaron expresamente a nuestro medio entregar su versi\u00f3n de los hechos, luego de conocida la noticia de su detenci\u00f3n y trasladado hasta la unidad de la Brigada de Delitos Sexuales de la PDI.<\/p>\n<p>M\u00e1ximo Arancibia se\u00f1al\u00f3 que efectivamente se hab\u00eda tomado un par de tragos, pero recuerda perfectamente lo que ocurri\u00f3 y asegura que \u00e9l ven\u00eda sentado hacia el pasillo detr\u00e1s del conductor y que en los asientos del frente, espec\u00edficamente el segundo, vio una peque\u00f1a que ignora la edad, la cual constantemente lloraba, y tambi\u00e9n vio a otra menor un poco m\u00e1s grande y que s\u00f3lo se limit\u00f3 a mirarlas, pero jam\u00e1s tuvo un contacto f\u00edsico con ninguna de las dos, o se sent\u00f3 al lado de alguna menor.<\/p>\n<p>&#8211; La informaci\u00f3n policial se\u00f1ala que usted se sent\u00f3 al lado de la peque\u00f1a y realiz\u00f3 tocaciones en sus piernas.<\/p>\n<p>&#8211; \u201cEso es totalmente falso, yo nunca estuve al lado de la menor, ven\u00eda mucha gente en la micro y no s\u00e9 porqu\u00e9 me involucraron en esta situaci\u00f3n\u201d.<\/p>\n<p>&#8211; \u00bfEntonces por qu\u00e9 a usted se le acusa de esto y es detenido?<\/p>\n<p>&#8211; \u201cNo s\u00e9 porqu\u00e9, me baj\u00e9 en las tres esquinas donde siempre me bajo, y cuando me estaba acostando llegaron a buscarme los carabineros, yo les dije lo que hab\u00eda pasado y tambi\u00e9n a los detectives que me interrogaron en San Felipe, y jam\u00e1s se me ha pasado por la mente hacer eso con una ni\u00f1ita si yo tambi\u00e9n tengo hijos y nietos\u201d.<\/p>\n<p>Este hombre asegura que luego de prestar declaraciones ante personal especializado de la PDI, fue dejado en libertad a eso de las 23:30 horas del s\u00e1bado, y que le manifestaron que no hab\u00edan pruebas para acusarlo de alg\u00fan delito, por lo que se retirara tranquilo a su casa a la espera de una citaci\u00f3n, que le llegar\u00e1 en los pr\u00f3ximos d\u00edas.<\/p>\n<p>En tanto, la se\u00f1ora Mar\u00eda Valencia, esposa de Don M\u00e1ximo, lament\u00f3 profundamente lo ocurrido y dijo que por cierto se colocan en el lugar del pap\u00e1 y la mam\u00e1 de esa peque\u00f1a, pero que con su esposo se cometi\u00f3 una tremenda injusticia, pues fue acusado de algo totalmente falso y no hay pruebas ni testigos que puedan demostrar la grave acusaci\u00f3n en contra de su esposo, y agreg\u00f3 que si hoy los especialistas en investigar este tipo de delitos repudiables dejaron libre a su esposo, demuestra que su esposo es inocente, sino estar\u00eda detenido y en la c\u00e1rcel.<\/p>\n<p>Patricio Gallardo M.<\/p>\n<p>&nbsp;<\/p>\n","protected":false},"excerpt":{"rendered":"<p>PUTAENDO.- Un sujeto de 58 a\u00f1os de edad y domiciliado en Rinconada de Silva, fue detenido por Carabineros y acusado de haber realizado tocaciones de car\u00e1cter sexual a una peque\u00f1a de siete&#8230;<\/p>\n","protected":false},"author":482,"featured_media":50864,"comment_status":"open","ping_status":"closed","sticky":false,"template":"","format":"standard","meta":{"advanced_seo_description":"","jetpack_seo_html_title":"","jetpack_seo_noindex":false,"_jetpack_memberships_contains_paid_content":false,"footnotes":""},"categories":[21],"tags":[],"class_list":["post-50863","post","type-post","status-publish","format-standard","has-post-thumbnail","hentry","category-policial"],"jetpack_featured_media_url":"https:\/\/i0.wp.com\/eltrabajo.cl\/portal\/wp-content\/uploads\/2014\/09\/Detenido11.jpg?fit=528%2C388&ssl=1","jetpack_sharing_enabled":true,"jetpack_likes_enabled":true,"jetpack-related-posts":[],"_links":{"self":[{"href":"https:\/\/eltrabajo.cl\/portal\/wp-json\/wp\/v2\/posts\/50863","targetHints":{"allow":["GET"]}}],"collection":[{"href":"https:\/\/eltrabajo.cl\/portal\/wp-json\/wp\/v2\/posts"}],"about":[{"href":"https:\/\/eltrabajo.cl\/portal\/wp-json\/wp\/v2\/types\/post"}],"author":[{"embeddable":true,"href":"https:\/\/eltrabajo.cl\/portal\/wp-json\/wp\/v2\/users\/482"}],"replies":[{"embeddable":true,"href":"https:\/\/eltrabajo.cl\/portal\/wp-json\/wp\/v2\/comments?post=50863"}],"version-history":[{"count":0,"href":"https:\/\/eltrabajo.cl\/portal\/wp-json\/wp\/v2\/posts\/50863\/revisions"}],"wp:featuredmedia":[{"embeddable":true,"href":"https:\/\/eltrabajo.cl\/portal\/wp-json\/wp\/v2\/media\/50864"}],"wp:attachment":[{"href":"https:\/\/eltrabajo.cl\/portal\/wp-json\/wp\/v2\/media?parent=50863"}],"wp:term":[{"taxonomy":"category","embeddable":true,"href":"https:\/\/eltrabajo.cl\/portal\/wp-json\/wp\/v2\/categories?post=50863"},{"taxonomy":"post_tag","embeddable":true,"href":"https:\/\/eltrabajo.cl\/portal\/wp-json\/wp\/v2\/tags?post=50863"}],"curies":[{"name":"wp","href":"https:\/\/api.w.org\/{rel}","templated":true}]}}