{"id":50871,"date":"2014-09-08T10:10:07","date_gmt":"2014-09-08T13:10:07","guid":{"rendered":"http:\/\/www.eltrabajo.cl\/portal\/?p=50871"},"modified":"2014-09-08T10:10:07","modified_gmt":"2014-09-08T13:10:07","slug":"asaltantes-lo-bajan-del-auto-a-patadas-y-lo-mandan-al-hospital","status":"publish","type":"post","link":"https:\/\/eltrabajo.cl\/portal\/asaltantes-lo-bajan-del-auto-a-patadas-y-lo-mandan-al-hospital\/","title":{"rendered":"Asaltantes lo bajan del auto a patadas y lo mandan al hospital"},"content":{"rendered":"<figure id=\"attachment_50872\" aria-describedby=\"caption-attachment-50872\" style=\"width: 370px\" class=\"wp-caption alignleft\"><a href=\"https:\/\/i0.wp.com\/www.eltrabajo.cl\/portal\/wp-content\/uploads\/2014\/09\/Delinceunte.jpg\"><img data-recalc-dims=\"1\" loading=\"lazy\" decoding=\"async\" class=\" wp-image-50872 \" alt=\"Carabineros logr\u00f3 capturar a uno de los seis autores de este robo con violencia para ser formalizado por la fiscal\u00eda.  El Tribunal acogi\u00f3 la petici\u00f3n de prisi\u00f3n preventiva por un plazo de 60 d\u00edas (Foto Archivo).\" src=\"https:\/\/i0.wp.com\/www.eltrabajo.cl\/portal\/wp-content\/uploads\/2014\/09\/Delinceunte.jpg?resize=370%2C280\" width=\"370\" height=\"280\" srcset=\"https:\/\/i0.wp.com\/eltrabajo.cl\/portal\/wp-content\/uploads\/2014\/09\/Delinceunte.jpg?w=528&amp;ssl=1 528w, https:\/\/i0.wp.com\/eltrabajo.cl\/portal\/wp-content\/uploads\/2014\/09\/Delinceunte.jpg?resize=198%2C150&amp;ssl=1 198w, https:\/\/i0.wp.com\/eltrabajo.cl\/portal\/wp-content\/uploads\/2014\/09\/Delinceunte.jpg?resize=300%2C227&amp;ssl=1 300w, https:\/\/i0.wp.com\/eltrabajo.cl\/portal\/wp-content\/uploads\/2014\/09\/Delinceunte.jpg?resize=150%2C113&amp;ssl=1 150w, https:\/\/i0.wp.com\/eltrabajo.cl\/portal\/wp-content\/uploads\/2014\/09\/Delinceunte.jpg?resize=400%2C303&amp;ssl=1 400w\" sizes=\"auto, (max-width: 370px) 100vw, 370px\" \/><\/a><figcaption id=\"caption-attachment-50872\" class=\"wp-caption-text\">Carabineros logr\u00f3 capturar a uno de los seis autores de este robo con violencia para ser formalizado por la fiscal\u00eda. El Tribunal acogi\u00f3 la petici\u00f3n de prisi\u00f3n preventiva por un plazo de 60 d\u00edas (Foto Archivo).<\/figcaption><\/figure>\n<p>Una literal pesadilla sufri\u00f3 un hombre de 45 a\u00f1os cuando se desplazaba en su veh\u00edculo por Calle Tacna Norte en la comuna de San Felipe, en donde fue interceptado por seis individuos que impidieron su marcha y lo obligaron descender mediante golpes de pies y pu\u00f1os, para robar su tel\u00e9fono celular junto con el veh\u00edculo.<\/p>\n<p>El hecho se registr\u00f3 en horas de la madrugada de ayer domingo, cuando el afectado debi\u00f3 concurrir a pie hasta la Segunda Comisar\u00eda de Carabineros para alertar de la paliza que fue v\u00edctima y el robo de sus pertenencias por este grupo de v\u00e1ndalos, quienes huyeron en direcci\u00f3n desconocida. Luego de diversos patrullajes realizados por Carabineros, alertaron a todas las unidades del robo del autom\u00f3vil marca Hyndai modelo I10 de color blanco, en cuyo interior se encontrar\u00edan seis delincuentes.<\/p>\n<p><strong>\u00a0<\/strong><strong>MUY VIOLENTOS<\/strong><\/p>\n<p>Sin embargo un llamado an\u00f3nimo a Nivel 133 advirti\u00f3 a la Polic\u00eda que en el sector de Departamentos Parras\u00eda de San Felipe, un grupo de antisociales estaba realizando destrozos y desmantelamiento de un veh\u00edculo, por lo que Carabineros se traslad\u00f3 hasta ese sector comprobando que se trataba de la especie de propiedad de la v\u00edctima antes denunciada.<\/p>\n<p>En esos instantes los sujetos escaparon en distintas direcciones, pero s\u00f3lo se pudo capturar a uno de ellos, siendo identificado como Juan Carlos G.Ch. de 19 a\u00f1os de edad, quien fue trasladado hasta la unidad policial.<\/p>\n<p>De acuerdo al informe de Carabineros, los sujetos destrozaron el parabrisas y la luneta o cristal trasero del m\u00f3vil, adem\u00e1s de la sustracci\u00f3n de la radio musical arrancada completa desde su base.<\/p>\n<p>Hasta el momento no se logr\u00f3 dar con la ubicaci\u00f3n de los otros involucrados en este hecho delictual.<\/p>\n<p>En tanto la v\u00edctima fue derivada hasta el Servicio de Urgencias del Hospital San Camilo, cuyas lesiones fueron diagnosticadas de car\u00e1cter leve.<\/p>\n<p>El imputado fue trasladado hasta el Juzgado de Garant\u00eda de San Felipe, donde fue formalizado por el Fiscal Julio Palacios por el delito de Robo con violencia, requiriendo la m\u00e1xima cautelar de Prisi\u00f3n Preventiva por representar un peligro para la sociedad. Dicha petici\u00f3n fue concedida por el tribunal por un plazo de 60 d\u00edas, tiempo en el cual se deber\u00e1 realizar la investigaci\u00f3n del caso.<\/p>\n<p>Pablo Salinas Sald\u00edas<\/p>\n","protected":false},"excerpt":{"rendered":"<p>Una literal pesadilla sufri\u00f3 un hombre de 45 a\u00f1os cuando se desplazaba en su veh\u00edculo por Calle Tacna Norte en la comuna de San Felipe, en donde fue interceptado por seis individuos&#8230;<\/p>\n","protected":false},"author":482,"featured_media":50872,"comment_status":"open","ping_status":"closed","sticky":false,"template":"","format":"standard","meta":{"advanced_seo_description":"","jetpack_seo_html_title":"","jetpack_seo_noindex":false,"_jetpack_memberships_contains_paid_content":false,"footnotes":""},"categories":[21],"tags":[],"class_list":["post-50871","post","type-post","status-publish","format-standard","has-post-thumbnail","hentry","category-policial"],"jetpack_featured_media_url":"https:\/\/i0.wp.com\/eltrabajo.cl\/portal\/wp-content\/uploads\/2014\/09\/Delinceunte.jpg?fit=528%2C400&ssl=1","jetpack_sharing_enabled":true,"jetpack_likes_enabled":true,"jetpack-related-posts":[],"_links":{"self":[{"href":"https:\/\/eltrabajo.cl\/portal\/wp-json\/wp\/v2\/posts\/50871","targetHints":{"allow":["GET"]}}],"collection":[{"href":"https:\/\/eltrabajo.cl\/portal\/wp-json\/wp\/v2\/posts"}],"about":[{"href":"https:\/\/eltrabajo.cl\/portal\/wp-json\/wp\/v2\/types\/post"}],"author":[{"embeddable":true,"href":"https:\/\/eltrabajo.cl\/portal\/wp-json\/wp\/v2\/users\/482"}],"replies":[{"embeddable":true,"href":"https:\/\/eltrabajo.cl\/portal\/wp-json\/wp\/v2\/comments?post=50871"}],"version-history":[{"count":0,"href":"https:\/\/eltrabajo.cl\/portal\/wp-json\/wp\/v2\/posts\/50871\/revisions"}],"wp:featuredmedia":[{"embeddable":true,"href":"https:\/\/eltrabajo.cl\/portal\/wp-json\/wp\/v2\/media\/50872"}],"wp:attachment":[{"href":"https:\/\/eltrabajo.cl\/portal\/wp-json\/wp\/v2\/media?parent=50871"}],"wp:term":[{"taxonomy":"category","embeddable":true,"href":"https:\/\/eltrabajo.cl\/portal\/wp-json\/wp\/v2\/categories?post=50871"},{"taxonomy":"post_tag","embeddable":true,"href":"https:\/\/eltrabajo.cl\/portal\/wp-json\/wp\/v2\/tags?post=50871"}],"curies":[{"name":"wp","href":"https:\/\/api.w.org\/{rel}","templated":true}]}}