{"id":50881,"date":"2014-09-09T09:24:49","date_gmt":"2014-09-09T12:24:49","guid":{"rendered":"http:\/\/www.eltrabajo.cl\/portal\/?p=50881"},"modified":"2014-09-09T09:24:49","modified_gmt":"2014-09-09T12:24:49","slug":"departamento-de-cultura-inicia-talleres-de-guitarra-y-danza-arabe","status":"publish","type":"post","link":"https:\/\/eltrabajo.cl\/portal\/departamento-de-cultura-inicia-talleres-de-guitarra-y-danza-arabe\/","title":{"rendered":"Departamento de Cultura inicia talleres de guitarra y danza \u00e1rabe"},"content":{"rendered":"<figure id=\"attachment_50882\" aria-describedby=\"caption-attachment-50882\" style=\"width: 317px\" class=\"wp-caption alignleft\"><a href=\"https:\/\/i0.wp.com\/www.eltrabajo.cl\/portal\/wp-content\/uploads\/2014\/09\/Lolas.jpg\"><img data-recalc-dims=\"1\" loading=\"lazy\" decoding=\"async\" class=\" wp-image-50882 \" alt=\"Patricia Lolas, encargada del \u00e1rea de formaci\u00f3n del Departamento de Cultura de la municipalidad.\" src=\"https:\/\/i0.wp.com\/www.eltrabajo.cl\/portal\/wp-content\/uploads\/2014\/09\/Lolas.jpg?resize=317%2C272\" width=\"317\" height=\"272\" srcset=\"https:\/\/i0.wp.com\/eltrabajo.cl\/portal\/wp-content\/uploads\/2014\/09\/Lolas.jpg?w=528&amp;ssl=1 528w, https:\/\/i0.wp.com\/eltrabajo.cl\/portal\/wp-content\/uploads\/2014\/09\/Lolas.jpg?resize=174%2C150&amp;ssl=1 174w, https:\/\/i0.wp.com\/eltrabajo.cl\/portal\/wp-content\/uploads\/2014\/09\/Lolas.jpg?resize=300%2C257&amp;ssl=1 300w, https:\/\/i0.wp.com\/eltrabajo.cl\/portal\/wp-content\/uploads\/2014\/09\/Lolas.jpg?resize=150%2C128&amp;ssl=1 150w, https:\/\/i0.wp.com\/eltrabajo.cl\/portal\/wp-content\/uploads\/2014\/09\/Lolas.jpg?resize=400%2C343&amp;ssl=1 400w\" sizes=\"auto, (max-width: 317px) 100vw, 317px\" \/><\/a><figcaption id=\"caption-attachment-50882\" class=\"wp-caption-text\">Patricia Lolas, encargada del \u00e1rea de formaci\u00f3n del Departamento de Cultura de la municipalidad.<\/figcaption><\/figure>\n<p>Un llamado a la comunidad sanfelipe\u00f1a est\u00e1 formulando el Departamento de Cultura de la municipalidad, para que participe en los talleres gratuitos de guitarra para ni\u00f1os y adultos, as\u00ed como de guitarra para mujeres, que estar\u00e1 impartiendo a contar de esta semana en sus dependencias de Avenida Chacabuco.<\/p>\n<p>Seg\u00fan se\u00f1al\u00f3 Patricia Lolas, encargada del \u00e1rea de formaci\u00f3n de esta unidad municipal, se trata de dos nuevas iniciativas que se espera, tengan una favorable acogida. \u201cEstos talleres se extender\u00e1n hasta el mes de diciembre. Uno de ellos, es de guitarra para ni\u00f1os a partir de los seis a\u00f1os de edad, que se imparte los d\u00edas mi\u00e9rcoles de 18.00 a 20.00 horas, mientras que los adultos tambi\u00e9n pueden participar en estas clases de guitarra, los d\u00edas jueves en el mismo horario, los que se realizar\u00e1n en nuestras dependencias de Chacabuco 178\u201d, inform\u00f3 Lolas.<\/p>\n<p>El segundo taller est\u00e1 orientado a las mujeres y corresponde al aprendizaje de la danza \u00e1rabe, el que se dictar\u00e1 los d\u00edas lunes y martes, de 09:00 a 10:30 horas. \u201cLas inscripciones est\u00e1n abiertas y la idea es que los interesados vengan a nuestras oficinas, para que puedan conocer m\u00e1s de estos talleres y se inscriban, ya que quedan cupos\u201d, manifest\u00f3 la profesional.<\/p>\n<p>Precis\u00f3 que en general, los restantes talleres que se imparten y que partieron en marzo, ya est\u00e1n en etapa de cierre durante el mes de septiembre. \u201cNo obstante, tenemos talleres en diferentes sectores de la comuna, que solicitan las organizaciones comunitarias y se imparten en las sedes comunitarias\u201d, agreg\u00f3 Patricia Lolas. Los talleres son gratuitos y no existe ning\u00fan requisito para que los interesados puedan participar.<\/p>\n<p>&nbsp;<\/p>\n","protected":false},"excerpt":{"rendered":"<p>Un llamado a la comunidad sanfelipe\u00f1a est\u00e1 formulando el Departamento de Cultura de la municipalidad, para que participe en los talleres gratuitos de guitarra para ni\u00f1os y adultos, as\u00ed como de guitarra&#8230;<\/p>\n","protected":false},"author":482,"featured_media":50882,"comment_status":"open","ping_status":"closed","sticky":false,"template":"","format":"standard","meta":{"advanced_seo_description":"","jetpack_seo_html_title":"","jetpack_seo_noindex":false,"_jetpack_memberships_contains_paid_content":false,"footnotes":""},"categories":[15],"tags":[],"class_list":["post-50881","post","type-post","status-publish","format-standard","has-post-thumbnail","hentry","category-comunidad"],"jetpack_featured_media_url":"https:\/\/i0.wp.com\/eltrabajo.cl\/portal\/wp-content\/uploads\/2014\/09\/Lolas.jpg?fit=528%2C454&ssl=1","jetpack_sharing_enabled":true,"jetpack_likes_enabled":true,"jetpack-related-posts":[],"_links":{"self":[{"href":"https:\/\/eltrabajo.cl\/portal\/wp-json\/wp\/v2\/posts\/50881","targetHints":{"allow":["GET"]}}],"collection":[{"href":"https:\/\/eltrabajo.cl\/portal\/wp-json\/wp\/v2\/posts"}],"about":[{"href":"https:\/\/eltrabajo.cl\/portal\/wp-json\/wp\/v2\/types\/post"}],"author":[{"embeddable":true,"href":"https:\/\/eltrabajo.cl\/portal\/wp-json\/wp\/v2\/users\/482"}],"replies":[{"embeddable":true,"href":"https:\/\/eltrabajo.cl\/portal\/wp-json\/wp\/v2\/comments?post=50881"}],"version-history":[{"count":0,"href":"https:\/\/eltrabajo.cl\/portal\/wp-json\/wp\/v2\/posts\/50881\/revisions"}],"wp:featuredmedia":[{"embeddable":true,"href":"https:\/\/eltrabajo.cl\/portal\/wp-json\/wp\/v2\/media\/50882"}],"wp:attachment":[{"href":"https:\/\/eltrabajo.cl\/portal\/wp-json\/wp\/v2\/media?parent=50881"}],"wp:term":[{"taxonomy":"category","embeddable":true,"href":"https:\/\/eltrabajo.cl\/portal\/wp-json\/wp\/v2\/categories?post=50881"},{"taxonomy":"post_tag","embeddable":true,"href":"https:\/\/eltrabajo.cl\/portal\/wp-json\/wp\/v2\/tags?post=50881"}],"curies":[{"name":"wp","href":"https:\/\/api.w.org\/{rel}","templated":true}]}}