{"id":50885,"date":"2014-09-09T09:26:18","date_gmt":"2014-09-09T12:26:18","guid":{"rendered":"http:\/\/www.eltrabajo.cl\/portal\/?p=50885"},"modified":"2014-09-09T09:26:18","modified_gmt":"2014-09-09T12:26:18","slug":"desarrollan-programas-especiales-para-prevenir-consumo-de-drogas","status":"publish","type":"post","link":"https:\/\/eltrabajo.cl\/portal\/desarrollan-programas-especiales-para-prevenir-consumo-de-drogas\/","title":{"rendered":"Desarrollan programas especiales para prevenir consumo de drogas"},"content":{"rendered":"<figure id=\"attachment_50886\" aria-describedby=\"caption-attachment-50886\" style=\"width: 529px\" class=\"wp-caption alignnone\"><a href=\"https:\/\/i0.wp.com\/www.eltrabajo.cl\/portal\/wp-content\/uploads\/2014\/09\/Mayo1.jpg\"><img data-recalc-dims=\"1\" loading=\"lazy\" decoding=\"async\" class=\"size-full wp-image-50886\" alt=\"Un trabajo especial que busca prevenir el consumo de alcohol y drogas entre estudiantes, se desarrolla durante el presente a\u00f1o en la Escuela 21 de Mayo en conjunto con Senda-Previene San Felipe.\" src=\"https:\/\/i0.wp.com\/www.eltrabajo.cl\/portal\/wp-content\/uploads\/2014\/09\/Mayo1.jpg?resize=529%2C401\" width=\"529\" height=\"401\" srcset=\"https:\/\/i0.wp.com\/eltrabajo.cl\/portal\/wp-content\/uploads\/2014\/09\/Mayo1.jpg?w=529&amp;ssl=1 529w, https:\/\/i0.wp.com\/eltrabajo.cl\/portal\/wp-content\/uploads\/2014\/09\/Mayo1.jpg?resize=197%2C150&amp;ssl=1 197w, https:\/\/i0.wp.com\/eltrabajo.cl\/portal\/wp-content\/uploads\/2014\/09\/Mayo1.jpg?resize=300%2C227&amp;ssl=1 300w, https:\/\/i0.wp.com\/eltrabajo.cl\/portal\/wp-content\/uploads\/2014\/09\/Mayo1.jpg?resize=150%2C113&amp;ssl=1 150w, https:\/\/i0.wp.com\/eltrabajo.cl\/portal\/wp-content\/uploads\/2014\/09\/Mayo1.jpg?resize=400%2C303&amp;ssl=1 400w\" sizes=\"auto, (max-width: 529px) 100vw, 529px\" \/><\/a><figcaption id=\"caption-attachment-50886\" class=\"wp-caption-text\">Un trabajo especial que busca prevenir el consumo de alcohol y drogas entre estudiantes, se desarrolla durante el presente a\u00f1o en la Escuela 21 de Mayo en conjunto con Senda-Previene San Felipe.<\/figcaption><\/figure>\n<p>Un trabajo especial que busca prevenir el consumo de alcohol y drogas entre estudiantes, se desarrolla durante el presente a\u00f1o en la Escuela 21 de Mayo en conjunto con Senda-Previene San Felipe. El trabajo que se realiza en el establecimiento educacional comprende en la implementaci\u00f3n el Sistema Integrado Chile Previene en la Escuela, el Programa A tiempo y la Iniciativa estrategia de pares. \u201cEl primero de ellos tiene como principal \u00e9nfasis promover la generaci\u00f3n y articulaci\u00f3n de programas preventivos y con ello contribuir a la mejora del desempe\u00f1o escolar, como tambi\u00e9n el ambiente donde los estudiantes se desarrollan\u201d.<\/p>\n<p>Por otra parte, el Programa A tiempo tiene como objetivo prevenir de manera selectiva el consumo de alcohol y drogas. \u201cA trav\u00e9s de esta iniciativa se busca implementar una estrategia eficaz de detecci\u00f3n precoz e intervenci\u00f3n temprana antes de un posible consumo de dichas sustancias, por lo que en este caso se trabaja directamente con estudiantes de s\u00e9ptimo y octavo a\u00f1o b\u00e1sico.<\/p>\n<p>Y finalmente, la Estrategia de Pares consisten en la capacitaci\u00f3n de un grupo de alumnos de 7\u00ba b\u00e1sico del propio establecimiento educacional, quienes adquieres y desarrollan herramientas preventivas, las cuales son traspasadas a compa\u00f1eros de curso inferiores por medio de sesiones de trabajo, las cuales promueven el auto-cuidado, un estilo de vida saludable y el desarrollo y fortalecimiento de factores protectores.<\/p>\n<p>La implementaci\u00f3n de estos programas busca potenciar a la escuela como un establecimiento que promueve la prevenci\u00f3n del consumo de drogas y adem\u00e1s, viene a fortalecer el trabajo que desde el a\u00f1o pasado se implementa con el Sistema Integrado Chile Previene en la Escuela. El director del establecimiento 21 de Mayo, Manuel Araya Carvallo, agradeci\u00f3 de manera especial al personal de Senda-Previene y a los estudiantes que est\u00e1n constantemente en talleres de prevenci\u00f3n de drogas y alcohol.<\/p>\n<p>&nbsp;<\/p>\n","protected":false},"excerpt":{"rendered":"<p>Un trabajo especial que busca prevenir el consumo de alcohol y drogas entre estudiantes, se desarrolla durante el presente a\u00f1o en la Escuela 21 de Mayo en conjunto con Senda-Previene San Felipe&#8230;.<\/p>\n","protected":false},"author":482,"featured_media":50886,"comment_status":"open","ping_status":"closed","sticky":false,"template":"","format":"standard","meta":{"advanced_seo_description":"","jetpack_seo_html_title":"","jetpack_seo_noindex":false,"_jetpack_memberships_contains_paid_content":false,"footnotes":""},"categories":[15],"tags":[],"class_list":["post-50885","post","type-post","status-publish","format-standard","has-post-thumbnail","hentry","category-comunidad"],"jetpack_featured_media_url":"https:\/\/i0.wp.com\/eltrabajo.cl\/portal\/wp-content\/uploads\/2014\/09\/Mayo1.jpg?fit=529%2C401&ssl=1","jetpack_sharing_enabled":true,"jetpack_likes_enabled":true,"jetpack-related-posts":[],"_links":{"self":[{"href":"https:\/\/eltrabajo.cl\/portal\/wp-json\/wp\/v2\/posts\/50885","targetHints":{"allow":["GET"]}}],"collection":[{"href":"https:\/\/eltrabajo.cl\/portal\/wp-json\/wp\/v2\/posts"}],"about":[{"href":"https:\/\/eltrabajo.cl\/portal\/wp-json\/wp\/v2\/types\/post"}],"author":[{"embeddable":true,"href":"https:\/\/eltrabajo.cl\/portal\/wp-json\/wp\/v2\/users\/482"}],"replies":[{"embeddable":true,"href":"https:\/\/eltrabajo.cl\/portal\/wp-json\/wp\/v2\/comments?post=50885"}],"version-history":[{"count":0,"href":"https:\/\/eltrabajo.cl\/portal\/wp-json\/wp\/v2\/posts\/50885\/revisions"}],"wp:featuredmedia":[{"embeddable":true,"href":"https:\/\/eltrabajo.cl\/portal\/wp-json\/wp\/v2\/media\/50886"}],"wp:attachment":[{"href":"https:\/\/eltrabajo.cl\/portal\/wp-json\/wp\/v2\/media?parent=50885"}],"wp:term":[{"taxonomy":"category","embeddable":true,"href":"https:\/\/eltrabajo.cl\/portal\/wp-json\/wp\/v2\/categories?post=50885"},{"taxonomy":"post_tag","embeddable":true,"href":"https:\/\/eltrabajo.cl\/portal\/wp-json\/wp\/v2\/tags?post=50885"}],"curies":[{"name":"wp","href":"https:\/\/api.w.org\/{rel}","templated":true}]}}