{"id":50907,"date":"2014-09-09T09:35:34","date_gmt":"2014-09-09T12:35:34","guid":{"rendered":"http:\/\/www.eltrabajo.cl\/portal\/?p=50907"},"modified":"2014-09-09T09:35:34","modified_gmt":"2014-09-09T12:35:34","slug":"sanfelipenos-disfrutaron-del-radioteatro-en-la-terraza","status":"publish","type":"post","link":"https:\/\/eltrabajo.cl\/portal\/sanfelipenos-disfrutaron-del-radioteatro-en-la-terraza\/","title":{"rendered":"Sanfelipe\u00f1os disfrutaron del radioteatro en la terraza"},"content":{"rendered":"<figure id=\"attachment_50908\" aria-describedby=\"caption-attachment-50908\" style=\"width: 370px\" class=\"wp-caption alignleft\"><a href=\"https:\/\/i0.wp.com\/www.eltrabajo.cl\/portal\/wp-content\/uploads\/2014\/09\/Radioteatro.jpg\"><img data-recalc-dims=\"1\" loading=\"lazy\" decoding=\"async\" class=\" wp-image-50908 \" alt=\"Sanfelipe\u00f1os de todas las edades disfrutaron del Radio Teatro, en la Terraza de la Plaza de Armas.\" src=\"https:\/\/i0.wp.com\/www.eltrabajo.cl\/portal\/wp-content\/uploads\/2014\/09\/Radioteatro.jpg?resize=370%2C263\" width=\"370\" height=\"263\" srcset=\"https:\/\/i0.wp.com\/eltrabajo.cl\/portal\/wp-content\/uploads\/2014\/09\/Radioteatro.jpg?w=529&amp;ssl=1 529w, https:\/\/i0.wp.com\/eltrabajo.cl\/portal\/wp-content\/uploads\/2014\/09\/Radioteatro.jpg?resize=200%2C141&amp;ssl=1 200w, https:\/\/i0.wp.com\/eltrabajo.cl\/portal\/wp-content\/uploads\/2014\/09\/Radioteatro.jpg?resize=300%2C212&amp;ssl=1 300w, https:\/\/i0.wp.com\/eltrabajo.cl\/portal\/wp-content\/uploads\/2014\/09\/Radioteatro.jpg?resize=150%2C106&amp;ssl=1 150w, https:\/\/i0.wp.com\/eltrabajo.cl\/portal\/wp-content\/uploads\/2014\/09\/Radioteatro.jpg?resize=400%2C283&amp;ssl=1 400w\" sizes=\"auto, (max-width: 370px) 100vw, 370px\" \/><\/a><figcaption id=\"caption-attachment-50908\" class=\"wp-caption-text\">Sanfelipe\u00f1os de todas las edades disfrutaron del Radio Teatro, en la Terraza de la Plaza de Armas.<\/figcaption><\/figure>\n<p>Bajo la direcci\u00f3n de Alexis Quiroz, se presentaron en la terraza de la Plaza de Armas de San Felipe, dos obras de radioteatro que permitieron a los sanfelipe\u00f1os recordar con nostalgia la magia que ofrec\u00eda anta\u00f1o la radiofon\u00eda a trav\u00e9s de programas tales como \u201cLo que cuenta el viento\u201d, \u201cRadiotanda\u201d, \u201cHogar dulce hogar\u201d y muchos otros.<\/p>\n<p>La iniciativa, impulsada desde el Departamento de Cultura de la municipalidad, permiti\u00f3 que tanto al mediod\u00eda como en la tarde del s\u00e1bado, se presentara el elenco de Artycom, cuyos actores realizan trabajos de doblaje de voces para diversas pel\u00edculas y series, entre las cuales se encuentra la popular \u201cLas mil y una noches\u201d.<\/p>\n<p>En primera instancia, los actores ofrecieron a los ni\u00f1os y sus padres un espect\u00e1culo de radioteatro donde pudieron identificar las voces de personajes de historietas de Disney, en tanto que por la tarde se ofreci\u00f3 una obra m\u00e1s familiar que contaba la historia de \u201cLa Gitana\u201d. El encargado del Departamento de Cultura de la Municipalidad de San Felipe, Ricardo Ruiz Herrera, manifest\u00f3 que \u201cesta compa\u00f1\u00eda vino a realizar estas dos presentaciones sin costo alguno, permitiendo por ejemplo que en la ma\u00f1ana de este s\u00e1bado, los ni\u00f1os viniesen con sus abuelos y sus pap\u00e1s, para disfrutar de la magia del radioteatro\u201d.<\/p>\n<p>En tanto, la concejala Jeanette Sotomayor, agradeci\u00f3 la disposici\u00f3n de los actores de Artycom, para acudir a San Felipe y presentar estas dos obras de radioteatro, que sin duda alguna permitieron al p\u00fablico disfrutar y rememorar, sobre todo a los adultos, aquella \u00e9poca en que los programas de teatro radial eran todo un \u00e9xito de sinton\u00eda.<\/p>\n<p>&nbsp;<\/p>\n","protected":false},"excerpt":{"rendered":"<p>Bajo la direcci\u00f3n de Alexis Quiroz, se presentaron en la terraza de la Plaza de Armas de San Felipe, dos obras de radioteatro que permitieron a los sanfelipe\u00f1os recordar con nostalgia la&#8230;<\/p>\n","protected":false},"author":482,"featured_media":50908,"comment_status":"open","ping_status":"closed","sticky":false,"template":"","format":"standard","meta":{"advanced_seo_description":"","jetpack_seo_html_title":"","jetpack_seo_noindex":false,"_jetpack_memberships_contains_paid_content":false,"footnotes":""},"categories":[15],"tags":[],"class_list":["post-50907","post","type-post","status-publish","format-standard","has-post-thumbnail","hentry","category-comunidad"],"jetpack_featured_media_url":"https:\/\/i0.wp.com\/eltrabajo.cl\/portal\/wp-content\/uploads\/2014\/09\/Radioteatro.jpg?fit=529%2C375&ssl=1","jetpack_sharing_enabled":true,"jetpack_likes_enabled":true,"jetpack-related-posts":[],"_links":{"self":[{"href":"https:\/\/eltrabajo.cl\/portal\/wp-json\/wp\/v2\/posts\/50907","targetHints":{"allow":["GET"]}}],"collection":[{"href":"https:\/\/eltrabajo.cl\/portal\/wp-json\/wp\/v2\/posts"}],"about":[{"href":"https:\/\/eltrabajo.cl\/portal\/wp-json\/wp\/v2\/types\/post"}],"author":[{"embeddable":true,"href":"https:\/\/eltrabajo.cl\/portal\/wp-json\/wp\/v2\/users\/482"}],"replies":[{"embeddable":true,"href":"https:\/\/eltrabajo.cl\/portal\/wp-json\/wp\/v2\/comments?post=50907"}],"version-history":[{"count":0,"href":"https:\/\/eltrabajo.cl\/portal\/wp-json\/wp\/v2\/posts\/50907\/revisions"}],"wp:featuredmedia":[{"embeddable":true,"href":"https:\/\/eltrabajo.cl\/portal\/wp-json\/wp\/v2\/media\/50908"}],"wp:attachment":[{"href":"https:\/\/eltrabajo.cl\/portal\/wp-json\/wp\/v2\/media?parent=50907"}],"wp:term":[{"taxonomy":"category","embeddable":true,"href":"https:\/\/eltrabajo.cl\/portal\/wp-json\/wp\/v2\/categories?post=50907"},{"taxonomy":"post_tag","embeddable":true,"href":"https:\/\/eltrabajo.cl\/portal\/wp-json\/wp\/v2\/tags?post=50907"}],"curies":[{"name":"wp","href":"https:\/\/api.w.org\/{rel}","templated":true}]}}