{"id":50911,"date":"2014-09-09T09:38:19","date_gmt":"2014-09-09T12:38:19","guid":{"rendered":"http:\/\/www.eltrabajo.cl\/portal\/?p=50911"},"modified":"2014-09-09T09:38:19","modified_gmt":"2014-09-09T12:38:19","slug":"recuperan-auto-robado-con-varias-especies-y-detienen-a-delincuentes","status":"publish","type":"post","link":"https:\/\/eltrabajo.cl\/portal\/recuperan-auto-robado-con-varias-especies-y-detienen-a-delincuentes\/","title":{"rendered":"Recuperan auto robado con varias especies y detienen a delincuentes"},"content":{"rendered":"<figure id=\"attachment_50912\" aria-describedby=\"caption-attachment-50912\" style=\"width: 370px\" class=\"wp-caption alignleft\"><a href=\"https:\/\/i0.wp.com\/www.eltrabajo.cl\/portal\/wp-content\/uploads\/2014\/09\/Capturados1.jpg\"><img data-recalc-dims=\"1\" loading=\"lazy\" decoding=\"async\" class=\" wp-image-50912 \" alt=\"Los sujetos detenidos fueron identificados como A.A.F.V. de 36 a\u00f1os, con amplio prontuario policial por el delito de Robo y B.A.P.V. de 29 a\u00f1os.\" src=\"https:\/\/i0.wp.com\/www.eltrabajo.cl\/portal\/wp-content\/uploads\/2014\/09\/Capturados1.jpg?resize=370%2C231\" width=\"370\" height=\"231\" srcset=\"https:\/\/i0.wp.com\/eltrabajo.cl\/portal\/wp-content\/uploads\/2014\/09\/Capturados1.jpg?w=528&amp;ssl=1 528w, https:\/\/i0.wp.com\/eltrabajo.cl\/portal\/wp-content\/uploads\/2014\/09\/Capturados1.jpg?resize=200%2C125&amp;ssl=1 200w, https:\/\/i0.wp.com\/eltrabajo.cl\/portal\/wp-content\/uploads\/2014\/09\/Capturados1.jpg?resize=300%2C187&amp;ssl=1 300w, https:\/\/i0.wp.com\/eltrabajo.cl\/portal\/wp-content\/uploads\/2014\/09\/Capturados1.jpg?resize=150%2C93&amp;ssl=1 150w, https:\/\/i0.wp.com\/eltrabajo.cl\/portal\/wp-content\/uploads\/2014\/09\/Capturados1.jpg?resize=400%2C250&amp;ssl=1 400w\" sizes=\"auto, (max-width: 370px) 100vw, 370px\" \/><\/a><figcaption id=\"caption-attachment-50912\" class=\"wp-caption-text\">Los sujetos detenidos fueron identificados como A.A.F.V. de 36 a\u00f1os, con amplio prontuario policial por el delito de Robo y B.A.P.V. de 29 a\u00f1os.<\/figcaption><\/figure>\n<p><strong>PUTAENDO<\/strong>.- El instinto de dos carabineros que patrullaban la carretera que une Putaendo con San Felipe, logro la detenci\u00f3n de dos peligrosos delincuentes con un amplio prontuario policial, la recuperaci\u00f3n de un veh\u00edculo que presentaba encargo por Robo el que estaba cargado con distintas especies, todo en una espectacular y cinematogr\u00e1fica persecuci\u00f3n.<\/p>\n<p>El Teniente de Carabineros, \u00c1ngelo Acevedo, indic\u00f3 que minutos antes del mediod\u00eda de este lunes, personal policial patrullaba la carretera y en sentido contario se desplazaba un veh\u00edculo cuyos ocupantes bajaron la vista al momento de toparse con el veh\u00edculo policial, lo que llev\u00f3 a que los efectivos policiales intuyeran que algo raro hab\u00eda en esos sujetos, por lo que se devolvieron y dieron alcance al veh\u00edculo y pidieran informaci\u00f3n v\u00eda radial de la patente de dicho veh\u00edculo, verificando que este presentaba un encargo por Robo en la ciudad de Los Andes.<\/p>\n<figure id=\"attachment_50913\" aria-describedby=\"caption-attachment-50913\" style=\"width: 370px\" class=\"wp-caption alignright\"><a href=\"https:\/\/i0.wp.com\/www.eltrabajo.cl\/portal\/wp-content\/uploads\/2014\/09\/Robado1.jpg\"><img data-recalc-dims=\"1\" loading=\"lazy\" decoding=\"async\" class=\" wp-image-50913 \" alt=\"Este es el auto recuperado por la Polic\u00eda luego que el mismo fuera robado en Los Andes.\" src=\"https:\/\/i0.wp.com\/www.eltrabajo.cl\/portal\/wp-content\/uploads\/2014\/09\/Robado1.jpg?resize=370%2C251\" width=\"370\" height=\"251\" srcset=\"https:\/\/i0.wp.com\/eltrabajo.cl\/portal\/wp-content\/uploads\/2014\/09\/Robado1.jpg?w=529&amp;ssl=1 529w, https:\/\/i0.wp.com\/eltrabajo.cl\/portal\/wp-content\/uploads\/2014\/09\/Robado1.jpg?resize=200%2C135&amp;ssl=1 200w, https:\/\/i0.wp.com\/eltrabajo.cl\/portal\/wp-content\/uploads\/2014\/09\/Robado1.jpg?resize=300%2C203&amp;ssl=1 300w, https:\/\/i0.wp.com\/eltrabajo.cl\/portal\/wp-content\/uploads\/2014\/09\/Robado1.jpg?resize=150%2C101&amp;ssl=1 150w, https:\/\/i0.wp.com\/eltrabajo.cl\/portal\/wp-content\/uploads\/2014\/09\/Robado1.jpg?resize=400%2C270&amp;ssl=1 400w\" sizes=\"auto, (max-width: 370px) 100vw, 370px\" \/><\/a><figcaption id=\"caption-attachment-50913\" class=\"wp-caption-text\">Este es el auto recuperado por la Polic\u00eda luego que el mismo fuera robado en Los Andes.<\/figcaption><\/figure>\n<p>Con esta informaci\u00f3n, el Cabo primero Luis Silva Ch\u00e1vez activ\u00f3 el parlante del veh\u00edculo policial y les orden\u00f3 que se detuvieran, ante lo cual los sujetos aumentaron la velocidad comenzando a adelantar a otros veh\u00edculos en forma peligrosa en direcci\u00f3n a San Felipe.<\/p>\n<p>El conductor del veh\u00edculo policial, el Cabo segundo Alexis Araneda Gonz\u00e1lez al ver el peligro que corr\u00edan los automovilistas que se transitaban por la ruta, en una arriesgada maniobra logro adelantar al veh\u00edculo donde se desplazaban los sujetos y atraves\u00f3 el carro policial a la altura del kil\u00f3metro 8 en el sector de Motel Tahay, obligando a los sujetos a detenerse, sin embargo los mismos intentaron huir hacia las viviendas del sector siendo finalmente apresados por los dos efectivos policiales.<\/p>\n<p>Al revisar el veh\u00edculo un Volkswagen patente GN 68-43 encontraron un computador port\u00e1til, un equipo musical, una importante cantidad de Cds, sacos vac\u00edos y varias herramientas conocidas como ganz\u00faa, especialmente acondicionadas para abrir autos al igual varias llaves de distintos modelos de veh\u00edculos, especies que los dos delincuentes no pudieron justificar y que provendr\u00edan de robos que hab\u00edan estado afectando a vecinos de la comuna de Putaendo.<\/p>\n<p>Los sujetos detenidos fueron identificados como A.A.F.V. de 36 a\u00f1os, con amplio prontuario policial por el delito de Robo y B.A.P.V. de 29 a\u00f1os, quien registrar m\u00e1s de 26 detenciones por Robo tambi\u00e9n con un amplio prontuario policial. Los dos delincuentes registran domicilio en la comuna de Catemu y quedaron detenidos por los cargos de Robo y Receptaci\u00f3n, por lo que ser\u00e1n puestos a disposici\u00f3n del Tribunal Mixto de la comuna de Putaendo.<\/p>\n<p>Finalmente el Teniente Acevedo destac\u00f3 el instinto policial de los dos efectivos policiales y agreg\u00f3 que Carabineros sigue trabajando intensamente en el combate a la delincuencia con resultados concretos, como las \u00faltimas detenciones a peligrosos delincuentes registradas en la comuna.<\/p>\n<p>Patricio Gallardo M.<\/p>\n<p>&nbsp;<\/p>\n","protected":false},"excerpt":{"rendered":"<p>PUTAENDO.- El instinto de dos carabineros que patrullaban la carretera que une Putaendo con San Felipe, logro la detenci\u00f3n de dos peligrosos delincuentes con un amplio prontuario policial, la recuperaci\u00f3n de un&#8230;<\/p>\n","protected":false},"author":482,"featured_media":50912,"comment_status":"open","ping_status":"closed","sticky":false,"template":"","format":"standard","meta":{"advanced_seo_description":"","jetpack_seo_html_title":"","jetpack_seo_noindex":false,"_jetpack_memberships_contains_paid_content":false,"footnotes":""},"categories":[21],"tags":[],"class_list":["post-50911","post","type-post","status-publish","format-standard","has-post-thumbnail","hentry","category-policial"],"jetpack_featured_media_url":"https:\/\/i0.wp.com\/eltrabajo.cl\/portal\/wp-content\/uploads\/2014\/09\/Capturados1.jpg?fit=528%2C330&ssl=1","jetpack_sharing_enabled":true,"jetpack_likes_enabled":true,"jetpack-related-posts":[],"_links":{"self":[{"href":"https:\/\/eltrabajo.cl\/portal\/wp-json\/wp\/v2\/posts\/50911","targetHints":{"allow":["GET"]}}],"collection":[{"href":"https:\/\/eltrabajo.cl\/portal\/wp-json\/wp\/v2\/posts"}],"about":[{"href":"https:\/\/eltrabajo.cl\/portal\/wp-json\/wp\/v2\/types\/post"}],"author":[{"embeddable":true,"href":"https:\/\/eltrabajo.cl\/portal\/wp-json\/wp\/v2\/users\/482"}],"replies":[{"embeddable":true,"href":"https:\/\/eltrabajo.cl\/portal\/wp-json\/wp\/v2\/comments?post=50911"}],"version-history":[{"count":0,"href":"https:\/\/eltrabajo.cl\/portal\/wp-json\/wp\/v2\/posts\/50911\/revisions"}],"wp:featuredmedia":[{"embeddable":true,"href":"https:\/\/eltrabajo.cl\/portal\/wp-json\/wp\/v2\/media\/50912"}],"wp:attachment":[{"href":"https:\/\/eltrabajo.cl\/portal\/wp-json\/wp\/v2\/media?parent=50911"}],"wp:term":[{"taxonomy":"category","embeddable":true,"href":"https:\/\/eltrabajo.cl\/portal\/wp-json\/wp\/v2\/categories?post=50911"},{"taxonomy":"post_tag","embeddable":true,"href":"https:\/\/eltrabajo.cl\/portal\/wp-json\/wp\/v2\/tags?post=50911"}],"curies":[{"name":"wp","href":"https:\/\/api.w.org\/{rel}","templated":true}]}}