{"id":50916,"date":"2014-09-09T09:39:10","date_gmt":"2014-09-09T12:39:10","guid":{"rendered":"http:\/\/www.eltrabajo.cl\/portal\/?p=50916"},"modified":"2014-09-09T09:39:10","modified_gmt":"2014-09-09T12:39:10","slug":"el-galleta-pagara-con-7-anos-de-carcel-la-muerte-de-ramon-otarola","status":"publish","type":"post","link":"https:\/\/eltrabajo.cl\/portal\/el-galleta-pagara-con-7-anos-de-carcel-la-muerte-de-ramon-otarola\/","title":{"rendered":"\u2018El Galleta\u2019 pagar\u00e1 con 7 a\u00f1os de c\u00e1rcel la muerte de Ram\u00f3n Ot\u00e1rola"},"content":{"rendered":"<figure id=\"attachment_50917\" aria-describedby=\"caption-attachment-50917\" style=\"width: 317px\" class=\"wp-caption alignleft\"><a href=\"https:\/\/i0.wp.com\/www.eltrabajo.cl\/portal\/wp-content\/uploads\/2014\/09\/Fiscal-Basso.jpg\"><img data-recalc-dims=\"1\" loading=\"lazy\" decoding=\"async\" class=\" wp-image-50917 \" alt=\"El Fiscal Osvaldo Basso se mostr\u00f3 conforme con la condena impuesta por el Tribunal Oral, argumentando que se encuentra ajustada a derecho.\" src=\"https:\/\/i0.wp.com\/www.eltrabajo.cl\/portal\/wp-content\/uploads\/2014\/09\/Fiscal-Basso.jpg?resize=317%2C240\" width=\"317\" height=\"240\" srcset=\"https:\/\/i0.wp.com\/eltrabajo.cl\/portal\/wp-content\/uploads\/2014\/09\/Fiscal-Basso.jpg?w=528&amp;ssl=1 528w, https:\/\/i0.wp.com\/eltrabajo.cl\/portal\/wp-content\/uploads\/2014\/09\/Fiscal-Basso.jpg?resize=198%2C150&amp;ssl=1 198w, https:\/\/i0.wp.com\/eltrabajo.cl\/portal\/wp-content\/uploads\/2014\/09\/Fiscal-Basso.jpg?resize=300%2C227&amp;ssl=1 300w, https:\/\/i0.wp.com\/eltrabajo.cl\/portal\/wp-content\/uploads\/2014\/09\/Fiscal-Basso.jpg?resize=150%2C113&amp;ssl=1 150w, https:\/\/i0.wp.com\/eltrabajo.cl\/portal\/wp-content\/uploads\/2014\/09\/Fiscal-Basso.jpg?resize=400%2C303&amp;ssl=1 400w\" sizes=\"auto, (max-width: 317px) 100vw, 317px\" \/><\/a><figcaption id=\"caption-attachment-50917\" class=\"wp-caption-text\">El Fiscal Osvaldo Basso se mostr\u00f3 conforme con la condena impuesta por el Tribunal Oral, argumentando que se encuentra ajustada a derecho.<\/figcaption><\/figure>\n<p>Los jueces del Tribunal Oral en Lo Penal de San Felipe fueron categ\u00f3ricos en condenar a Carlos Jim\u00e9nez Izquierdo, apodado \u2018El Galleta\u2019, a cumplir una pena de siete a\u00f1os por arrebatarle la vida a Ram\u00f3n Ot\u00e1rola Segovia de un balazo en el est\u00f3mago.<\/p>\n<p>Las pruebas periciales y testigos de los hechos fueron suficientes para los magistrados al momento de dictar la sentencia, luego de llevarse a cabo un juicio oral en contra de Jim\u00e9nez, a quien no se le concedi\u00f3 ning\u00fan tipo de beneficio intra-carcelario, lo que significa que deber\u00e1 cumplir la condena en forma efectiva.<\/p>\n<p>Tal como lo inform\u00f3 Diario El Trabajo en su edici\u00f3n pasada del d\u00eda viernes, la fiscal\u00eda acus\u00f3 a \u2018El Galleta\u2019 de 21 a\u00f1os de edad, por los hechos ocurridos el 14 de diciembre del 2013, eran las 05:00 horas cuando el sentenciado intercept\u00f3 a la v\u00edctima premunido de una escopeta hechiza y le dispar\u00f3 a un metro de distancia directo en la zona abdominal.<\/p>\n<p>Ram\u00f3n Ot\u00e1rola de 51 a\u00f1os de edad, cubierto de sangre, debi\u00f3 ser asistido por personal del Samu en la poblaci\u00f3n Nueva Algarrobal de San Felipe para ser trasladado hasta el Hospital San Camilo donde falleci\u00f3 horas despu\u00e9s.<\/p>\n<p>Personal de Carabineros de la Secci\u00f3n de Investigaci\u00f3n Policial (SIP) logr\u00f3 la captura de Jim\u00e9nez Izquierdo en su domicilio, quien indic\u00f3 donde se encontraba la escopeta hechiza con la cual efectu\u00f3 el disparo mortal por el cual fue detenido. Los primeros testimonios indicaron que este hecho se produjo por diversas rencillas anteriores entre la v\u00edctima y victimario.<\/p>\n<p>Tras la detenci\u00f3n de \u2018El Galleta\u2019, en aquella ocasi\u00f3n minutos m\u00e1s tarde su vivienda result\u00f3 afectada por un voraz incendio que consumi\u00f3 su inmueble propag\u00e1ndose hasta otra propiedad colindante, y las primeras hip\u00f3tesis indicaban que habr\u00eda sido intencional, en venganza por el homicidio de Ram\u00f3n Ot\u00e1rola.<\/p>\n<p>Luego de conocerse la lectura de sentencia, el fiscal a cargo de este caso, Osvaldo Basso, indic\u00f3 a Diario El Trabajo: \u201cAunque como fiscal\u00eda ped\u00edamos diez a\u00f1os, la pena impuesta por el Tribunal Oral en Lo Penal se ajusta a derecho y permitir\u00e1 a la familia de la v\u00edctima fortalecer su proceso reparatorio ante la lamentable p\u00e9rdida\u201d, precis\u00f3. En tanto la Defensa tiene un plazo de 10 d\u00edas para presentar un eventual recurso de nulidad del juicio.<\/p>\n<p>Pablo Salinas Sald\u00edas<\/p>\n","protected":false},"excerpt":{"rendered":"<p>Los jueces del Tribunal Oral en Lo Penal de San Felipe fueron categ\u00f3ricos en condenar a Carlos Jim\u00e9nez Izquierdo, apodado \u2018El Galleta\u2019, a cumplir una pena de siete a\u00f1os por arrebatarle la&#8230;<\/p>\n","protected":false},"author":482,"featured_media":50917,"comment_status":"open","ping_status":"closed","sticky":false,"template":"","format":"standard","meta":{"advanced_seo_description":"","jetpack_seo_html_title":"","jetpack_seo_noindex":false,"_jetpack_memberships_contains_paid_content":false,"footnotes":""},"categories":[21],"tags":[],"class_list":["post-50916","post","type-post","status-publish","format-standard","has-post-thumbnail","hentry","category-policial"],"jetpack_featured_media_url":"https:\/\/i0.wp.com\/eltrabajo.cl\/portal\/wp-content\/uploads\/2014\/09\/Fiscal-Basso.jpg?fit=528%2C400&ssl=1","jetpack_sharing_enabled":true,"jetpack_likes_enabled":true,"jetpack-related-posts":[],"_links":{"self":[{"href":"https:\/\/eltrabajo.cl\/portal\/wp-json\/wp\/v2\/posts\/50916","targetHints":{"allow":["GET"]}}],"collection":[{"href":"https:\/\/eltrabajo.cl\/portal\/wp-json\/wp\/v2\/posts"}],"about":[{"href":"https:\/\/eltrabajo.cl\/portal\/wp-json\/wp\/v2\/types\/post"}],"author":[{"embeddable":true,"href":"https:\/\/eltrabajo.cl\/portal\/wp-json\/wp\/v2\/users\/482"}],"replies":[{"embeddable":true,"href":"https:\/\/eltrabajo.cl\/portal\/wp-json\/wp\/v2\/comments?post=50916"}],"version-history":[{"count":0,"href":"https:\/\/eltrabajo.cl\/portal\/wp-json\/wp\/v2\/posts\/50916\/revisions"}],"wp:featuredmedia":[{"embeddable":true,"href":"https:\/\/eltrabajo.cl\/portal\/wp-json\/wp\/v2\/media\/50917"}],"wp:attachment":[{"href":"https:\/\/eltrabajo.cl\/portal\/wp-json\/wp\/v2\/media?parent=50916"}],"wp:term":[{"taxonomy":"category","embeddable":true,"href":"https:\/\/eltrabajo.cl\/portal\/wp-json\/wp\/v2\/categories?post=50916"},{"taxonomy":"post_tag","embeddable":true,"href":"https:\/\/eltrabajo.cl\/portal\/wp-json\/wp\/v2\/tags?post=50916"}],"curies":[{"name":"wp","href":"https:\/\/api.w.org\/{rel}","templated":true}]}}