{"id":50928,"date":"2014-09-09T09:44:52","date_gmt":"2014-09-09T12:44:52","guid":{"rendered":"http:\/\/www.eltrabajo.cl\/portal\/?p=50928"},"modified":"2014-09-09T09:44:52","modified_gmt":"2014-09-09T12:44:52","slug":"joven-clama-justicia-tras-hallar-su-auto-completamente-incendiado","status":"publish","type":"post","link":"https:\/\/eltrabajo.cl\/portal\/joven-clama-justicia-tras-hallar-su-auto-completamente-incendiado\/","title":{"rendered":"Joven clama justicia tras hallar su auto completamente incendiado"},"content":{"rendered":"<figure id=\"attachment_50929\" aria-describedby=\"caption-attachment-50929\" style=\"width: 370px\" class=\"wp-caption alignleft\"><a href=\"https:\/\/i0.wp.com\/www.eltrabajo.cl\/portal\/wp-content\/uploads\/2014\/09\/auto1.jpg\"><img data-recalc-dims=\"1\" loading=\"lazy\" decoding=\"async\" class=\" wp-image-50929 \" alt=\"El veh\u00edculo Honda Civic de propiedad de Fernanda Mu\u00f1oz, fue hallado completamente desmantelado e incendiado por desconocidos en Callej\u00f3n Los Naranjos.\" src=\"https:\/\/i0.wp.com\/www.eltrabajo.cl\/portal\/wp-content\/uploads\/2014\/09\/auto1.jpg?resize=370%2C214\" width=\"370\" height=\"214\" srcset=\"https:\/\/i0.wp.com\/eltrabajo.cl\/portal\/wp-content\/uploads\/2014\/09\/auto1.jpg?w=529&amp;ssl=1 529w, https:\/\/i0.wp.com\/eltrabajo.cl\/portal\/wp-content\/uploads\/2014\/09\/auto1.jpg?resize=200%2C115&amp;ssl=1 200w, https:\/\/i0.wp.com\/eltrabajo.cl\/portal\/wp-content\/uploads\/2014\/09\/auto1.jpg?resize=150%2C86&amp;ssl=1 150w, https:\/\/i0.wp.com\/eltrabajo.cl\/portal\/wp-content\/uploads\/2014\/09\/auto1.jpg?resize=400%2C230&amp;ssl=1 400w\" sizes=\"auto, (max-width: 370px) 100vw, 370px\" \/><\/a><figcaption id=\"caption-attachment-50929\" class=\"wp-caption-text\">El veh\u00edculo Honda Civic de propiedad de Fernanda Mu\u00f1oz, fue hallado completamente desmantelado e incendiado por desconocidos en Callej\u00f3n Los Naranjos.<\/figcaption><\/figure>\n<p>Desconsolada y absolutamente impotente por lo sucedido, Fernanda Mu\u00f1oz Zamora a\u00fan no puede creer que tras sufrir el robo de su veh\u00edculo desde el frontis de su vivienda en Poblaci\u00f3n Santa Br\u00edgida, tres d\u00edas m\u00e1s tarde \u00e9ste fue hallado completamente desmantelado e incendiado en Callej\u00f3n Los Naranjos en la comuna de San Felipe.<\/p>\n<figure id=\"attachment_50930\" aria-describedby=\"caption-attachment-50930\" style=\"width: 370px\" class=\"wp-caption alignright\"><a href=\"https:\/\/i0.wp.com\/www.eltrabajo.cl\/portal\/wp-content\/uploads\/2014\/09\/auto.jpg\"><img data-recalc-dims=\"1\" loading=\"lazy\" decoding=\"async\" class=\" wp-image-50930 \" alt=\"Tres d\u00edas m\u00e1s tarde fue hallado completamente desmantelado e incendiado en Callej\u00f3n Los Naranjos en la comuna de San Felipe. \" src=\"https:\/\/i0.wp.com\/www.eltrabajo.cl\/portal\/wp-content\/uploads\/2014\/09\/auto.jpg?resize=370%2C491\" width=\"370\" height=\"491\" srcset=\"https:\/\/i0.wp.com\/eltrabajo.cl\/portal\/wp-content\/uploads\/2014\/09\/auto.jpg?w=529&amp;ssl=1 529w, https:\/\/i0.wp.com\/eltrabajo.cl\/portal\/wp-content\/uploads\/2014\/09\/auto.jpg?resize=113%2C150&amp;ssl=1 113w, https:\/\/i0.wp.com\/eltrabajo.cl\/portal\/wp-content\/uploads\/2014\/09\/auto.jpg?resize=226%2C300&amp;ssl=1 226w, https:\/\/i0.wp.com\/eltrabajo.cl\/portal\/wp-content\/uploads\/2014\/09\/auto.jpg?resize=400%2C530&amp;ssl=1 400w\" sizes=\"auto, (max-width: 370px) 100vw, 370px\" \/><\/a><figcaption id=\"caption-attachment-50930\" class=\"wp-caption-text\">Tres d\u00edas m\u00e1s tarde fue hallado completamente desmantelado e incendiado en Callej\u00f3n Los Naranjos en la comuna de San Felipe.<\/figcaption><\/figure>\n<p>El pasado jueves la afectada realiz\u00f3 una denuncia ante Carabineros y la Polic\u00eda de Investigaciones por el robo de su veh\u00edculo desde el frontis de su vivienda. Los primeros antecedentes que pudo conocer Fernanda, eran que su veh\u00edculo habr\u00eda sido utilizado para cometer un robo en el cual no se logr\u00f3 capturar al conductor que se dio a la fuga el mismo d\u00eda jueves a eso de las 15:00 horas.<\/p>\n<p>Sin embargo, en horas de la madrugada del pasado domingo, Carabineros encontr\u00f3 un veh\u00edculo que estaba envuelto en llamas en Callej\u00f3n Los Naranjos, que hasta ese entonces era desconocido dado a que se encontraba sin el motor, puertas ni llantas, por lo que debi\u00f3 ser periciado por especialistas de Valpara\u00edso, para reconstruir el chasis que se encontraba destruido a martillazos para borrar su numeraci\u00f3n.<\/p>\n<p>Al obtener los datos de la marca y el nombre del propietario del veh\u00edculo, la Polic\u00eda identific\u00f3 el m\u00f3vil como un Honda Civic de color blanco del a\u00f1o 1989 de propiedad de Fernanda Mu\u00f1oz, a quien se le comunic\u00f3 la noticia, debiendo concurrir a reconocer lo que quedaba de su autom\u00f3vil.<\/p>\n<p><strong>\u00a0EST\u00c1 DESEMPLEADA<\/strong><\/p>\n<p>\u201cMi impotencia fue de llorar y llorar de saber que ese era mi auto, de verlo as\u00ed me da pena. Fuimos juntando la plata con mi madre porque somos una familia de cinco mujeres, gast\u00e9 $1.200.000 en adquirirlo, pero la inversi\u00f3n en arreglarlo alcanz\u00f3 los $2 millones\u201d, coment\u00f3 Fernanda a Diario El Trabajo.<\/p>\n<p>La afectada lamenta este episodio tras la p\u00e9rdida de este medio de transporte utilizado para movilizar a su madre que es diab\u00e9tica e hipertensa cr\u00f3nica. Actualmente se encuentra desempleada luego de renunciar a su trabajo en un taller mec\u00e1nico para postular a Gendarmer\u00eda. Fernanda explica que hasta el momento no existen sospechosos por estos sucesos y debi\u00f3 cancelar los costos de una gr\u00faa para retirar los restos de su veh\u00edculo desde la comisar\u00eda.<\/p>\n<p>Ahora clama justicia por esta p\u00e9rdida material que le cost\u00f3 mucho esfuerzo para adquirirla, \u201cel veh\u00edculo est\u00e1 totalmente inutilizable. Siento rabia e impotencia de no poder hacer nada, ni saber qui\u00e9nes fueron, tener justicia. Debe ser f\u00e1cil robarse un auto sacarle las piezas, quemarlo y ah\u00ed todo queda\u201d, concluy\u00f3 la afectada.<\/p>\n<p>Pablo Salinas Sald\u00edas<\/p>\n<p>&nbsp;<\/p>\n","protected":false},"excerpt":{"rendered":"<p>Desconsolada y absolutamente impotente por lo sucedido, Fernanda Mu\u00f1oz Zamora a\u00fan no puede creer que tras sufrir el robo de su veh\u00edculo desde el frontis de su vivienda en Poblaci\u00f3n Santa Br\u00edgida,&#8230;<\/p>\n","protected":false},"author":482,"featured_media":50929,"comment_status":"open","ping_status":"closed","sticky":false,"template":"","format":"standard","meta":{"advanced_seo_description":"","jetpack_seo_html_title":"","jetpack_seo_noindex":false,"_jetpack_memberships_contains_paid_content":false,"footnotes":""},"categories":[21],"tags":[],"class_list":["post-50928","post","type-post","status-publish","format-standard","has-post-thumbnail","hentry","category-policial"],"jetpack_featured_media_url":"https:\/\/i0.wp.com\/eltrabajo.cl\/portal\/wp-content\/uploads\/2014\/09\/auto1.jpg?fit=529%2C305&ssl=1","jetpack_sharing_enabled":true,"jetpack_likes_enabled":true,"jetpack-related-posts":[],"_links":{"self":[{"href":"https:\/\/eltrabajo.cl\/portal\/wp-json\/wp\/v2\/posts\/50928","targetHints":{"allow":["GET"]}}],"collection":[{"href":"https:\/\/eltrabajo.cl\/portal\/wp-json\/wp\/v2\/posts"}],"about":[{"href":"https:\/\/eltrabajo.cl\/portal\/wp-json\/wp\/v2\/types\/post"}],"author":[{"embeddable":true,"href":"https:\/\/eltrabajo.cl\/portal\/wp-json\/wp\/v2\/users\/482"}],"replies":[{"embeddable":true,"href":"https:\/\/eltrabajo.cl\/portal\/wp-json\/wp\/v2\/comments?post=50928"}],"version-history":[{"count":0,"href":"https:\/\/eltrabajo.cl\/portal\/wp-json\/wp\/v2\/posts\/50928\/revisions"}],"wp:featuredmedia":[{"embeddable":true,"href":"https:\/\/eltrabajo.cl\/portal\/wp-json\/wp\/v2\/media\/50929"}],"wp:attachment":[{"href":"https:\/\/eltrabajo.cl\/portal\/wp-json\/wp\/v2\/media?parent=50928"}],"wp:term":[{"taxonomy":"category","embeddable":true,"href":"https:\/\/eltrabajo.cl\/portal\/wp-json\/wp\/v2\/categories?post=50928"},{"taxonomy":"post_tag","embeddable":true,"href":"https:\/\/eltrabajo.cl\/portal\/wp-json\/wp\/v2\/tags?post=50928"}],"curies":[{"name":"wp","href":"https:\/\/api.w.org\/{rel}","templated":true}]}}