{"id":50943,"date":"2014-09-10T09:17:03","date_gmt":"2014-09-10T12:17:03","guid":{"rendered":"http:\/\/www.eltrabajo.cl\/portal\/?p=50943"},"modified":"2014-09-10T09:17:03","modified_gmt":"2014-09-10T12:17:03","slug":"escuela-el-sauce-clasifica-a-congreso-regional-escolar-de-ciencia-y-tecnologia","status":"publish","type":"post","link":"https:\/\/eltrabajo.cl\/portal\/escuela-el-sauce-clasifica-a-congreso-regional-escolar-de-ciencia-y-tecnologia\/","title":{"rendered":"Escuela El Sauce clasifica a Congreso Regional Escolar de Ciencia y Tecnolog\u00eda"},"content":{"rendered":"<figure id=\"attachment_50944\" aria-describedby=\"caption-attachment-50944\" style=\"width: 528px\" class=\"wp-caption alignnone\"><a href=\"https:\/\/i0.wp.com\/www.eltrabajo.cl\/portal\/wp-content\/uploads\/2014\/09\/Clasificados1.jpg\"><img data-recalc-dims=\"1\" loading=\"lazy\" decoding=\"async\" class=\"size-full wp-image-50944\" alt=\"El viernes 5 de septiembre, escolares pertenecientes a establecimientos de Los Andes y Calle Larga participaron del 1\u00b0 Congreso  Provincial Escolar de Ciencia y Tecnolog\u00eda San Felipe-Los Andes, realizado por el Proyecto Explora Valpara\u00edso.\" src=\"https:\/\/i0.wp.com\/www.eltrabajo.cl\/portal\/wp-content\/uploads\/2014\/09\/Clasificados1.jpg?resize=528%2C352\" width=\"528\" height=\"352\" srcset=\"https:\/\/i0.wp.com\/eltrabajo.cl\/portal\/wp-content\/uploads\/2014\/09\/Clasificados1.jpg?w=528&amp;ssl=1 528w, https:\/\/i0.wp.com\/eltrabajo.cl\/portal\/wp-content\/uploads\/2014\/09\/Clasificados1.jpg?resize=200%2C133&amp;ssl=1 200w, https:\/\/i0.wp.com\/eltrabajo.cl\/portal\/wp-content\/uploads\/2014\/09\/Clasificados1.jpg?resize=300%2C200&amp;ssl=1 300w, https:\/\/i0.wp.com\/eltrabajo.cl\/portal\/wp-content\/uploads\/2014\/09\/Clasificados1.jpg?resize=150%2C100&amp;ssl=1 150w, https:\/\/i0.wp.com\/eltrabajo.cl\/portal\/wp-content\/uploads\/2014\/09\/Clasificados1.jpg?resize=400%2C266&amp;ssl=1 400w\" sizes=\"auto, (max-width: 528px) 100vw, 528px\" \/><\/a><figcaption id=\"caption-attachment-50944\" class=\"wp-caption-text\">El viernes 5 de septiembre, escolares pertenecientes a establecimientos de Los Andes y Calle Larga participaron del 1\u00b0 Congreso Provincial Escolar de Ciencia y Tecnolog\u00eda San Felipe-Los Andes, realizado por el Proyecto Explora Valpara\u00edso.<\/figcaption><\/figure>\n<p><strong>LOS ANDES<\/strong>.- El viernes 5 de septiembre, escolares pertenecientes a establecimientos de Los Andes y Calle Larga participaron del 1\u00b0 Congreso Provincial Escolar de Ciencia y Tecnolog\u00eda San Felipe-Los Andes, realizado por el Proyecto Explora Valpara\u00edso. En la jornada, realizada en Centro Cultural de Los Andes, los estudiantes presentaron sus investigaciones cient\u00edficas realizadas durante el primer semestre junto a su profesor asesor, en sus correspondientes academias cient\u00edficas.<\/p>\n<p>Los grupos seleccionados en las categor\u00edas Ense\u00f1anza B\u00e1sica y Ense\u00f1anza Media, realizaron las investigaciones; \u2018Rescate del arte rupestre del sector Vizcachas Cerro Vilcuya\u2019 de la Escuela B\u00e1sica El Sauce de Los Andes y \u2018Distribuci\u00f3n espacial de Echinopsis chiloensis (cact\u00e1cea) en una ladera del cerro \u2018Piedra de la Santa\u2019 de la comuna de Llay Llay, Valle del Aconcagua\u2019 del Liceo Polit\u00e9cnico de Llay Llay.<\/p>\n<p>Tambi\u00e9n fueron parte de este provincial alumnos de los establecimientos Escuela Jos\u00e9 Bernardo Su\u00e1rez, de San Felipe; Escuela La Pampilla, de Calle Larga; Escuela F128 y Escuela John Kennedy, ambas de Los Andes.<\/p>\n<p>Los clasificados participar\u00e1n el 11\u00b0 Congreso Regional Escolar de Ciencia y Tecnolog\u00eda Regi\u00f3n de Valpara\u00edso que se realizar\u00e1 en la Facultad de Arquitectura de la Universidad de Valpara\u00edso el 22 y el 23 de octubre. Durante esta instancia postular\u00e1n grupos de estudiantes de todas las provincias de la regi\u00f3n, que esperan obtener un cupo al XV Congreso Nacional Escolar Explora Conicyt que se realizar\u00e1 en Santiago.<\/p>\n<p>&nbsp;<\/p>\n","protected":false},"excerpt":{"rendered":"<p>LOS ANDES.- El viernes 5 de septiembre, escolares pertenecientes a establecimientos de Los Andes y Calle Larga participaron del 1\u00b0 Congreso Provincial Escolar de Ciencia y Tecnolog\u00eda San Felipe-Los Andes, realizado por&#8230;<\/p>\n","protected":false},"author":482,"featured_media":50944,"comment_status":"open","ping_status":"closed","sticky":false,"template":"","format":"standard","meta":{"advanced_seo_description":"","jetpack_seo_html_title":"","jetpack_seo_noindex":false,"_jetpack_memberships_contains_paid_content":false,"footnotes":""},"categories":[15],"tags":[],"class_list":["post-50943","post","type-post","status-publish","format-standard","has-post-thumbnail","hentry","category-comunidad"],"jetpack_featured_media_url":"https:\/\/i0.wp.com\/eltrabajo.cl\/portal\/wp-content\/uploads\/2014\/09\/Clasificados1.jpg?fit=528%2C352&ssl=1","jetpack_sharing_enabled":true,"jetpack_likes_enabled":true,"jetpack-related-posts":[],"_links":{"self":[{"href":"https:\/\/eltrabajo.cl\/portal\/wp-json\/wp\/v2\/posts\/50943","targetHints":{"allow":["GET"]}}],"collection":[{"href":"https:\/\/eltrabajo.cl\/portal\/wp-json\/wp\/v2\/posts"}],"about":[{"href":"https:\/\/eltrabajo.cl\/portal\/wp-json\/wp\/v2\/types\/post"}],"author":[{"embeddable":true,"href":"https:\/\/eltrabajo.cl\/portal\/wp-json\/wp\/v2\/users\/482"}],"replies":[{"embeddable":true,"href":"https:\/\/eltrabajo.cl\/portal\/wp-json\/wp\/v2\/comments?post=50943"}],"version-history":[{"count":0,"href":"https:\/\/eltrabajo.cl\/portal\/wp-json\/wp\/v2\/posts\/50943\/revisions"}],"wp:featuredmedia":[{"embeddable":true,"href":"https:\/\/eltrabajo.cl\/portal\/wp-json\/wp\/v2\/media\/50944"}],"wp:attachment":[{"href":"https:\/\/eltrabajo.cl\/portal\/wp-json\/wp\/v2\/media?parent=50943"}],"wp:term":[{"taxonomy":"category","embeddable":true,"href":"https:\/\/eltrabajo.cl\/portal\/wp-json\/wp\/v2\/categories?post=50943"},{"taxonomy":"post_tag","embeddable":true,"href":"https:\/\/eltrabajo.cl\/portal\/wp-json\/wp\/v2\/tags?post=50943"}],"curies":[{"name":"wp","href":"https:\/\/api.w.org\/{rel}","templated":true}]}}