{"id":50947,"date":"2014-09-10T09:19:37","date_gmt":"2014-09-10T12:19:37","guid":{"rendered":"http:\/\/www.eltrabajo.cl\/portal\/?p=50947"},"modified":"2014-09-10T09:19:37","modified_gmt":"2014-09-10T12:19:37","slug":"olimpiadas-campesinas-y-fiesta-huasa-celebraran-callelarguinos","status":"publish","type":"post","link":"https:\/\/eltrabajo.cl\/portal\/olimpiadas-campesinas-y-fiesta-huasa-celebraran-callelarguinos\/","title":{"rendered":"Olimpiadas Campesinas y Fiesta Huasa celebrar\u00e1n callelarguinos"},"content":{"rendered":"<figure id=\"attachment_50948\" aria-describedby=\"caption-attachment-50948\" style=\"width: 529px\" class=\"wp-caption alignnone\"><a href=\"https:\/\/i0.wp.com\/www.eltrabajo.cl\/portal\/wp-content\/uploads\/2014\/09\/1.jpg\"><img data-recalc-dims=\"1\" loading=\"lazy\" decoding=\"async\" class=\"size-full wp-image-50948\" alt=\"Pillar el chancho; domaduras; campeonatos de rayuela y carreras de perros galgos entre otros juegos t\u00edpicos, se realizar\u00e1n el 18 y 19 de septiembre en la cancha del Club Deportivo El Guindal de Calle Larga.\" src=\"https:\/\/i0.wp.com\/www.eltrabajo.cl\/portal\/wp-content\/uploads\/2014\/09\/1.jpg?resize=529%2C358\" width=\"529\" height=\"358\" srcset=\"https:\/\/i0.wp.com\/eltrabajo.cl\/portal\/wp-content\/uploads\/2014\/09\/1.jpg?w=529&amp;ssl=1 529w, https:\/\/i0.wp.com\/eltrabajo.cl\/portal\/wp-content\/uploads\/2014\/09\/1.jpg?resize=200%2C135&amp;ssl=1 200w, https:\/\/i0.wp.com\/eltrabajo.cl\/portal\/wp-content\/uploads\/2014\/09\/1.jpg?resize=300%2C203&amp;ssl=1 300w, https:\/\/i0.wp.com\/eltrabajo.cl\/portal\/wp-content\/uploads\/2014\/09\/1.jpg?resize=150%2C101&amp;ssl=1 150w, https:\/\/i0.wp.com\/eltrabajo.cl\/portal\/wp-content\/uploads\/2014\/09\/1.jpg?resize=400%2C270&amp;ssl=1 400w\" sizes=\"auto, (max-width: 529px) 100vw, 529px\" \/><\/a><figcaption id=\"caption-attachment-50948\" class=\"wp-caption-text\">Pillar el chancho; domaduras; campeonatos de rayuela y carreras de perros galgos entre otros juegos t\u00edpicos, se realizar\u00e1n el 18 y 19 de septiembre en la cancha del Club Deportivo El Guindal de Calle Larga.<\/figcaption><\/figure>\n<p><strong>CALLE LARGA.<\/strong>&#8211; Pillar el chancho; domaduras; campeonatos de rayuela y carreras de perros galgos entre otros juegos t\u00edpicos, se realizar\u00e1n el 18 y 19 de septiembre en la cancha del Club Deportivo El Guindal de Calle Larga. Rescatar las actividades y juegos tradicionales que durante a\u00f1os han existido en nuestro campo, es el objetivo de la nueva versi\u00f3n de la Fiesta Huasa y Olimpiadas Campesinas, actividad organizada por el Club Deportivo El Guindal y que cuenta con el apoyo de la Municipalidad de Calle Larga.<\/p>\n<p>En un ambiente seguro y familiar, quienes visiten esta fiesta que se realizar\u00e1 en la cancha del Club Deportivo El Guindal ubicada en el paradero 21 de Calle Larga, podr\u00e1n presenciar y tambi\u00e9n participar en las actividades, dirigidas a adultos y ni\u00f1os, tales como pillar el chancho, domaduras, campeonatos de rayuela, carreras de perros galgos, entre otros entretenidos juegos.<\/p>\n<p>Francisco Contreras, Tesorero del Club Deportivo El Guindal, hizo un llamado a los vecinos y vecinas del Valle de Aconcagua a participar en esta tradicional actividad. \u201cQueremos invitar a la mayor cantidad de vecinos a hacerse parte de esta fiesta costumbrista que rescata las tradiciones de nuestro pa\u00eds. La gente que venga a compartir con nosotros podr\u00e1 disfrutar de juegos t\u00edpicos, como tambi\u00e9n de m\u00fasica folcl\u00f3rica y platos t\u00edpicos. Inauguramos tambi\u00e9n dos canchas de rayuela que la gente podr\u00e1 aprovechar en esta actividad dirigida a la familia\u201d, sostuvo Contreras.<\/p>\n<p>Los So\u00f1adores; A los cuatro vientos, Paidahu\u00e9n, Alonkura, Los Criollitos, Tradiciones y Grupo Renacer de El Bosque, son algunas de las agrupaciones folcl\u00f3ricas que se presentar\u00e1n en esta tradicional actividad. \u201cEsta es una tradicional actividad que se realiza en el Guindal, donde se rescata la chilenidad a trav\u00e9s de esta fiesta huasa. Queremos que esta no sea una fiesta m\u00e1s, sino que una actividad donde se releve la chilenidad. No debemos olvidar que este sector fue reclamado por particulares pero la Municipalidad junto al club deportivo hizo una f\u00e9rrea defensa de este espacio en el que se rescata parte importante de nuestro patrimonio comunal\u201d, manifest\u00f3 el Alcalde Venegas. Las fiestas iniciar\u00e1n el mi\u00e9rcoles 18 septiembre 13:00 horas.<\/p>\n<div class=\"tiled-gallery type-rectangular tiled-gallery-unresized\" data-original-width=\"640\" data-carousel-extra='null' itemscope itemtype=\"http:\/\/schema.org\/ImageGallery\" > <div class=\"gallery-row\" style=\"width: 640px; height: 290px;\" data-original-width=\"640\" data-original-height=\"290\" > <div class=\"gallery-group images-1\" style=\"width: 427px; height: 290px;\" data-original-width=\"427\" data-original-height=\"290\" > <div class=\"tiled-gallery-item tiled-gallery-item-large\" itemprop=\"associatedMedia\" itemscope itemtype=\"http:\/\/schema.org\/ImageObject\"> <a href=\"https:\/\/eltrabajo.cl\/portal\/olimpiadas-campesinas-y-fiesta-huasa-celebraran-callelarguinos\/attachment\/3\/\" border=\"0\" itemprop=\"url\"> <meta itemprop=\"width\" content=\"423\"> <meta itemprop=\"height\" content=\"286\"> <img decoding=\"async\" class=\"\" data-attachment-id=\"50949\" data-orig-file=\"https:\/\/eltrabajo.cl\/portal\/wp-content\/uploads\/2014\/09\/3.jpg\" data-orig-size=\"529,358\" data-comments-opened=\"1\" data-image-meta=\"{&quot;aperture&quot;:&quot;0&quot;,&quot;credit&quot;:&quot;&quot;,&quot;camera&quot;:&quot;&quot;,&quot;caption&quot;:&quot;&quot;,&quot;created_timestamp&quot;:&quot;0&quot;,&quot;copyright&quot;:&quot;&quot;,&quot;focal_length&quot;:&quot;0&quot;,&quot;iso&quot;:&quot;0&quot;,&quot;shutter_speed&quot;:&quot;0&quot;,&quot;title&quot;:&quot;&quot;}\" data-image-title=\"3\" data-image-description=\"&lt;p&gt;Las carreras en saco tampoco faltar\u00e1n este a\u00f1o en las Fiestas Patrias de Calle Larga.&lt;\/p&gt; \" data-medium-file=\"https:\/\/i0.wp.com\/eltrabajo.cl\/portal\/wp-content\/uploads\/2014\/09\/3.jpg?fit=300%2C203&#038;ssl=1\" data-large-file=\"https:\/\/i0.wp.com\/eltrabajo.cl\/portal\/wp-content\/uploads\/2014\/09\/3.jpg?fit=529%2C358&#038;ssl=1\" src=\"https:\/\/i0.wp.com\/eltrabajo.cl\/portal\/wp-content\/uploads\/2014\/09\/3.jpg?w=423&#038;h=286&#038;ssl=1\" srcset=\"https:\/\/i0.wp.com\/eltrabajo.cl\/portal\/wp-content\/uploads\/2014\/09\/3.jpg?w=529&amp;ssl=1 529w, https:\/\/i0.wp.com\/eltrabajo.cl\/portal\/wp-content\/uploads\/2014\/09\/3.jpg?resize=200%2C135&amp;ssl=1 200w, https:\/\/i0.wp.com\/eltrabajo.cl\/portal\/wp-content\/uploads\/2014\/09\/3.jpg?resize=300%2C203&amp;ssl=1 300w, https:\/\/i0.wp.com\/eltrabajo.cl\/portal\/wp-content\/uploads\/2014\/09\/3.jpg?resize=150%2C101&amp;ssl=1 150w, https:\/\/i0.wp.com\/eltrabajo.cl\/portal\/wp-content\/uploads\/2014\/09\/3.jpg?resize=400%2C270&amp;ssl=1 400w\" width=\"423\" height=\"286\" loading=\"lazy\" data-original-width=\"423\" data-original-height=\"286\" itemprop=\"http:\/\/schema.org\/image\" title=\"3\" alt=\"Las carreras en saco tampoco faltar\u00e1n este a\u00f1o en las Fiestas Patrias de Calle Larga.\" style=\"width: 423px; height: 286px;\" \/> <\/a> <div class=\"tiled-gallery-caption\" itemprop=\"caption description\"> Las carreras en saco tampoco faltar\u00e1n este a\u00f1o en las Fiestas Patrias de Calle Larga. <\/div> <\/div> <\/div> <!-- close group --> <div class=\"gallery-group images-2\" style=\"width: 213px; height: 290px;\" data-original-width=\"213\" data-original-height=\"290\" > <div class=\"tiled-gallery-item tiled-gallery-item-small\" itemprop=\"associatedMedia\" itemscope itemtype=\"http:\/\/schema.org\/ImageObject\"> <a href=\"https:\/\/eltrabajo.cl\/portal\/olimpiadas-campesinas-y-fiesta-huasa-celebraran-callelarguinos\/attachment\/4\/\" border=\"0\" itemprop=\"url\"> <meta itemprop=\"width\" content=\"209\"> <meta itemprop=\"height\" content=\"141\"> <img decoding=\"async\" class=\"\" data-attachment-id=\"50950\" data-orig-file=\"https:\/\/eltrabajo.cl\/portal\/wp-content\/uploads\/2014\/09\/4.jpg\" data-orig-size=\"529,358\" data-comments-opened=\"1\" data-image-meta=\"{&quot;aperture&quot;:&quot;0&quot;,&quot;credit&quot;:&quot;&quot;,&quot;camera&quot;:&quot;&quot;,&quot;caption&quot;:&quot;&quot;,&quot;created_timestamp&quot;:&quot;0&quot;,&quot;copyright&quot;:&quot;&quot;,&quot;focal_length&quot;:&quot;0&quot;,&quot;iso&quot;:&quot;0&quot;,&quot;shutter_speed&quot;:&quot;0&quot;,&quot;title&quot;:&quot;&quot;}\" data-image-title=\"4\" data-image-description=\"&lt;p&gt;En un ambiente seguro y familiar, quienes visiten esta fiesta que se realizar\u00e1 en la cancha del Club Deportivo El Guindal ubicada en el paradero 21 de Calle Larga.&lt;\/p&gt; \" data-medium-file=\"https:\/\/i0.wp.com\/eltrabajo.cl\/portal\/wp-content\/uploads\/2014\/09\/4.jpg?fit=300%2C203&#038;ssl=1\" data-large-file=\"https:\/\/i0.wp.com\/eltrabajo.cl\/portal\/wp-content\/uploads\/2014\/09\/4.jpg?fit=529%2C358&#038;ssl=1\" src=\"https:\/\/i0.wp.com\/eltrabajo.cl\/portal\/wp-content\/uploads\/2014\/09\/4.jpg?w=209&#038;h=141&#038;ssl=1\" srcset=\"https:\/\/i0.wp.com\/eltrabajo.cl\/portal\/wp-content\/uploads\/2014\/09\/4.jpg?w=529&amp;ssl=1 529w, https:\/\/i0.wp.com\/eltrabajo.cl\/portal\/wp-content\/uploads\/2014\/09\/4.jpg?resize=200%2C135&amp;ssl=1 200w, https:\/\/i0.wp.com\/eltrabajo.cl\/portal\/wp-content\/uploads\/2014\/09\/4.jpg?resize=300%2C203&amp;ssl=1 300w, https:\/\/i0.wp.com\/eltrabajo.cl\/portal\/wp-content\/uploads\/2014\/09\/4.jpg?resize=150%2C101&amp;ssl=1 150w, https:\/\/i0.wp.com\/eltrabajo.cl\/portal\/wp-content\/uploads\/2014\/09\/4.jpg?resize=400%2C270&amp;ssl=1 400w\" width=\"209\" height=\"141\" loading=\"lazy\" data-original-width=\"209\" data-original-height=\"141\" itemprop=\"http:\/\/schema.org\/image\" title=\"4\" alt=\"En un ambiente seguro y familiar, quienes visiten esta fiesta que se realizar\u00e1 en la cancha del Club Deportivo El Guindal ubicada en el paradero 21 de Calle Larga.\" style=\"width: 209px; height: 141px;\" \/> <\/a> <div class=\"tiled-gallery-caption\" itemprop=\"caption description\"> En un ambiente seguro y familiar, quienes visiten esta fiesta que se realizar\u00e1 en la cancha del Club Deportivo El Guindal ubicada en el paradero 21 de Calle Larga. <\/div> <\/div> <div class=\"tiled-gallery-item tiled-gallery-item-small\" itemprop=\"associatedMedia\" itemscope itemtype=\"http:\/\/schema.org\/ImageObject\"> <a href=\"https:\/\/eltrabajo.cl\/portal\/olimpiadas-campesinas-y-fiesta-huasa-celebraran-callelarguinos\/attachment\/5\/\" border=\"0\" itemprop=\"url\"> <meta itemprop=\"width\" content=\"209\"> <meta itemprop=\"height\" content=\"141\"> <img decoding=\"async\" class=\"\" data-attachment-id=\"50951\" data-orig-file=\"https:\/\/eltrabajo.cl\/portal\/wp-content\/uploads\/2014\/09\/5.jpg\" data-orig-size=\"529,358\" data-comments-opened=\"1\" data-image-meta=\"{&quot;aperture&quot;:&quot;0&quot;,&quot;credit&quot;:&quot;&quot;,&quot;camera&quot;:&quot;&quot;,&quot;caption&quot;:&quot;&quot;,&quot;created_timestamp&quot;:&quot;0&quot;,&quot;copyright&quot;:&quot;&quot;,&quot;focal_length&quot;:&quot;0&quot;,&quot;iso&quot;:&quot;0&quot;,&quot;shutter_speed&quot;:&quot;0&quot;,&quot;title&quot;:&quot;&quot;}\" data-image-title=\"5\" data-image-description=\"&lt;p&gt;Las actividades est\u00e1n dirigidas a adultos y ni\u00f1os, tales como pillar el chancho, domaduras, campeonatos de rayuela, carreras de perros galgos, entre otros entretenidos juegos.&lt;\/p&gt; \" data-medium-file=\"https:\/\/i0.wp.com\/eltrabajo.cl\/portal\/wp-content\/uploads\/2014\/09\/5.jpg?fit=300%2C203&#038;ssl=1\" data-large-file=\"https:\/\/i0.wp.com\/eltrabajo.cl\/portal\/wp-content\/uploads\/2014\/09\/5.jpg?fit=529%2C358&#038;ssl=1\" src=\"https:\/\/i0.wp.com\/eltrabajo.cl\/portal\/wp-content\/uploads\/2014\/09\/5.jpg?w=209&#038;h=141&#038;ssl=1\" srcset=\"https:\/\/i0.wp.com\/eltrabajo.cl\/portal\/wp-content\/uploads\/2014\/09\/5.jpg?w=529&amp;ssl=1 529w, https:\/\/i0.wp.com\/eltrabajo.cl\/portal\/wp-content\/uploads\/2014\/09\/5.jpg?resize=200%2C135&amp;ssl=1 200w, https:\/\/i0.wp.com\/eltrabajo.cl\/portal\/wp-content\/uploads\/2014\/09\/5.jpg?resize=300%2C203&amp;ssl=1 300w, https:\/\/i0.wp.com\/eltrabajo.cl\/portal\/wp-content\/uploads\/2014\/09\/5.jpg?resize=150%2C101&amp;ssl=1 150w, https:\/\/i0.wp.com\/eltrabajo.cl\/portal\/wp-content\/uploads\/2014\/09\/5.jpg?resize=400%2C270&amp;ssl=1 400w\" width=\"209\" height=\"141\" loading=\"lazy\" data-original-width=\"209\" data-original-height=\"141\" itemprop=\"http:\/\/schema.org\/image\" title=\"5\" alt=\"Las actividades est\u00e1n dirigidas a adultos y ni\u00f1os, tales como pillar el chancho, domaduras, campeonatos de rayuela, carreras de perros galgos, entre otros entretenidos juegos.\" style=\"width: 209px; height: 141px;\" \/> <\/a> <div class=\"tiled-gallery-caption\" itemprop=\"caption description\"> Las actividades est\u00e1n dirigidas a adultos y ni\u00f1os, tales como pillar el chancho, domaduras, campeonatos de rayuela, carreras de perros galgos, entre otros entretenidos juegos. <\/div> <\/div> <\/div> <!-- close group --> <\/div> <!-- close row --> <\/div>\n","protected":false},"excerpt":{"rendered":"<p>CALLE LARGA.&#8211; Pillar el chancho; domaduras; campeonatos de rayuela y carreras de perros galgos entre otros juegos t\u00edpicos, se realizar\u00e1n el 18 y 19 de septiembre en la cancha del Club Deportivo&#8230;<\/p>\n","protected":false},"author":482,"featured_media":50948,"comment_status":"open","ping_status":"closed","sticky":false,"template":"","format":"standard","meta":{"advanced_seo_description":"","jetpack_seo_html_title":"","jetpack_seo_noindex":false,"_jetpack_memberships_contains_paid_content":false,"footnotes":""},"categories":[15],"tags":[],"class_list":["post-50947","post","type-post","status-publish","format-standard","has-post-thumbnail","hentry","category-comunidad"],"jetpack_featured_media_url":"https:\/\/i0.wp.com\/eltrabajo.cl\/portal\/wp-content\/uploads\/2014\/09\/1.jpg?fit=529%2C358&ssl=1","jetpack_sharing_enabled":true,"jetpack_likes_enabled":true,"jetpack-related-posts":[],"_links":{"self":[{"href":"https:\/\/eltrabajo.cl\/portal\/wp-json\/wp\/v2\/posts\/50947","targetHints":{"allow":["GET"]}}],"collection":[{"href":"https:\/\/eltrabajo.cl\/portal\/wp-json\/wp\/v2\/posts"}],"about":[{"href":"https:\/\/eltrabajo.cl\/portal\/wp-json\/wp\/v2\/types\/post"}],"author":[{"embeddable":true,"href":"https:\/\/eltrabajo.cl\/portal\/wp-json\/wp\/v2\/users\/482"}],"replies":[{"embeddable":true,"href":"https:\/\/eltrabajo.cl\/portal\/wp-json\/wp\/v2\/comments?post=50947"}],"version-history":[{"count":0,"href":"https:\/\/eltrabajo.cl\/portal\/wp-json\/wp\/v2\/posts\/50947\/revisions"}],"wp:featuredmedia":[{"embeddable":true,"href":"https:\/\/eltrabajo.cl\/portal\/wp-json\/wp\/v2\/media\/50948"}],"wp:attachment":[{"href":"https:\/\/eltrabajo.cl\/portal\/wp-json\/wp\/v2\/media?parent=50947"}],"wp:term":[{"taxonomy":"category","embeddable":true,"href":"https:\/\/eltrabajo.cl\/portal\/wp-json\/wp\/v2\/categories?post=50947"},{"taxonomy":"post_tag","embeddable":true,"href":"https:\/\/eltrabajo.cl\/portal\/wp-json\/wp\/v2\/tags?post=50947"}],"curies":[{"name":"wp","href":"https:\/\/api.w.org\/{rel}","templated":true}]}}