{"id":50954,"date":"2014-09-10T09:21:46","date_gmt":"2014-09-10T12:21:46","guid":{"rendered":"http:\/\/www.eltrabajo.cl\/portal\/?p=50954"},"modified":"2014-09-10T09:21:46","modified_gmt":"2014-09-10T12:21:46","slug":"consejeros-regionales-stevenson-y-reyes-llaman-a-organizaciones-sociales-a-postular-al-2-fndr","status":"publish","type":"post","link":"https:\/\/eltrabajo.cl\/portal\/consejeros-regionales-stevenson-y-reyes-llaman-a-organizaciones-sociales-a-postular-al-2-fndr\/","title":{"rendered":"Consejeros regionales Stevenson y Reyes llaman a organizaciones sociales a postular al 2% FNDR"},"content":{"rendered":"<figure id=\"attachment_50955\" aria-describedby=\"caption-attachment-50955\" style=\"width: 317px\" class=\"wp-caption alignleft\"><a href=\"https:\/\/i0.wp.com\/www.eltrabajo.cl\/portal\/wp-content\/uploads\/2014\/09\/Cores11.jpg\"><img data-recalc-dims=\"1\" loading=\"lazy\" decoding=\"async\" class=\" wp-image-50955 \" alt=\"El anuncio lo hizo conjuntamente los consejeros regionales Rolando Stevenson e Iv\u00e1n Reyes.\" src=\"https:\/\/i0.wp.com\/www.eltrabajo.cl\/portal\/wp-content\/uploads\/2014\/09\/Cores11.jpg?resize=317%2C241\" width=\"317\" height=\"241\" srcset=\"https:\/\/i0.wp.com\/eltrabajo.cl\/portal\/wp-content\/uploads\/2014\/09\/Cores11.jpg?w=529&amp;ssl=1 529w, https:\/\/i0.wp.com\/eltrabajo.cl\/portal\/wp-content\/uploads\/2014\/09\/Cores11.jpg?resize=197%2C150&amp;ssl=1 197w, https:\/\/i0.wp.com\/eltrabajo.cl\/portal\/wp-content\/uploads\/2014\/09\/Cores11.jpg?resize=300%2C227&amp;ssl=1 300w, https:\/\/i0.wp.com\/eltrabajo.cl\/portal\/wp-content\/uploads\/2014\/09\/Cores11.jpg?resize=150%2C113&amp;ssl=1 150w, https:\/\/i0.wp.com\/eltrabajo.cl\/portal\/wp-content\/uploads\/2014\/09\/Cores11.jpg?resize=400%2C303&amp;ssl=1 400w\" sizes=\"auto, (max-width: 317px) 100vw, 317px\" \/><\/a><figcaption id=\"caption-attachment-50955\" class=\"wp-caption-text\">El anuncio lo hizo conjuntamente los consejeros regionales Rolando Stevenson e Iv\u00e1n Reyes.<\/figcaption><\/figure>\n<p>En la sesi\u00f3n plenaria de este lunes del Consejo Regional, fue lanzado el concurso FNRD del 2% destinado a financiar proyectos presentados por los diversos organismos sociales en el \u00e1mbito de la cultura, deportes y seguridad ciudadana. De acuerdo a las bases, aprobadas por la Contralor\u00eda General de la Rep\u00fablica, las organizaciones podr\u00e1n postular proyectos de 2 a 4 millones de pesos que beneficien a la mayor cantidad de personas y que contribuyan a mejorar las condiciones de funcionamiento de cada instituci\u00f3n.<\/p>\n<p>Para postular a estos fondos es necesario presentar un proyecto que ser\u00e1 analizado t\u00e9cnicamente por los expertos de cada \u00e1rea y puesto a disposici\u00f3n de los consejeros para su aprobaci\u00f3n. Las organizaciones postulantes deber\u00e1n tener al d\u00eda su personer\u00eda jur\u00eddica, vigente la directiva adem\u00e1s estar inscritos en el Registro de receptores de fondos p\u00fablicos y, obviamente, no tener rendiciones pendientes.<\/p>\n<p>En el caso del deporte s\u00f3lo podr\u00e1n postular los clubes deportivos propiamente tales quedando fuera los que sean \u2018sociales y deportivos\u2019. Los consejeros est\u00e1n dispuestos a asesorar los organismos de base social para que sus postulaciones cumplan con las exigencias administrativas y legales para calificar la postulaci\u00f3n al concurso que se cerrar\u00e1 a fin de septiembre 2014.<\/p>\n<p><strong>YA APROBADAS<\/strong><\/p>\n<p>En larga sesi\u00f3n de cuatro horas fueron aprobados otros proyectos que favorecen a comunas de la provincia de San Felipe. Complementaci\u00f3n de $12.700.000 para la terminaci\u00f3n de la multi-cancha del Club Deportivo Putaendo, quedando la obra en un valor que supera los $160 millones.<\/p>\n<p>Convenio MOP en el programa de mejoramiento para APR Las Coimas, Putaendo $ 82.000.000; APR Las Compuertas, Catemu $78.000.000.<\/p>\n<p>&nbsp;<\/p>\n","protected":false},"excerpt":{"rendered":"<p>En la sesi\u00f3n plenaria de este lunes del Consejo Regional, fue lanzado el concurso FNRD del 2% destinado a financiar proyectos presentados por los diversos organismos sociales en el \u00e1mbito de la&#8230;<\/p>\n","protected":false},"author":482,"featured_media":50955,"comment_status":"open","ping_status":"closed","sticky":false,"template":"","format":"standard","meta":{"advanced_seo_description":"","jetpack_seo_html_title":"","jetpack_seo_noindex":false,"_jetpack_memberships_contains_paid_content":false,"footnotes":""},"categories":[15],"tags":[],"class_list":["post-50954","post","type-post","status-publish","format-standard","has-post-thumbnail","hentry","category-comunidad"],"jetpack_featured_media_url":"https:\/\/i0.wp.com\/eltrabajo.cl\/portal\/wp-content\/uploads\/2014\/09\/Cores11.jpg?fit=529%2C401&ssl=1","jetpack_sharing_enabled":true,"jetpack_likes_enabled":true,"jetpack-related-posts":[],"_links":{"self":[{"href":"https:\/\/eltrabajo.cl\/portal\/wp-json\/wp\/v2\/posts\/50954","targetHints":{"allow":["GET"]}}],"collection":[{"href":"https:\/\/eltrabajo.cl\/portal\/wp-json\/wp\/v2\/posts"}],"about":[{"href":"https:\/\/eltrabajo.cl\/portal\/wp-json\/wp\/v2\/types\/post"}],"author":[{"embeddable":true,"href":"https:\/\/eltrabajo.cl\/portal\/wp-json\/wp\/v2\/users\/482"}],"replies":[{"embeddable":true,"href":"https:\/\/eltrabajo.cl\/portal\/wp-json\/wp\/v2\/comments?post=50954"}],"version-history":[{"count":0,"href":"https:\/\/eltrabajo.cl\/portal\/wp-json\/wp\/v2\/posts\/50954\/revisions"}],"wp:featuredmedia":[{"embeddable":true,"href":"https:\/\/eltrabajo.cl\/portal\/wp-json\/wp\/v2\/media\/50955"}],"wp:attachment":[{"href":"https:\/\/eltrabajo.cl\/portal\/wp-json\/wp\/v2\/media?parent=50954"}],"wp:term":[{"taxonomy":"category","embeddable":true,"href":"https:\/\/eltrabajo.cl\/portal\/wp-json\/wp\/v2\/categories?post=50954"},{"taxonomy":"post_tag","embeddable":true,"href":"https:\/\/eltrabajo.cl\/portal\/wp-json\/wp\/v2\/tags?post=50954"}],"curies":[{"name":"wp","href":"https:\/\/api.w.org\/{rel}","templated":true}]}}