{"id":50972,"date":"2014-09-10T09:31:42","date_gmt":"2014-09-10T12:31:42","guid":{"rendered":"http:\/\/www.eltrabajo.cl\/portal\/?p=50972"},"modified":"2014-09-10T09:31:42","modified_gmt":"2014-09-10T12:31:42","slug":"camioneta-colisiono-con-otro-vehiculo-en-cruce-las-tunas","status":"publish","type":"post","link":"https:\/\/eltrabajo.cl\/portal\/camioneta-colisiono-con-otro-vehiculo-en-cruce-las-tunas\/","title":{"rendered":"Camioneta colision\u00f3 con otro veh\u00edculo en Cruce Las Tunas"},"content":{"rendered":"<figure id=\"attachment_50973\" aria-describedby=\"caption-attachment-50973\" style=\"width: 528px\" class=\"wp-caption alignnone\"><a href=\"https:\/\/i0.wp.com\/www.eltrabajo.cl\/portal\/wp-content\/uploads\/2014\/09\/Choque1.jpg\"><img data-recalc-dims=\"1\" loading=\"lazy\" decoding=\"async\" class=\"size-full wp-image-50973\" alt=\"Una violenta colisi\u00f3n de alta energ\u00eda involucro a un veh\u00edculo y una camioneta, luego que esta \u00faltima ingresara sorpresivamente a la carretera despu\u00e9s de salir de un callej\u00f3n en Cruce El Carmen.\" src=\"https:\/\/i0.wp.com\/www.eltrabajo.cl\/portal\/wp-content\/uploads\/2014\/09\/Choque1.jpg?resize=528%2C344\" width=\"528\" height=\"344\" srcset=\"https:\/\/i0.wp.com\/eltrabajo.cl\/portal\/wp-content\/uploads\/2014\/09\/Choque1.jpg?w=528&amp;ssl=1 528w, https:\/\/i0.wp.com\/eltrabajo.cl\/portal\/wp-content\/uploads\/2014\/09\/Choque1.jpg?resize=200%2C130&amp;ssl=1 200w, https:\/\/i0.wp.com\/eltrabajo.cl\/portal\/wp-content\/uploads\/2014\/09\/Choque1.jpg?resize=300%2C195&amp;ssl=1 300w, https:\/\/i0.wp.com\/eltrabajo.cl\/portal\/wp-content\/uploads\/2014\/09\/Choque1.jpg?resize=150%2C97&amp;ssl=1 150w, https:\/\/i0.wp.com\/eltrabajo.cl\/portal\/wp-content\/uploads\/2014\/09\/Choque1.jpg?resize=400%2C260&amp;ssl=1 400w\" sizes=\"auto, (max-width: 528px) 100vw, 528px\" \/><\/a><figcaption id=\"caption-attachment-50973\" class=\"wp-caption-text\">Una violenta colisi\u00f3n de alta energ\u00eda involucro a un veh\u00edculo y una camioneta, luego que esta \u00faltima ingresara sorpresivamente a la carretera despu\u00e9s de salir de un callej\u00f3n en Cruce El Carmen.<\/figcaption><\/figure>\n<p><strong>PUTAENDO<\/strong>.- Una violenta colisi\u00f3n de alta energ\u00eda involucro a un veh\u00edculo y una camioneta, luego que esta \u00faltima ingresara sorpresivamente a la carretera despu\u00e9s de salir de un callej\u00f3n en Cruce El Carmen conocido popularmente como Las tunas.<\/p>\n<p>El accidente ocurri\u00f3 a eso de las 10:20 horas de este martes, cuando seg\u00fan informaci\u00f3n entregada por testigos y corroborada por carabineros, el veh\u00edculo Samsung patente BHJK-14 que era guiado por N\u00e9lida Retamales Hern\u00e1ndez de 56 a\u00f1os, domiciliada en Rinconada de Silva, circulaba desde Putaendo hacia San Felipe y al llegar al cruce de la carretera con un callej\u00f3n que consume al r\u00edo, sorpresivamente ingreso hasta el centro de la calzada, la camioneta Nissan patente NA-63-04 la que era conducida por Miguel Mu\u00f1oz Herrera de 50a\u00f1os, con domicilio en Quebrada Herrera.<\/p>\n<p>El auto conducido por la mujer trato de evitar el impacto arrastr\u00e1ndose por m\u00e1s de 30 metros aproximadamente, para impactar de lleno contra la rueda delantera de la camioneta, en una colisi\u00f3n de alta energ\u00eda que dejo da\u00f1os de consideraci\u00f3n en la parte frontal del veh\u00edculo Samsung. A consecuencia del fuerte impacto, la conductora del auto Samsun result\u00f3 poli-contusa y su acompa\u00f1ante, identificado como Sergio Retamales Gajardo de 82 a\u00f1os, con domicilio en el sector de Guzmanes, result\u00f3 tambi\u00e9n poli-contuso y sufri\u00f3 los efectos del cintur\u00f3n de seguridad con un fuerte dolor al pecho.<\/p>\n<p>Por lo anterior los dos ocupantes del veh\u00edculo fueron trasladados hasta el Hospital San Antonio, donde se encuentran siendo evaluados, conoci\u00e9ndose preliminarmente que s\u00f3lo presentar\u00edan lesiones de car\u00e1cter leves. En tanto, el conductor de la camioneta tambi\u00e9n fue trasladado hasta el hospital para la constataci\u00f3n de lesiones el que habr\u00eda resultado ileso.<\/p>\n<p>Carabineros regul\u00f3 el transito en el sector, mientras trabajaba el personal del Samu en conjunto con Bomberos de Putaendo que tambi\u00e9n arribaron al lugar. Informaci\u00f3n que no fue posible verificar indicar\u00eda que la causa probable del accidente habr\u00eda sido una falla en el sistema de frenos de la camioneta, que no se habr\u00eda podido detener antes de llegar a la carretera, lo que deber\u00e1 ser dilucidado por la investigaci\u00f3n que lleva adelante Carabineros.<\/p>\n<p>Patricio Gallardo M.<\/p>\n<div class=\"tiled-gallery type-rectangular tiled-gallery-unresized\" data-original-width=\"640\" data-carousel-extra='null' itemscope itemtype=\"http:\/\/schema.org\/ImageGallery\" > <div class=\"gallery-row\" style=\"width: 640px; height: 218px;\" data-original-width=\"640\" data-original-height=\"218\" > <div class=\"gallery-group images-1\" style=\"width: 320px; height: 218px;\" data-original-width=\"320\" data-original-height=\"218\" > <div class=\"tiled-gallery-item tiled-gallery-item-large\" itemprop=\"associatedMedia\" itemscope itemtype=\"http:\/\/schema.org\/ImageObject\"> <a href=\"https:\/\/eltrabajo.cl\/portal\/camioneta-colisiono-con-otro-vehiculo-en-cruce-las-tunas\/abuelo1-10\/\" border=\"0\" itemprop=\"url\"> <meta itemprop=\"width\" content=\"316\"> <meta itemprop=\"height\" content=\"214\"> <img decoding=\"async\" class=\"\" data-attachment-id=\"50974\" data-orig-file=\"https:\/\/eltrabajo.cl\/portal\/wp-content\/uploads\/2014\/09\/Abuelo1.jpg\" data-orig-size=\"529,358\" data-comments-opened=\"1\" data-image-meta=\"{&quot;aperture&quot;:&quot;0&quot;,&quot;credit&quot;:&quot;&quot;,&quot;camera&quot;:&quot;&quot;,&quot;caption&quot;:&quot;&quot;,&quot;created_timestamp&quot;:&quot;0&quot;,&quot;copyright&quot;:&quot;[wopmind]&quot;,&quot;focal_length&quot;:&quot;0&quot;,&quot;iso&quot;:&quot;0&quot;,&quot;shutter_speed&quot;:&quot;0&quot;,&quot;title&quot;:&quot;&quot;}\" data-image-title=\"Abuelo1\" data-image-description=\"&lt;p&gt;Sergio Retamales Gajardo de 82 a\u00f1os, con domicilio en el sector de Guzmanes, result\u00f3 tambi\u00e9n poli-contuso.&lt;\/p&gt; \" data-medium-file=\"https:\/\/i0.wp.com\/eltrabajo.cl\/portal\/wp-content\/uploads\/2014\/09\/Abuelo1.jpg?fit=300%2C203&#038;ssl=1\" data-large-file=\"https:\/\/i0.wp.com\/eltrabajo.cl\/portal\/wp-content\/uploads\/2014\/09\/Abuelo1.jpg?fit=529%2C358&#038;ssl=1\" src=\"https:\/\/i0.wp.com\/eltrabajo.cl\/portal\/wp-content\/uploads\/2014\/09\/Abuelo1.jpg?w=316&#038;h=214&#038;ssl=1\" srcset=\"https:\/\/i0.wp.com\/eltrabajo.cl\/portal\/wp-content\/uploads\/2014\/09\/Abuelo1.jpg?w=529&amp;ssl=1 529w, https:\/\/i0.wp.com\/eltrabajo.cl\/portal\/wp-content\/uploads\/2014\/09\/Abuelo1.jpg?resize=200%2C135&amp;ssl=1 200w, https:\/\/i0.wp.com\/eltrabajo.cl\/portal\/wp-content\/uploads\/2014\/09\/Abuelo1.jpg?resize=300%2C203&amp;ssl=1 300w, https:\/\/i0.wp.com\/eltrabajo.cl\/portal\/wp-content\/uploads\/2014\/09\/Abuelo1.jpg?resize=150%2C101&amp;ssl=1 150w, https:\/\/i0.wp.com\/eltrabajo.cl\/portal\/wp-content\/uploads\/2014\/09\/Abuelo1.jpg?resize=400%2C270&amp;ssl=1 400w\" width=\"316\" height=\"214\" loading=\"lazy\" data-original-width=\"316\" data-original-height=\"214\" itemprop=\"http:\/\/schema.org\/image\" title=\"Abuelo1\" alt=\"Sergio Retamales Gajardo de 82 a\u00f1os, con domicilio en el sector de Guzmanes, result\u00f3 tambi\u00e9n poli-contuso.\" style=\"width: 316px; height: 214px;\" \/> <\/a> <div class=\"tiled-gallery-caption\" itemprop=\"caption description\"> Sergio Retamales Gajardo de 82 a\u00f1os, con domicilio en el sector de Guzmanes, result\u00f3 tambi\u00e9n poli-contuso. <\/div> <\/div> <\/div> <!-- close group --> <div class=\"gallery-group images-1\" style=\"width: 320px; height: 218px;\" data-original-width=\"320\" data-original-height=\"218\" > <div class=\"tiled-gallery-item tiled-gallery-item-large\" itemprop=\"associatedMedia\" itemscope itemtype=\"http:\/\/schema.org\/ImageObject\"> <a href=\"https:\/\/eltrabajo.cl\/portal\/camioneta-colisiono-con-otro-vehiculo-en-cruce-las-tunas\/camioneta1-5\/\" border=\"0\" itemprop=\"url\"> <meta itemprop=\"width\" content=\"316\"> <meta itemprop=\"height\" content=\"214\"> <img decoding=\"async\" class=\"\" data-attachment-id=\"50975\" data-orig-file=\"https:\/\/eltrabajo.cl\/portal\/wp-content\/uploads\/2014\/09\/Camioneta1.jpg\" data-orig-size=\"529,358\" data-comments-opened=\"1\" data-image-meta=\"{&quot;aperture&quot;:&quot;0&quot;,&quot;credit&quot;:&quot;&quot;,&quot;camera&quot;:&quot;&quot;,&quot;caption&quot;:&quot;&quot;,&quot;created_timestamp&quot;:&quot;0&quot;,&quot;copyright&quot;:&quot;[wopmind]&quot;,&quot;focal_length&quot;:&quot;0&quot;,&quot;iso&quot;:&quot;0&quot;,&quot;shutter_speed&quot;:&quot;0&quot;,&quot;title&quot;:&quot;&quot;}\" data-image-title=\"Camioneta1\" data-image-description=\"&lt;p&gt;La camioneta Nissan patente NA-63-04 era conducida por Miguel Mu\u00f1oz Herrera de 50 a\u00f1os, con domicilio en Quebrada Herrera.&lt;\/p&gt; \" data-medium-file=\"https:\/\/i0.wp.com\/eltrabajo.cl\/portal\/wp-content\/uploads\/2014\/09\/Camioneta1.jpg?fit=300%2C203&#038;ssl=1\" data-large-file=\"https:\/\/i0.wp.com\/eltrabajo.cl\/portal\/wp-content\/uploads\/2014\/09\/Camioneta1.jpg?fit=529%2C358&#038;ssl=1\" src=\"https:\/\/i0.wp.com\/eltrabajo.cl\/portal\/wp-content\/uploads\/2014\/09\/Camioneta1.jpg?w=316&#038;h=214&#038;ssl=1\" srcset=\"https:\/\/i0.wp.com\/eltrabajo.cl\/portal\/wp-content\/uploads\/2014\/09\/Camioneta1.jpg?w=529&amp;ssl=1 529w, https:\/\/i0.wp.com\/eltrabajo.cl\/portal\/wp-content\/uploads\/2014\/09\/Camioneta1.jpg?resize=200%2C135&amp;ssl=1 200w, https:\/\/i0.wp.com\/eltrabajo.cl\/portal\/wp-content\/uploads\/2014\/09\/Camioneta1.jpg?resize=300%2C203&amp;ssl=1 300w, https:\/\/i0.wp.com\/eltrabajo.cl\/portal\/wp-content\/uploads\/2014\/09\/Camioneta1.jpg?resize=150%2C101&amp;ssl=1 150w, https:\/\/i0.wp.com\/eltrabajo.cl\/portal\/wp-content\/uploads\/2014\/09\/Camioneta1.jpg?resize=400%2C270&amp;ssl=1 400w\" width=\"316\" height=\"214\" loading=\"lazy\" data-original-width=\"316\" data-original-height=\"214\" itemprop=\"http:\/\/schema.org\/image\" title=\"Camioneta1\" alt=\"La camioneta Nissan patente NA-63-04 era conducida por Miguel Mu\u00f1oz Herrera de 50 a\u00f1os, con domicilio en Quebrada Herrera.\" style=\"width: 316px; height: 214px;\" \/> <\/a> <div class=\"tiled-gallery-caption\" itemprop=\"caption description\"> La camioneta Nissan patente NA-63-04 era conducida por Miguel Mu\u00f1oz Herrera de 50 a\u00f1os, con domicilio en Quebrada Herrera. <\/div> <\/div> <\/div> <!-- close group --> <\/div> <!-- close row --> <\/div>\n","protected":false},"excerpt":{"rendered":"<p>PUTAENDO.- Una violenta colisi\u00f3n de alta energ\u00eda involucro a un veh\u00edculo y una camioneta, luego que esta \u00faltima ingresara sorpresivamente a la carretera despu\u00e9s de salir de un callej\u00f3n en Cruce El&#8230;<\/p>\n","protected":false},"author":482,"featured_media":50973,"comment_status":"open","ping_status":"closed","sticky":false,"template":"","format":"standard","meta":{"advanced_seo_description":"","jetpack_seo_html_title":"","jetpack_seo_noindex":false,"_jetpack_memberships_contains_paid_content":false,"footnotes":""},"categories":[21],"tags":[],"class_list":["post-50972","post","type-post","status-publish","format-standard","has-post-thumbnail","hentry","category-policial"],"jetpack_featured_media_url":"https:\/\/i0.wp.com\/eltrabajo.cl\/portal\/wp-content\/uploads\/2014\/09\/Choque1.jpg?fit=528%2C344&ssl=1","jetpack_sharing_enabled":true,"jetpack_likes_enabled":true,"jetpack-related-posts":[],"_links":{"self":[{"href":"https:\/\/eltrabajo.cl\/portal\/wp-json\/wp\/v2\/posts\/50972","targetHints":{"allow":["GET"]}}],"collection":[{"href":"https:\/\/eltrabajo.cl\/portal\/wp-json\/wp\/v2\/posts"}],"about":[{"href":"https:\/\/eltrabajo.cl\/portal\/wp-json\/wp\/v2\/types\/post"}],"author":[{"embeddable":true,"href":"https:\/\/eltrabajo.cl\/portal\/wp-json\/wp\/v2\/users\/482"}],"replies":[{"embeddable":true,"href":"https:\/\/eltrabajo.cl\/portal\/wp-json\/wp\/v2\/comments?post=50972"}],"version-history":[{"count":0,"href":"https:\/\/eltrabajo.cl\/portal\/wp-json\/wp\/v2\/posts\/50972\/revisions"}],"wp:featuredmedia":[{"embeddable":true,"href":"https:\/\/eltrabajo.cl\/portal\/wp-json\/wp\/v2\/media\/50973"}],"wp:attachment":[{"href":"https:\/\/eltrabajo.cl\/portal\/wp-json\/wp\/v2\/media?parent=50972"}],"wp:term":[{"taxonomy":"category","embeddable":true,"href":"https:\/\/eltrabajo.cl\/portal\/wp-json\/wp\/v2\/categories?post=50972"},{"taxonomy":"post_tag","embeddable":true,"href":"https:\/\/eltrabajo.cl\/portal\/wp-json\/wp\/v2\/tags?post=50972"}],"curies":[{"name":"wp","href":"https:\/\/api.w.org\/{rel}","templated":true}]}}