{"id":50978,"date":"2014-09-10T09:33:33","date_gmt":"2014-09-10T12:33:33","guid":{"rendered":"http:\/\/www.eltrabajo.cl\/portal\/?p=50978"},"modified":"2014-09-10T09:33:53","modified_gmt":"2014-09-10T12:33:53","slug":"barricadas-y-cortes-de-transito-tras-protestas-en-ruta-60-ch","status":"publish","type":"post","link":"https:\/\/eltrabajo.cl\/portal\/barricadas-y-cortes-de-transito-tras-protestas-en-ruta-60-ch\/","title":{"rendered":"Barricadas y cortes de tr\u00e1nsito tras protestas en Ruta 60 CH"},"content":{"rendered":"<figure id=\"attachment_50979\" aria-describedby=\"caption-attachment-50979\" style=\"width: 370px\" class=\"wp-caption alignleft\"><a href=\"https:\/\/i0.wp.com\/www.eltrabajo.cl\/portal\/wp-content\/uploads\/2014\/09\/barrica.jpg\"><img data-recalc-dims=\"1\" loading=\"lazy\" decoding=\"async\" class=\" wp-image-50979 \" alt=\"Barricadas y la instalaci\u00f3n de neum\u00e1ticos fue saldo de los serios disturbios cometidos en la carretera 60 CH por vecinos de la comuna de Panquehue, quienes protestaban la dilataci\u00f3n del nuevo tramo prometido para esa localidad.\" src=\"https:\/\/i0.wp.com\/www.eltrabajo.cl\/portal\/wp-content\/uploads\/2014\/09\/barrica.jpg?resize=370%2C340\" width=\"370\" height=\"340\" srcset=\"https:\/\/i0.wp.com\/eltrabajo.cl\/portal\/wp-content\/uploads\/2014\/09\/barrica.jpg?w=529&amp;ssl=1 529w, https:\/\/i0.wp.com\/eltrabajo.cl\/portal\/wp-content\/uploads\/2014\/09\/barrica.jpg?resize=163%2C150&amp;ssl=1 163w, https:\/\/i0.wp.com\/eltrabajo.cl\/portal\/wp-content\/uploads\/2014\/09\/barrica.jpg?resize=300%2C275&amp;ssl=1 300w, https:\/\/i0.wp.com\/eltrabajo.cl\/portal\/wp-content\/uploads\/2014\/09\/barrica.jpg?resize=150%2C137&amp;ssl=1 150w, https:\/\/i0.wp.com\/eltrabajo.cl\/portal\/wp-content\/uploads\/2014\/09\/barrica.jpg?resize=400%2C367&amp;ssl=1 400w\" sizes=\"auto, (max-width: 370px) 100vw, 370px\" \/><\/a><figcaption id=\"caption-attachment-50979\" class=\"wp-caption-text\">Barricadas y la instalaci\u00f3n de neum\u00e1ticos fue saldo de los serios disturbios cometidos en la carretera 60 CH por vecinos de la comuna de Panquehue, quienes protestaban la dilataci\u00f3n del nuevo tramo prometido para esa localidad.<\/figcaption><\/figure>\n<p>Desde el pasado lunes y hasta pasada la medianoche de ayer martes se registraron serios incidentes protagonizados por vecinos de la comuna de Panquehue que encendieron barricadas en distintos sectores, a modo de protesta por la demora que ha experimentado hasta ahora la construcci\u00f3n de la nueva Ruta 60, provocando el corte de tr\u00e1nsito e impidiendo el desplazamiento de los conductores.<\/p>\n<p>Este tema ha estado en el tapete durante las \u00faltimas semanas, donde parlamentarios y el mismo alcalde de Panquehue, Luis Pradenas, requirieron al Ministro de Obras P\u00fablicas, Alberto Undurraga para que se construya el trazado de 22 kil\u00f3metros que tanto se ha dilatado, fijando para la primera semana de octubre el reinicio de las obras.<\/p>\n<p>No obstante hasta el d\u00eda de ayer, grupos organizados entre vecinos de El Escorial, La Pirca y Lo Campo, decidieron protestar en la misma carretera prendiendo barricadas por la dilataci\u00f3n de las faenas. Sin embargo se vieron afectados m\u00faltiples conductores que se desplazaban a esas horas por esa arteria de alto tr\u00e1fico, lo que provoc\u00f3 cortes de tr\u00e1nsito debiendo intervenir las Fuerzas Especiales de Carabineros adem\u00e1s de un gran contingente de distintas comunas para restablecer el orden y seguridad.<\/p>\n<figure id=\"attachment_50980\" aria-describedby=\"caption-attachment-50980\" style=\"width: 370px\" class=\"wp-caption alignright\"><a href=\"https:\/\/i0.wp.com\/www.eltrabajo.cl\/portal\/wp-content\/uploads\/2014\/09\/Imputados-desordenes.jpg\"><img data-recalc-dims=\"1\" loading=\"lazy\" decoding=\"async\" class=\" wp-image-50980 \" alt=\"Los cinco imputados fueron sometidos a control de detenci\u00f3n en el Juzgado de Garant\u00eda de San Felipe por los delitos de desordenes p\u00fablicos, da\u00f1os a veh\u00edculos policiales y uno de ellos por usurpar su identidad.\" src=\"https:\/\/i0.wp.com\/www.eltrabajo.cl\/portal\/wp-content\/uploads\/2014\/09\/Imputados-desordenes.jpg?resize=370%2C243\" width=\"370\" height=\"243\" srcset=\"https:\/\/i0.wp.com\/eltrabajo.cl\/portal\/wp-content\/uploads\/2014\/09\/Imputados-desordenes.jpg?w=528&amp;ssl=1 528w, https:\/\/i0.wp.com\/eltrabajo.cl\/portal\/wp-content\/uploads\/2014\/09\/Imputados-desordenes.jpg?resize=200%2C131&amp;ssl=1 200w, https:\/\/i0.wp.com\/eltrabajo.cl\/portal\/wp-content\/uploads\/2014\/09\/Imputados-desordenes.jpg?resize=300%2C197&amp;ssl=1 300w, https:\/\/i0.wp.com\/eltrabajo.cl\/portal\/wp-content\/uploads\/2014\/09\/Imputados-desordenes.jpg?resize=150%2C98&amp;ssl=1 150w, https:\/\/i0.wp.com\/eltrabajo.cl\/portal\/wp-content\/uploads\/2014\/09\/Imputados-desordenes.jpg?resize=400%2C262&amp;ssl=1 400w\" sizes=\"auto, (max-width: 370px) 100vw, 370px\" \/><\/a><figcaption id=\"caption-attachment-50980\" class=\"wp-caption-text\">Los cinco imputados fueron sometidos a control de detenci\u00f3n en el Juzgado de Garant\u00eda de San Felipe por los delitos de desordenes p\u00fablicos, da\u00f1os a veh\u00edculos policiales y uno de ellos por usurpar su identidad.<\/figcaption><\/figure>\n<p>Producto de lo anterior cinco personas fueron detenidas por des\u00f3rdenes p\u00fablicos y da\u00f1os a distintas patrullas fiscales que sufrieron destrucci\u00f3n de parabrisas, protecciones y abolladuras en puertas por piedras y bloques de cemento que les fueron arrojados. Los imputados fueron identificados como Manuel Orlando A.G., \u00c1ngel Fabi\u00e1n A.V., Eduardo Antonio V.P., Pablo Andr\u00e9s V.M. y Andr\u00e9s Alexis G.D., este \u00faltimo se le imput\u00f3 adem\u00e1s el delito de Usurpaci\u00f3n de identidad.<\/p>\n<p>Los acusados fueron sometidos a control de detenci\u00f3n en el Juzgado de Garant\u00eda de San Felipe, donde el Fiscal del Ministerio P\u00fablico, Eduardo Fajardo, los requiri\u00f3 verbalmente por su participaci\u00f3n en los des\u00f3rdenes p\u00fablicos con la instalaci\u00f3n de neum\u00e1ticos en el kil\u00f3metro 11 y 16 de la Ruta 60 CH, adem\u00e1s de la acreditaci\u00f3n de da\u00f1os a veh\u00edculos policiales, a\u00f1adi\u00e9ndose a uno de los protagonistas el delito de usurpaci\u00f3n de identidad.<\/p>\n<p>El persecutor requiri\u00f3 ante el tribunal que se condene a los acusados a 200 d\u00edas de presidio menor por estos delitos. No obstante en el evento que acepten responsabilidad, esta pena se rebajar\u00eda a 61 d\u00edas, por lo que la Jueza de Garant\u00eda Roc\u00edo Oscariz Collarte fij\u00f3 una Audiencia de Procedimiento Simplificado para el pr\u00f3ximo 7 de octubre para resolver el caso.<\/p>\n<p>Los imputados que registraron lesiones en su cuerpo provocadas tras la oposici\u00f3n a ser arrestados por Carabineros, recuperaron su libertad excepto Manuel Orlando A.G., quien manten\u00eda una condena vigente de 60 d\u00edas en la comuna de Limache.<\/p>\n<p>Pablo Salinas Sald\u00edas<\/p>\n","protected":false},"excerpt":{"rendered":"<p>Desde el pasado lunes y hasta pasada la medianoche de ayer martes se registraron serios incidentes protagonizados por vecinos de la comuna de Panquehue que encendieron barricadas en distintos sectores, a modo&#8230;<\/p>\n","protected":false},"author":482,"featured_media":50979,"comment_status":"open","ping_status":"closed","sticky":false,"template":"","format":"standard","meta":{"advanced_seo_description":"","jetpack_seo_html_title":"","jetpack_seo_noindex":false,"_jetpack_memberships_contains_paid_content":false,"footnotes":""},"categories":[21],"tags":[],"class_list":["post-50978","post","type-post","status-publish","format-standard","has-post-thumbnail","hentry","category-policial"],"jetpack_featured_media_url":"https:\/\/i0.wp.com\/eltrabajo.cl\/portal\/wp-content\/uploads\/2014\/09\/barrica.jpg?fit=529%2C486&ssl=1","jetpack_sharing_enabled":true,"jetpack_likes_enabled":true,"jetpack-related-posts":[],"_links":{"self":[{"href":"https:\/\/eltrabajo.cl\/portal\/wp-json\/wp\/v2\/posts\/50978","targetHints":{"allow":["GET"]}}],"collection":[{"href":"https:\/\/eltrabajo.cl\/portal\/wp-json\/wp\/v2\/posts"}],"about":[{"href":"https:\/\/eltrabajo.cl\/portal\/wp-json\/wp\/v2\/types\/post"}],"author":[{"embeddable":true,"href":"https:\/\/eltrabajo.cl\/portal\/wp-json\/wp\/v2\/users\/482"}],"replies":[{"embeddable":true,"href":"https:\/\/eltrabajo.cl\/portal\/wp-json\/wp\/v2\/comments?post=50978"}],"version-history":[{"count":0,"href":"https:\/\/eltrabajo.cl\/portal\/wp-json\/wp\/v2\/posts\/50978\/revisions"}],"wp:featuredmedia":[{"embeddable":true,"href":"https:\/\/eltrabajo.cl\/portal\/wp-json\/wp\/v2\/media\/50979"}],"wp:attachment":[{"href":"https:\/\/eltrabajo.cl\/portal\/wp-json\/wp\/v2\/media?parent=50978"}],"wp:term":[{"taxonomy":"category","embeddable":true,"href":"https:\/\/eltrabajo.cl\/portal\/wp-json\/wp\/v2\/categories?post=50978"},{"taxonomy":"post_tag","embeddable":true,"href":"https:\/\/eltrabajo.cl\/portal\/wp-json\/wp\/v2\/tags?post=50978"}],"curies":[{"name":"wp","href":"https:\/\/api.w.org\/{rel}","templated":true}]}}