{"id":51001,"date":"2014-09-11T09:25:04","date_gmt":"2014-09-11T12:25:04","guid":{"rendered":"http:\/\/www.eltrabajo.cl\/portal\/?p=51001"},"modified":"2014-09-11T09:25:04","modified_gmt":"2014-09-11T12:25:04","slug":"con-emotiva-ceremonia-realizan-cierre-del-programa-vinculos","status":"publish","type":"post","link":"https:\/\/eltrabajo.cl\/portal\/con-emotiva-ceremonia-realizan-cierre-del-programa-vinculos\/","title":{"rendered":"Con emotiva ceremonia realizan cierre del Programa V\u00ednculos"},"content":{"rendered":"<figure id=\"attachment_51002\" aria-describedby=\"caption-attachment-51002\" style=\"width: 529px\" class=\"wp-caption alignnone\"><a href=\"https:\/\/i0.wp.com\/www.eltrabajo.cl\/portal\/wp-content\/uploads\/2014\/09\/Adultos1.jpg\"><img data-recalc-dims=\"1\" loading=\"lazy\" decoding=\"async\" class=\"size-full wp-image-51002\" alt=\"Manuel Campos es uno de los adultos mayores protagonistas en esta ceremonia, le acompa\u00f1an el Gobernador Eduardo Le\u00f3n y el Alcalde Boris Luksic.\" src=\"https:\/\/i0.wp.com\/www.eltrabajo.cl\/portal\/wp-content\/uploads\/2014\/09\/Adultos1.jpg?resize=529%2C385\" width=\"529\" height=\"385\" srcset=\"https:\/\/i0.wp.com\/eltrabajo.cl\/portal\/wp-content\/uploads\/2014\/09\/Adultos1.jpg?w=529&amp;ssl=1 529w, https:\/\/i0.wp.com\/eltrabajo.cl\/portal\/wp-content\/uploads\/2014\/09\/Adultos1.jpg?resize=200%2C145&amp;ssl=1 200w, https:\/\/i0.wp.com\/eltrabajo.cl\/portal\/wp-content\/uploads\/2014\/09\/Adultos1.jpg?resize=300%2C218&amp;ssl=1 300w, https:\/\/i0.wp.com\/eltrabajo.cl\/portal\/wp-content\/uploads\/2014\/09\/Adultos1.jpg?resize=150%2C109&amp;ssl=1 150w, https:\/\/i0.wp.com\/eltrabajo.cl\/portal\/wp-content\/uploads\/2014\/09\/Adultos1.jpg?resize=400%2C291&amp;ssl=1 400w\" sizes=\"auto, (max-width: 529px) 100vw, 529px\" \/><\/a><figcaption id=\"caption-attachment-51002\" class=\"wp-caption-text\">Manuel Campos es uno de los adultos mayores protagonistas en esta ceremonia, le acompa\u00f1an el Gobernador Eduardo Le\u00f3n y el Alcalde Boris Luksic.<\/figcaption><\/figure>\n<p><strong>CATEMU.-<\/strong> En presencia de la Coordinadora Regional de Senama, Viviana Valle; del Gobernador de la Provincia Eduardo Le\u00f3n; del Alcalde Boris Luksic; de los concejales Aurora Medina y Claudio N\u00fa\u00f1ez y de los usuarios que egresaron del Programa V\u00ednculos, se dio inicio a la ceremonia de cierre, donde con mucha emoci\u00f3n sus participantes recibieron sus diplomas.<\/p>\n<figure id=\"attachment_51003\" aria-describedby=\"caption-attachment-51003\" style=\"width: 317px\" class=\"wp-caption alignright\"><a href=\"https:\/\/i0.wp.com\/www.eltrabajo.cl\/portal\/wp-content\/uploads\/2014\/09\/Enrique-Salas.jpg\"><img data-recalc-dims=\"1\" loading=\"lazy\" decoding=\"async\" class=\" wp-image-51003 \" alt=\"Enrique Salas tambi\u00e9n es parte de los 36 adultos mayores que durante meses formaron parte de este significativo programa.\" src=\"https:\/\/i0.wp.com\/www.eltrabajo.cl\/portal\/wp-content\/uploads\/2014\/09\/Enrique-Salas.jpg?resize=317%2C403\" width=\"317\" height=\"403\" srcset=\"https:\/\/i0.wp.com\/eltrabajo.cl\/portal\/wp-content\/uploads\/2014\/09\/Enrique-Salas.jpg?w=529&amp;ssl=1 529w, https:\/\/i0.wp.com\/eltrabajo.cl\/portal\/wp-content\/uploads\/2014\/09\/Enrique-Salas.jpg?resize=118%2C150&amp;ssl=1 118w, https:\/\/i0.wp.com\/eltrabajo.cl\/portal\/wp-content\/uploads\/2014\/09\/Enrique-Salas.jpg?resize=236%2C300&amp;ssl=1 236w, https:\/\/i0.wp.com\/eltrabajo.cl\/portal\/wp-content\/uploads\/2014\/09\/Enrique-Salas.jpg?resize=400%2C507&amp;ssl=1 400w\" sizes=\"auto, (max-width: 317px) 100vw, 317px\" \/><\/a><figcaption id=\"caption-attachment-51003\" class=\"wp-caption-text\">Enrique Salas tambi\u00e9n es parte de los 36 adultos mayores que durante meses formaron parte de este significativo programa.<\/figcaption><\/figure>\n<p>Unos 36 adultos mayores durante meses formaron parte de este significativo programa que tanto beneficia a quienes ya forman parte de la tercera edad y necesitan compa\u00f1\u00eda, as\u00ed se dio inicio a la ceremonia de cierre, donde con mucha emoci\u00f3n sus participantes recibieron sus diplomas.<\/p>\n<p>El grupo quiso destacar a los compa\u00f1eros de grupo por sus cualidades donde se premi\u00f3 a quienes sobresalieron por cosas positivas y por su contribuci\u00f3n a los beneficiarios que se certificaron. \u00abPara nosotros es un gran orgullo ejecutar este tipo de programas en Catemu, que dan excelentes resultados en nuestros adultos mayores, que muchas veces necesitan compartir con otras personas. Nuevamente ha sido un \u00e9xito V\u00ednculos en Catemu, esperamos continuar aplic\u00e1ndolo muchos a\u00f1os m\u00e1s\u00bb, se\u00f1al\u00f3 Boris Luksic.<\/p>\n<p>Posteriormente compartieron un almuerzo con las autoridades presentes, para sellar la ceremonia y finalizar el proceso que, seg\u00fan comentaron sus participantes, les regal\u00f3 momentos valiosos e inolvidables.<\/p>\n<p>&nbsp;<\/p>\n","protected":false},"excerpt":{"rendered":"<p>CATEMU.- En presencia de la Coordinadora Regional de Senama, Viviana Valle; del Gobernador de la Provincia Eduardo Le\u00f3n; del Alcalde Boris Luksic; de los concejales Aurora Medina y Claudio N\u00fa\u00f1ez y de&#8230;<\/p>\n","protected":false},"author":482,"featured_media":51002,"comment_status":"open","ping_status":"closed","sticky":false,"template":"","format":"standard","meta":{"advanced_seo_description":"","jetpack_seo_html_title":"","jetpack_seo_noindex":false,"_jetpack_memberships_contains_paid_content":false,"footnotes":""},"categories":[15],"tags":[],"class_list":["post-51001","post","type-post","status-publish","format-standard","has-post-thumbnail","hentry","category-comunidad"],"jetpack_featured_media_url":"https:\/\/i0.wp.com\/eltrabajo.cl\/portal\/wp-content\/uploads\/2014\/09\/Adultos1.jpg?fit=529%2C385&ssl=1","jetpack_sharing_enabled":true,"jetpack_likes_enabled":true,"jetpack-related-posts":[],"_links":{"self":[{"href":"https:\/\/eltrabajo.cl\/portal\/wp-json\/wp\/v2\/posts\/51001","targetHints":{"allow":["GET"]}}],"collection":[{"href":"https:\/\/eltrabajo.cl\/portal\/wp-json\/wp\/v2\/posts"}],"about":[{"href":"https:\/\/eltrabajo.cl\/portal\/wp-json\/wp\/v2\/types\/post"}],"author":[{"embeddable":true,"href":"https:\/\/eltrabajo.cl\/portal\/wp-json\/wp\/v2\/users\/482"}],"replies":[{"embeddable":true,"href":"https:\/\/eltrabajo.cl\/portal\/wp-json\/wp\/v2\/comments?post=51001"}],"version-history":[{"count":0,"href":"https:\/\/eltrabajo.cl\/portal\/wp-json\/wp\/v2\/posts\/51001\/revisions"}],"wp:featuredmedia":[{"embeddable":true,"href":"https:\/\/eltrabajo.cl\/portal\/wp-json\/wp\/v2\/media\/51002"}],"wp:attachment":[{"href":"https:\/\/eltrabajo.cl\/portal\/wp-json\/wp\/v2\/media?parent=51001"}],"wp:term":[{"taxonomy":"category","embeddable":true,"href":"https:\/\/eltrabajo.cl\/portal\/wp-json\/wp\/v2\/categories?post=51001"},{"taxonomy":"post_tag","embeddable":true,"href":"https:\/\/eltrabajo.cl\/portal\/wp-json\/wp\/v2\/tags?post=51001"}],"curies":[{"name":"wp","href":"https:\/\/api.w.org\/{rel}","templated":true}]}}