{"id":51032,"date":"2014-09-11T09:37:15","date_gmt":"2014-09-11T12:37:15","guid":{"rendered":"http:\/\/www.eltrabajo.cl\/portal\/?p=51032"},"modified":"2014-09-11T09:37:15","modified_gmt":"2014-09-11T12:37:15","slug":"feria-central-agricola-de-avenida-yungay-con-recursos-para-mejorar-instalaciones","status":"publish","type":"post","link":"https:\/\/eltrabajo.cl\/portal\/feria-central-agricola-de-avenida-yungay-con-recursos-para-mejorar-instalaciones\/","title":{"rendered":"Feria Central Agr\u00edcola de Avenida Yungay con recursos para mejorar instalaciones"},"content":{"rendered":"<figure id=\"attachment_51033\" aria-describedby=\"caption-attachment-51033\" style=\"width: 529px\" class=\"wp-caption alignnone\"><a href=\"https:\/\/i0.wp.com\/www.eltrabajo.cl\/portal\/wp-content\/uploads\/2014\/09\/Grupal11.jpg\"><img data-recalc-dims=\"1\" loading=\"lazy\" decoding=\"async\" class=\"size-full wp-image-51033\" alt=\"Autoridades y Feriantes, inmortalizan con esta fotograf\u00eda grupal, este importante momento.\" src=\"https:\/\/i0.wp.com\/www.eltrabajo.cl\/portal\/wp-content\/uploads\/2014\/09\/Grupal11.jpg?resize=529%2C298\" width=\"529\" height=\"298\" srcset=\"https:\/\/i0.wp.com\/eltrabajo.cl\/portal\/wp-content\/uploads\/2014\/09\/Grupal11.jpg?w=529&amp;ssl=1 529w, https:\/\/i0.wp.com\/eltrabajo.cl\/portal\/wp-content\/uploads\/2014\/09\/Grupal11.jpg?resize=200%2C112&amp;ssl=1 200w, https:\/\/i0.wp.com\/eltrabajo.cl\/portal\/wp-content\/uploads\/2014\/09\/Grupal11.jpg?resize=300%2C168&amp;ssl=1 300w, https:\/\/i0.wp.com\/eltrabajo.cl\/portal\/wp-content\/uploads\/2014\/09\/Grupal11.jpg?resize=150%2C84&amp;ssl=1 150w, https:\/\/i0.wp.com\/eltrabajo.cl\/portal\/wp-content\/uploads\/2014\/09\/Grupal11.jpg?resize=400%2C225&amp;ssl=1 400w\" sizes=\"auto, (max-width: 529px) 100vw, 529px\" \/><\/a><figcaption id=\"caption-attachment-51033\" class=\"wp-caption-text\">Autoridades y Feriantes, inmortalizan con esta fotograf\u00eda grupal, este importante momento.<\/figcaption><\/figure>\n<p>Un monto de $13 millones entreg\u00f3 la tarde de ayer el Servicio de Cooperaci\u00f3n T\u00e9cnica Sercotec, a la Feria Central Agr\u00edcola de Avenida Yungay, para financiar obras de mejoramiento de la techumbre y de iluminaci\u00f3n del recinto donde trabajan cerca de 60 feriantes.<\/p>\n<p>En la tarde de ayer y con la presencia del Alcalde Patricio Freire; del Gobernador Eduardo Le\u00f3n y del Director Regional de Sercotec, V\u00edctor Hugo Fern\u00e1ndez, se realiz\u00f3 la ceremonia donde se hizo entrega al Presidente del Mercado Central Agr\u00edcola, Enzo Harris, del cheque por los $13 millones.<\/p>\n<p>Los recursos se los adjudicaron los feriantes a prop\u00f3sito del Programa de Modernizaci\u00f3n de Ferias Libres, corroborando un importante trabajo que desarroll\u00f3 la Municipalidad de San Felipe, a trav\u00e9s de la Unidad de Fomento Productivo, que apoy\u00f3 a este grupo de comerciantes en su organizaci\u00f3n y formulaci\u00f3n de la iniciativa.<\/p>\n<p>Seg\u00fan dijo el propio Enzo Harris, hace 40 a\u00f1os que este recinto no es mejorado, por lo que debi\u00f3 efectuarse una labor muy intensa, primero para entusiasmar y convencer a los feriantes de que era una buena idea optar a este programa y luego, en conjunto con la municipalidad, para elaborar el proyecto que les permiti\u00f3 acceder a estos fondos.<\/p>\n<p>\u201cEstamos felices, porque han sido d\u00e9cadas en que no hab\u00edamos recibido apoyo y ahora, tenemos a nuestro lado al Alcalde Freire, al gobernador y tambi\u00e9n al director de Sercotec, por lo que no vamos a descansar y empezaremos a trabajar de inmediato para postular otro proyecto, esperando que nos asignen recursos\u201d, se\u00f1al\u00f3 el dirigente de los feriantes.<\/p>\n<p>En ese mismo contexto, el Alcalde Patricio Freire ratific\u00f3 su compromiso de seguir acompa\u00f1ando y respaldando a los trabajadores de la Feria Central Agr\u00edcola, explicando que su objetivo es hacer del espacio donde ellos se desempe\u00f1an, un lugar que sea confortable y adem\u00e1s, atractivo para los visitantes.<\/p>\n<p>\u201cVamos a seguir apoy\u00e1ndolos. Yo me he comprometido con ellos, porque s\u00e9 de su esfuerzo y s\u00e9 tambi\u00e9n que al estar organizados, podemos conseguir mucho respaldo del Estado, para mejorar el espacio donde ellos trabajan\u201d, manifest\u00f3 el Alcalde Freire.<\/p>\n<p>En tanto V\u00edctor Hugo Fern\u00e1ndez, junto al Gobernador Eduardo Le\u00f3n, expresaron su compromiso de trabajo conjunto con la municipalidad y el Mercado Central Agr\u00edcola, para de esa manera modernizar este espacio, haci\u00e9ndolo acorde a las necesidades y exigencias del p\u00fablico, pero adem\u00e1s, un espacio digno para los feriantes.<\/p>\n<div class=\"tiled-gallery type-rectangular tiled-gallery-unresized\" data-original-width=\"640\" data-carousel-extra='null' itemscope itemtype=\"http:\/\/schema.org\/ImageGallery\" > <div class=\"gallery-row\" style=\"width: 640px; height: 226px;\" data-original-width=\"640\" data-original-height=\"226\" > <div class=\"gallery-group images-1\" style=\"width: 331px; height: 226px;\" data-original-width=\"331\" data-original-height=\"226\" > <div class=\"tiled-gallery-item tiled-gallery-item-large\" itemprop=\"associatedMedia\" itemscope itemtype=\"http:\/\/schema.org\/ImageObject\"> <a href=\"https:\/\/eltrabajo.cl\/portal\/feria-central-agricola-de-avenida-yungay-con-recursos-para-mejorar-instalaciones\/canastas1\/\" border=\"0\" itemprop=\"url\"> <meta itemprop=\"width\" content=\"327\"> <meta itemprop=\"height\" content=\"222\"> <img decoding=\"async\" class=\"\" data-attachment-id=\"51034\" data-orig-file=\"https:\/\/eltrabajo.cl\/portal\/wp-content\/uploads\/2014\/09\/Canastas1.jpg\" data-orig-size=\"529,358\" data-comments-opened=\"1\" data-image-meta=\"{&quot;aperture&quot;:&quot;0&quot;,&quot;credit&quot;:&quot;&quot;,&quot;camera&quot;:&quot;&quot;,&quot;caption&quot;:&quot;&quot;,&quot;created_timestamp&quot;:&quot;0&quot;,&quot;copyright&quot;:&quot;&quot;,&quot;focal_length&quot;:&quot;0&quot;,&quot;iso&quot;:&quot;0&quot;,&quot;shutter_speed&quot;:&quot;0&quot;,&quot;title&quot;:&quot;&quot;}\" data-image-title=\"Canastas1\" data-image-description=\"&lt;p&gt;Los dirigentes del Mercado Central Agr\u00edcola, hicieron entrega de un saludable obsequio a las autoridades.&lt;\/p&gt; \" data-medium-file=\"https:\/\/i0.wp.com\/eltrabajo.cl\/portal\/wp-content\/uploads\/2014\/09\/Canastas1.jpg?fit=300%2C203&#038;ssl=1\" data-large-file=\"https:\/\/i0.wp.com\/eltrabajo.cl\/portal\/wp-content\/uploads\/2014\/09\/Canastas1.jpg?fit=529%2C358&#038;ssl=1\" src=\"https:\/\/i0.wp.com\/eltrabajo.cl\/portal\/wp-content\/uploads\/2014\/09\/Canastas1.jpg?w=327&#038;h=222&#038;ssl=1\" srcset=\"https:\/\/i0.wp.com\/eltrabajo.cl\/portal\/wp-content\/uploads\/2014\/09\/Canastas1.jpg?w=529&amp;ssl=1 529w, https:\/\/i0.wp.com\/eltrabajo.cl\/portal\/wp-content\/uploads\/2014\/09\/Canastas1.jpg?resize=200%2C135&amp;ssl=1 200w, https:\/\/i0.wp.com\/eltrabajo.cl\/portal\/wp-content\/uploads\/2014\/09\/Canastas1.jpg?resize=300%2C203&amp;ssl=1 300w, https:\/\/i0.wp.com\/eltrabajo.cl\/portal\/wp-content\/uploads\/2014\/09\/Canastas1.jpg?resize=150%2C101&amp;ssl=1 150w, https:\/\/i0.wp.com\/eltrabajo.cl\/portal\/wp-content\/uploads\/2014\/09\/Canastas1.jpg?resize=400%2C270&amp;ssl=1 400w\" width=\"327\" height=\"222\" loading=\"lazy\" data-original-width=\"327\" data-original-height=\"222\" itemprop=\"http:\/\/schema.org\/image\" title=\"Canastas1\" alt=\"Los dirigentes del Mercado Central Agr\u00edcola, hicieron entrega de un saludable obsequio a las autoridades.\" style=\"width: 327px; height: 222px;\" \/> <\/a> <div class=\"tiled-gallery-caption\" itemprop=\"caption description\"> Los dirigentes del Mercado Central Agr\u00edcola, hicieron entrega de un saludable obsequio a las autoridades. <\/div> <\/div> <\/div> <!-- close group --> <div class=\"gallery-group images-1\" style=\"width: 309px; height: 226px;\" data-original-width=\"309\" data-original-height=\"226\" > <div class=\"tiled-gallery-item tiled-gallery-item-large\" itemprop=\"associatedMedia\" itemscope itemtype=\"http:\/\/schema.org\/ImageObject\"> <a href=\"https:\/\/eltrabajo.cl\/portal\/feria-central-agricola-de-avenida-yungay-con-recursos-para-mejorar-instalaciones\/cheque1-6\/\" border=\"0\" itemprop=\"url\"> <meta itemprop=\"width\" content=\"305\"> <meta itemprop=\"height\" content=\"222\"> <img decoding=\"async\" class=\"\" data-attachment-id=\"51035\" data-orig-file=\"https:\/\/eltrabajo.cl\/portal\/wp-content\/uploads\/2014\/09\/Cheque1.jpg\" data-orig-size=\"529,385\" data-comments-opened=\"1\" data-image-meta=\"{&quot;aperture&quot;:&quot;0&quot;,&quot;credit&quot;:&quot;&quot;,&quot;camera&quot;:&quot;&quot;,&quot;caption&quot;:&quot;&quot;,&quot;created_timestamp&quot;:&quot;0&quot;,&quot;copyright&quot;:&quot;&quot;,&quot;focal_length&quot;:&quot;0&quot;,&quot;iso&quot;:&quot;0&quot;,&quot;shutter_speed&quot;:&quot;0&quot;,&quot;title&quot;:&quot;&quot;}\" data-image-title=\"Cheque1\" data-image-description=\"&lt;p&gt;Enzo Harris muestra el cheque por la suma de $13 millones de pesos, que les permitir\u00e1 ejecutar obras de mejoramiento de techumbre e iluminaci\u00f3n.&lt;\/p&gt; \" data-medium-file=\"https:\/\/i0.wp.com\/eltrabajo.cl\/portal\/wp-content\/uploads\/2014\/09\/Cheque1.jpg?fit=300%2C218&#038;ssl=1\" data-large-file=\"https:\/\/i0.wp.com\/eltrabajo.cl\/portal\/wp-content\/uploads\/2014\/09\/Cheque1.jpg?fit=529%2C385&#038;ssl=1\" src=\"https:\/\/i0.wp.com\/eltrabajo.cl\/portal\/wp-content\/uploads\/2014\/09\/Cheque1.jpg?w=305&#038;h=222&#038;ssl=1\" srcset=\"https:\/\/i0.wp.com\/eltrabajo.cl\/portal\/wp-content\/uploads\/2014\/09\/Cheque1.jpg?w=529&amp;ssl=1 529w, https:\/\/i0.wp.com\/eltrabajo.cl\/portal\/wp-content\/uploads\/2014\/09\/Cheque1.jpg?resize=200%2C145&amp;ssl=1 200w, https:\/\/i0.wp.com\/eltrabajo.cl\/portal\/wp-content\/uploads\/2014\/09\/Cheque1.jpg?resize=300%2C218&amp;ssl=1 300w, https:\/\/i0.wp.com\/eltrabajo.cl\/portal\/wp-content\/uploads\/2014\/09\/Cheque1.jpg?resize=150%2C109&amp;ssl=1 150w, https:\/\/i0.wp.com\/eltrabajo.cl\/portal\/wp-content\/uploads\/2014\/09\/Cheque1.jpg?resize=400%2C291&amp;ssl=1 400w\" width=\"305\" height=\"222\" loading=\"lazy\" data-original-width=\"305\" data-original-height=\"222\" itemprop=\"http:\/\/schema.org\/image\" title=\"Cheque1\" alt=\"Enzo Harris muestra el cheque por la suma de $13 millones de pesos, que les permitir\u00e1 ejecutar obras de mejoramiento de techumbre e iluminaci\u00f3n.\" style=\"width: 305px; height: 222px;\" \/> <\/a> <div class=\"tiled-gallery-caption\" itemprop=\"caption description\"> Enzo Harris muestra el cheque por la suma de $13 millones de pesos, que les permitir\u00e1 ejecutar obras de mejoramiento de techumbre e iluminaci\u00f3n. <\/div> <\/div> <\/div> <!-- close group --> <\/div> <!-- close row --> <\/div>\n","protected":false},"excerpt":{"rendered":"<p>Un monto de $13 millones entreg\u00f3 la tarde de ayer el Servicio de Cooperaci\u00f3n T\u00e9cnica Sercotec, a la Feria Central Agr\u00edcola de Avenida Yungay, para financiar obras de mejoramiento de la techumbre&#8230;<\/p>\n","protected":false},"author":482,"featured_media":51033,"comment_status":"open","ping_status":"closed","sticky":false,"template":"","format":"standard","meta":{"advanced_seo_description":"","jetpack_seo_html_title":"","jetpack_seo_noindex":false,"_jetpack_memberships_contains_paid_content":false,"footnotes":""},"categories":[15],"tags":[],"class_list":["post-51032","post","type-post","status-publish","format-standard","has-post-thumbnail","hentry","category-comunidad"],"jetpack_featured_media_url":"https:\/\/i0.wp.com\/eltrabajo.cl\/portal\/wp-content\/uploads\/2014\/09\/Grupal11.jpg?fit=529%2C298&ssl=1","jetpack_sharing_enabled":true,"jetpack_likes_enabled":true,"jetpack-related-posts":[],"_links":{"self":[{"href":"https:\/\/eltrabajo.cl\/portal\/wp-json\/wp\/v2\/posts\/51032","targetHints":{"allow":["GET"]}}],"collection":[{"href":"https:\/\/eltrabajo.cl\/portal\/wp-json\/wp\/v2\/posts"}],"about":[{"href":"https:\/\/eltrabajo.cl\/portal\/wp-json\/wp\/v2\/types\/post"}],"author":[{"embeddable":true,"href":"https:\/\/eltrabajo.cl\/portal\/wp-json\/wp\/v2\/users\/482"}],"replies":[{"embeddable":true,"href":"https:\/\/eltrabajo.cl\/portal\/wp-json\/wp\/v2\/comments?post=51032"}],"version-history":[{"count":0,"href":"https:\/\/eltrabajo.cl\/portal\/wp-json\/wp\/v2\/posts\/51032\/revisions"}],"wp:featuredmedia":[{"embeddable":true,"href":"https:\/\/eltrabajo.cl\/portal\/wp-json\/wp\/v2\/media\/51033"}],"wp:attachment":[{"href":"https:\/\/eltrabajo.cl\/portal\/wp-json\/wp\/v2\/media?parent=51032"}],"wp:term":[{"taxonomy":"category","embeddable":true,"href":"https:\/\/eltrabajo.cl\/portal\/wp-json\/wp\/v2\/categories?post=51032"},{"taxonomy":"post_tag","embeddable":true,"href":"https:\/\/eltrabajo.cl\/portal\/wp-json\/wp\/v2\/tags?post=51032"}],"curies":[{"name":"wp","href":"https:\/\/api.w.org\/{rel}","templated":true}]}}