{"id":51038,"date":"2014-09-11T09:39:54","date_gmt":"2014-09-11T12:39:54","guid":{"rendered":"http:\/\/www.eltrabajo.cl\/portal\/?p=51038"},"modified":"2014-09-11T09:39:54","modified_gmt":"2014-09-11T12:39:54","slug":"recalentamiento-de-salamandra-habria-originado-incendio-en-las-vizcachas","status":"publish","type":"post","link":"https:\/\/eltrabajo.cl\/portal\/recalentamiento-de-salamandra-habria-originado-incendio-en-las-vizcachas\/","title":{"rendered":"Recalentamiento de salamandra habr\u00eda originado incendio en Las Vizcachas"},"content":{"rendered":"<figure id=\"attachment_51039\" aria-describedby=\"caption-attachment-51039\" style=\"width: 528px\" class=\"wp-caption alignnone\"><a href=\"https:\/\/i0.wp.com\/www.eltrabajo.cl\/portal\/wp-content\/uploads\/2014\/09\/Vizca1.jpg\"><img data-recalc-dims=\"1\" loading=\"lazy\" decoding=\"async\" class=\"size-full wp-image-51039\" alt=\"El due\u00f1o de casa, Segundo Bernal Carrasco, indic\u00f3 que al momento de comenzar el siniestro en el inmueble se encontraba su esposa y los ni\u00f1os viendo televisi\u00f3n en uno de los dormitorios.\" src=\"https:\/\/i0.wp.com\/www.eltrabajo.cl\/portal\/wp-content\/uploads\/2014\/09\/Vizca1.jpg?resize=528%2C401\" width=\"528\" height=\"401\" srcset=\"https:\/\/i0.wp.com\/eltrabajo.cl\/portal\/wp-content\/uploads\/2014\/09\/Vizca1.jpg?w=528&amp;ssl=1 528w, https:\/\/i0.wp.com\/eltrabajo.cl\/portal\/wp-content\/uploads\/2014\/09\/Vizca1.jpg?resize=197%2C150&amp;ssl=1 197w, https:\/\/i0.wp.com\/eltrabajo.cl\/portal\/wp-content\/uploads\/2014\/09\/Vizca1.jpg?resize=300%2C227&amp;ssl=1 300w, https:\/\/i0.wp.com\/eltrabajo.cl\/portal\/wp-content\/uploads\/2014\/09\/Vizca1.jpg?resize=150%2C113&amp;ssl=1 150w, https:\/\/i0.wp.com\/eltrabajo.cl\/portal\/wp-content\/uploads\/2014\/09\/Vizca1.jpg?resize=400%2C303&amp;ssl=1 400w\" sizes=\"auto, (max-width: 528px) 100vw, 528px\" \/><\/a><figcaption id=\"caption-attachment-51039\" class=\"wp-caption-text\">El due\u00f1o de casa, Segundo Bernal Carrasco, indic\u00f3 que al momento de comenzar el siniestro en el inmueble se encontraba su esposa y los ni\u00f1os viendo televisi\u00f3n en uno de los dormitorios.<\/figcaption><\/figure>\n<p><strong>LOS ANDES<\/strong>.- Fue el recalentamiento de una salamandra habr\u00eda dado origen al incendio que la noche del lunes destruy\u00f3 por completo una vivienda en el sector de Las Vizcachas en el camino internacional, movilizando a unidades de cuatro compa\u00f1\u00edas del cuerpo de Bomberos de Los Andes. Si bien inicialmente se inform\u00f3 de cinco personas damnificadas, en total fueron doce, todos integrantes de un mismo grupo familiar.<\/p>\n<p>El due\u00f1o de casa, Segundo Bernal Carrasco, indic\u00f3 que al momento de comenzar el siniestro en el inmueble se encontraba su esposa y los ni\u00f1os viendo televisi\u00f3n en uno de los dormitorios. Indic\u00f3 que con la rapidez con se propag\u00f3 el fuego a trav\u00e9s del entretecho su familia alcanz\u00f3 a salir casi con lo puesto, sin poder rescatar ning\u00fan mueble.<\/p>\n<p>El combate de las llamas por parte de bomberos se vio dificultado debido a la falta de accesos a la propiedad ubicada en la falda de un cerro.<\/p>\n<p>\u201cEn el comedor estaba la salamandra y creo que por ah\u00ed se origin\u00f3 el incendio. Hac\u00eda un poco de fr\u00edo y a lo mejor se accedi\u00f3 un poco en temperatura y agarr\u00f3 el fuego, que avanz\u00f3 por el entretecho y despu\u00e9s todo se vino abajo. Mi familia se salv\u00f3, est\u00e1 bien y eso es lo importante\u201d, declar\u00f3 el afectado.<\/p>\n<p>Si bien se mostr\u00f3 resignado por esta tragedia, dijo que todo lo que se perdi\u00f3 son cosas materiales, \u201cpor lo que hay que limpiar y salir adelante, no queda otra. El coraz\u00f3n est\u00e1 bueno, hay fuerzas, mi se\u00f1ora y mi familia est\u00e1n bien, lo dem\u00e1s se recuperar\u00e1, entonces hay que ponerle el hombro y seguir adelante\u201d, sentenci\u00f3.<\/p>\n<p>Hasta el lugar lleg\u00f3 tambi\u00e9n personal de la Unidad de Emergencias y del Departamento Social del municipio andino, a fin de brindar la ayuda correspondiente a la familia, ya que ahora lo que m\u00e1s les urge son materiales de construcci\u00f3n, vestuario y cosas para la casa.<\/p>\n<div class=\"tiled-gallery type-rectangular tiled-gallery-unresized\" data-original-width=\"640\" data-carousel-extra='null' itemscope itemtype=\"http:\/\/schema.org\/ImageGallery\" > <div class=\"gallery-row\" style=\"width: 640px; height: 235px;\" data-original-width=\"640\" data-original-height=\"235\" > <div class=\"gallery-group images-1\" style=\"width: 338px; height: 235px;\" data-original-width=\"338\" data-original-height=\"235\" > <div class=\"tiled-gallery-item tiled-gallery-item-large\" itemprop=\"associatedMedia\" itemscope itemtype=\"http:\/\/schema.org\/ImageObject\"> <a href=\"https:\/\/eltrabajo.cl\/portal\/recalentamiento-de-salamandra-habria-originado-incendio-en-las-vizcachas\/fuego1-20\/\" border=\"0\" itemprop=\"url\"> <meta itemprop=\"width\" content=\"334\"> <meta itemprop=\"height\" content=\"231\"> <img decoding=\"async\" class=\"\" data-attachment-id=\"51040\" data-orig-file=\"https:\/\/eltrabajo.cl\/portal\/wp-content\/uploads\/2014\/09\/Fuego11.jpg\" data-orig-size=\"528,366\" data-comments-opened=\"1\" data-image-meta=\"{&quot;aperture&quot;:&quot;0&quot;,&quot;credit&quot;:&quot;&quot;,&quot;camera&quot;:&quot;&quot;,&quot;caption&quot;:&quot;&quot;,&quot;created_timestamp&quot;:&quot;0&quot;,&quot;copyright&quot;:&quot;&quot;,&quot;focal_length&quot;:&quot;0&quot;,&quot;iso&quot;:&quot;0&quot;,&quot;shutter_speed&quot;:&quot;0&quot;,&quot;title&quot;:&quot;&quot;}\" data-image-title=\"Fuego1\" data-image-description=\"&lt;p&gt;Si bien inicialmente se inform\u00f3 de cinco personas damnificadas, en total fueron doce, todos integrantes de un mismo grupo familiar.&lt;\/p&gt; \" data-medium-file=\"https:\/\/i0.wp.com\/eltrabajo.cl\/portal\/wp-content\/uploads\/2014\/09\/Fuego11.jpg?fit=300%2C207&#038;ssl=1\" data-large-file=\"https:\/\/i0.wp.com\/eltrabajo.cl\/portal\/wp-content\/uploads\/2014\/09\/Fuego11.jpg?fit=528%2C366&#038;ssl=1\" src=\"https:\/\/i0.wp.com\/eltrabajo.cl\/portal\/wp-content\/uploads\/2014\/09\/Fuego11.jpg?w=334&#038;h=231&#038;ssl=1\" srcset=\"https:\/\/i0.wp.com\/eltrabajo.cl\/portal\/wp-content\/uploads\/2014\/09\/Fuego11.jpg?w=528&amp;ssl=1 528w, https:\/\/i0.wp.com\/eltrabajo.cl\/portal\/wp-content\/uploads\/2014\/09\/Fuego11.jpg?resize=200%2C138&amp;ssl=1 200w, https:\/\/i0.wp.com\/eltrabajo.cl\/portal\/wp-content\/uploads\/2014\/09\/Fuego11.jpg?resize=300%2C207&amp;ssl=1 300w, https:\/\/i0.wp.com\/eltrabajo.cl\/portal\/wp-content\/uploads\/2014\/09\/Fuego11.jpg?resize=150%2C103&amp;ssl=1 150w, https:\/\/i0.wp.com\/eltrabajo.cl\/portal\/wp-content\/uploads\/2014\/09\/Fuego11.jpg?resize=400%2C277&amp;ssl=1 400w\" width=\"334\" height=\"231\" loading=\"lazy\" data-original-width=\"334\" data-original-height=\"231\" itemprop=\"http:\/\/schema.org\/image\" title=\"Fuego1\" alt=\"Si bien inicialmente se inform\u00f3 de cinco personas damnificadas, en total fueron doce, todos integrantes de un mismo grupo familiar.\" style=\"width: 334px; height: 231px;\" \/> <\/a> <div class=\"tiled-gallery-caption\" itemprop=\"caption description\"> Si bien inicialmente se inform\u00f3 de cinco personas damnificadas, en total fueron doce, todos integrantes de un mismo grupo familiar. <\/div> <\/div> <\/div> <!-- close group --> <div class=\"gallery-group images-1\" style=\"width: 302px; height: 235px;\" data-original-width=\"302\" data-original-height=\"235\" > <div class=\"tiled-gallery-item tiled-gallery-item-large\" itemprop=\"associatedMedia\" itemscope itemtype=\"http:\/\/schema.org\/ImageObject\"> <a href=\"https:\/\/eltrabajo.cl\/portal\/recalentamiento-de-salamandra-habria-originado-incendio-en-las-vizcachas\/vizca2\/\" border=\"0\" itemprop=\"url\"> <meta itemprop=\"width\" content=\"298\"> <meta itemprop=\"height\" content=\"231\"> <img decoding=\"async\" class=\"\" data-attachment-id=\"51041\" data-orig-file=\"https:\/\/eltrabajo.cl\/portal\/wp-content\/uploads\/2014\/09\/Vizca2.jpg\" data-orig-size=\"529,410\" data-comments-opened=\"1\" data-image-meta=\"{&quot;aperture&quot;:&quot;0&quot;,&quot;credit&quot;:&quot;&quot;,&quot;camera&quot;:&quot;&quot;,&quot;caption&quot;:&quot;&quot;,&quot;created_timestamp&quot;:&quot;0&quot;,&quot;copyright&quot;:&quot;Copyright 2009&quot;,&quot;focal_length&quot;:&quot;0&quot;,&quot;iso&quot;:&quot;0&quot;,&quot;shutter_speed&quot;:&quot;0&quot;,&quot;title&quot;:&quot;&quot;}\" data-image-title=\"Vizca2\" data-image-description=\"&lt;p&gt;Fue el recalentamiento de esta salamandra habr\u00eda dado origen al incendio que la noche del lunes destruy\u00f3 por completo una vivienda en el sector de Las Vizcachas en el camino internacional.&lt;\/p&gt; \" data-medium-file=\"https:\/\/i0.wp.com\/eltrabajo.cl\/portal\/wp-content\/uploads\/2014\/09\/Vizca2.jpg?fit=300%2C232&#038;ssl=1\" data-large-file=\"https:\/\/i0.wp.com\/eltrabajo.cl\/portal\/wp-content\/uploads\/2014\/09\/Vizca2.jpg?fit=529%2C410&#038;ssl=1\" src=\"https:\/\/i0.wp.com\/eltrabajo.cl\/portal\/wp-content\/uploads\/2014\/09\/Vizca2.jpg?w=298&#038;h=231&#038;ssl=1\" srcset=\"https:\/\/i0.wp.com\/eltrabajo.cl\/portal\/wp-content\/uploads\/2014\/09\/Vizca2.jpg?w=529&amp;ssl=1 529w, https:\/\/i0.wp.com\/eltrabajo.cl\/portal\/wp-content\/uploads\/2014\/09\/Vizca2.jpg?resize=193%2C150&amp;ssl=1 193w, https:\/\/i0.wp.com\/eltrabajo.cl\/portal\/wp-content\/uploads\/2014\/09\/Vizca2.jpg?resize=300%2C232&amp;ssl=1 300w, https:\/\/i0.wp.com\/eltrabajo.cl\/portal\/wp-content\/uploads\/2014\/09\/Vizca2.jpg?resize=150%2C116&amp;ssl=1 150w, https:\/\/i0.wp.com\/eltrabajo.cl\/portal\/wp-content\/uploads\/2014\/09\/Vizca2.jpg?resize=400%2C310&amp;ssl=1 400w\" width=\"298\" height=\"231\" loading=\"lazy\" data-original-width=\"298\" data-original-height=\"231\" itemprop=\"http:\/\/schema.org\/image\" title=\"Vizca2\" alt=\"Fue el recalentamiento de esta salamandra habr\u00eda dado origen al incendio que la noche del lunes destruy\u00f3 por completo una vivienda en el sector de Las Vizcachas en el camino internacional.\" style=\"width: 298px; height: 231px;\" \/> <\/a> <div class=\"tiled-gallery-caption\" itemprop=\"caption description\"> Fue el recalentamiento de esta salamandra habr\u00eda dado origen al incendio que la noche del lunes destruy\u00f3 por completo una vivienda en el sector de Las Vizcachas en el camino internacional. <\/div> <\/div> <\/div> <!-- close group --> <\/div> <!-- close row --> <\/div>\n","protected":false},"excerpt":{"rendered":"<p>LOS ANDES.- Fue el recalentamiento de una salamandra habr\u00eda dado origen al incendio que la noche del lunes destruy\u00f3 por completo una vivienda en el sector de Las Vizcachas en el camino&#8230;<\/p>\n","protected":false},"author":482,"featured_media":51039,"comment_status":"open","ping_status":"closed","sticky":false,"template":"","format":"standard","meta":{"advanced_seo_description":"","jetpack_seo_html_title":"","jetpack_seo_noindex":false,"_jetpack_memberships_contains_paid_content":false,"footnotes":""},"categories":[21],"tags":[],"class_list":["post-51038","post","type-post","status-publish","format-standard","has-post-thumbnail","hentry","category-policial"],"jetpack_featured_media_url":"https:\/\/i0.wp.com\/eltrabajo.cl\/portal\/wp-content\/uploads\/2014\/09\/Vizca1.jpg?fit=528%2C401&ssl=1","jetpack_sharing_enabled":true,"jetpack_likes_enabled":true,"jetpack-related-posts":[],"_links":{"self":[{"href":"https:\/\/eltrabajo.cl\/portal\/wp-json\/wp\/v2\/posts\/51038","targetHints":{"allow":["GET"]}}],"collection":[{"href":"https:\/\/eltrabajo.cl\/portal\/wp-json\/wp\/v2\/posts"}],"about":[{"href":"https:\/\/eltrabajo.cl\/portal\/wp-json\/wp\/v2\/types\/post"}],"author":[{"embeddable":true,"href":"https:\/\/eltrabajo.cl\/portal\/wp-json\/wp\/v2\/users\/482"}],"replies":[{"embeddable":true,"href":"https:\/\/eltrabajo.cl\/portal\/wp-json\/wp\/v2\/comments?post=51038"}],"version-history":[{"count":0,"href":"https:\/\/eltrabajo.cl\/portal\/wp-json\/wp\/v2\/posts\/51038\/revisions"}],"wp:featuredmedia":[{"embeddable":true,"href":"https:\/\/eltrabajo.cl\/portal\/wp-json\/wp\/v2\/media\/51039"}],"wp:attachment":[{"href":"https:\/\/eltrabajo.cl\/portal\/wp-json\/wp\/v2\/media?parent=51038"}],"wp:term":[{"taxonomy":"category","embeddable":true,"href":"https:\/\/eltrabajo.cl\/portal\/wp-json\/wp\/v2\/categories?post=51038"},{"taxonomy":"post_tag","embeddable":true,"href":"https:\/\/eltrabajo.cl\/portal\/wp-json\/wp\/v2\/tags?post=51038"}],"curies":[{"name":"wp","href":"https:\/\/api.w.org\/{rel}","templated":true}]}}