{"id":51067,"date":"2014-09-12T09:09:54","date_gmt":"2014-09-12T12:09:54","guid":{"rendered":"http:\/\/www.eltrabajo.cl\/portal\/?p=51067"},"modified":"2014-09-12T09:09:54","modified_gmt":"2014-09-12T12:09:54","slug":"escuela-jose-manso-de-velasco-celebra-sus-96-anos","status":"publish","type":"post","link":"https:\/\/eltrabajo.cl\/portal\/escuela-jose-manso-de-velasco-celebra-sus-96-anos\/","title":{"rendered":"Escuela Jos\u00e9 Manso de Velasco celebra sus 96 a\u00f1os"},"content":{"rendered":"<figure id=\"attachment_51068\" aria-describedby=\"caption-attachment-51068\" style=\"width: 529px\" class=\"wp-caption alignnone\"><a href=\"https:\/\/i0.wp.com\/www.eltrabajo.cl\/portal\/wp-content\/uploads\/2014\/09\/Peques1.jpg\"><img data-recalc-dims=\"1\" loading=\"lazy\" decoding=\"async\" class=\"size-full wp-image-51068\" alt=\"El pasado mi\u00e9rcoles y con la participaci\u00f3n de una gran cantidad de alumnos, padres y apoderados, la Escuela Jos\u00e9 Manso de Velasco celebr\u00f3 su aniversario n\u00famero 96.\" src=\"https:\/\/i0.wp.com\/www.eltrabajo.cl\/portal\/wp-content\/uploads\/2014\/09\/Peques1.jpg?resize=529%2C367\" width=\"529\" height=\"367\" srcset=\"https:\/\/i0.wp.com\/eltrabajo.cl\/portal\/wp-content\/uploads\/2014\/09\/Peques1.jpg?w=529&amp;ssl=1 529w, https:\/\/i0.wp.com\/eltrabajo.cl\/portal\/wp-content\/uploads\/2014\/09\/Peques1.jpg?resize=200%2C138&amp;ssl=1 200w, https:\/\/i0.wp.com\/eltrabajo.cl\/portal\/wp-content\/uploads\/2014\/09\/Peques1.jpg?resize=300%2C208&amp;ssl=1 300w, https:\/\/i0.wp.com\/eltrabajo.cl\/portal\/wp-content\/uploads\/2014\/09\/Peques1.jpg?resize=150%2C104&amp;ssl=1 150w, https:\/\/i0.wp.com\/eltrabajo.cl\/portal\/wp-content\/uploads\/2014\/09\/Peques1.jpg?resize=400%2C277&amp;ssl=1 400w\" sizes=\"auto, (max-width: 529px) 100vw, 529px\" \/><\/a><figcaption id=\"caption-attachment-51068\" class=\"wp-caption-text\">El pasado mi\u00e9rcoles y con la participaci\u00f3n de una gran cantidad de alumnos, padres y apoderados, la Escuela Jos\u00e9 Manso de Velasco celebr\u00f3 su aniversario n\u00famero 96.<\/figcaption><\/figure>\n<p>El pasado mi\u00e9rcoles y con la participaci\u00f3n de una gran cantidad de alumnos, padres y apoderados, as\u00ed como todo el cuerpo docente y asistentes de la educaci\u00f3n, la Escuela Jos\u00e9 Manso de Velasco celebr\u00f3 su aniversario n\u00famero 96. Emplazado en un lugar muy caracter\u00edstico de nuestra comuna, y en uno de los barrios m\u00e1s antiguos de San Felipe, la comunidad se volvi\u00f3 a reunir en torno a las letras y los n\u00fameros, las artes y el deporte, para celebrar un nuevo a\u00f1o de existencia de la querida Escuela E-65.<\/p>\n<p>En lo que se conoce como la esquina colorada, en el a\u00f1o 1921 recibi\u00f3 su primer nombre \u201ccasa de estudios rural\u201d dependiente del ministerio de Justicia e instrucci\u00f3n p\u00fablica, bajo el gobierno del Presidente Arturo Alessandri Palma, a instancias del entonces Senador Arturo Lyon Pe\u00f1a, en una casona que el propio parlamentario comprara dos a\u00f1os antes.<\/p>\n<p>Con el paso de los a\u00f1os, y bajo decreto 19547, el 6 de diciembre de 1961, pasa a llevar el nombre de quien fuera en due\u00f1o de sus terrenos Arturo Alessandri Palma, escuela 21, como reconocimiento y agradecimiento de la comunidad.<\/p>\n<p>En el a\u00f1o 1964, se compran los terrenos donde actualmente se encuentra emplaza la escuela, en el sector norponiente de la avenida Enc\u00f3n, frente a su antigua ubicaci\u00f3n.<\/p>\n<p>En la oportunidad, no se dej\u00f3 pasar la ocasi\u00f3n, para mencionar a quienes hicieron de su querida escuela, su segundo hogar, dejando un trozo de su vida en cada paso por sus pasillos, un mensaje de amor en cada actividad realizada, sabiendo que en esa labor, queda plasmado el arte de ser parte de la tradici\u00f3n de un establecimiento, y que hoy se refleja en la incansable labor realizada por Carlos Robles Mu\u00f1oz, funcionario de 46 a\u00f1os de labor, a quien la comunidad entera, entrego un fuerte aplauso, y un reconocimiento, porque refleja a todas las generaciones.<\/p>\n<p>Taller de circo teatro, danza, deportes, ajedrez y lenguaje de se\u00f1as para asistir a personas con capacidades diferentes, son las que se complementan con las ventajas del programa de integraci\u00f3n escolar (PIE), permitiendo un desarrollo integral y en igualdad de condiciones para todos sus alumnos, sin que nadie se quede atr\u00e1s, en la senda del conocimiento.<\/p>\n<p>La reinauguraci\u00f3n de la biblioteca CRA, m\u00e1s un moderno laboratorio de ciencias, vienen a formar parte del moderno equipamiento que se pone a disposici\u00f3n del cuerpo docente y sus alumnos, reforzando el compromiso de la modernidad, conforme avanzan los tiempos.<\/p>\n<p>&nbsp;<\/p>\n","protected":false},"excerpt":{"rendered":"<p>El pasado mi\u00e9rcoles y con la participaci\u00f3n de una gran cantidad de alumnos, padres y apoderados, as\u00ed como todo el cuerpo docente y asistentes de la educaci\u00f3n, la Escuela Jos\u00e9 Manso de&#8230;<\/p>\n","protected":false},"author":482,"featured_media":51068,"comment_status":"open","ping_status":"closed","sticky":false,"template":"","format":"standard","meta":{"advanced_seo_description":"","jetpack_seo_html_title":"","jetpack_seo_noindex":false,"_jetpack_memberships_contains_paid_content":false,"footnotes":""},"categories":[15],"tags":[],"class_list":["post-51067","post","type-post","status-publish","format-standard","has-post-thumbnail","hentry","category-comunidad"],"jetpack_featured_media_url":"https:\/\/i0.wp.com\/eltrabajo.cl\/portal\/wp-content\/uploads\/2014\/09\/Peques1.jpg?fit=529%2C367&ssl=1","jetpack_sharing_enabled":true,"jetpack_likes_enabled":true,"jetpack-related-posts":[],"_links":{"self":[{"href":"https:\/\/eltrabajo.cl\/portal\/wp-json\/wp\/v2\/posts\/51067","targetHints":{"allow":["GET"]}}],"collection":[{"href":"https:\/\/eltrabajo.cl\/portal\/wp-json\/wp\/v2\/posts"}],"about":[{"href":"https:\/\/eltrabajo.cl\/portal\/wp-json\/wp\/v2\/types\/post"}],"author":[{"embeddable":true,"href":"https:\/\/eltrabajo.cl\/portal\/wp-json\/wp\/v2\/users\/482"}],"replies":[{"embeddable":true,"href":"https:\/\/eltrabajo.cl\/portal\/wp-json\/wp\/v2\/comments?post=51067"}],"version-history":[{"count":0,"href":"https:\/\/eltrabajo.cl\/portal\/wp-json\/wp\/v2\/posts\/51067\/revisions"}],"wp:featuredmedia":[{"embeddable":true,"href":"https:\/\/eltrabajo.cl\/portal\/wp-json\/wp\/v2\/media\/51068"}],"wp:attachment":[{"href":"https:\/\/eltrabajo.cl\/portal\/wp-json\/wp\/v2\/media?parent=51067"}],"wp:term":[{"taxonomy":"category","embeddable":true,"href":"https:\/\/eltrabajo.cl\/portal\/wp-json\/wp\/v2\/categories?post=51067"},{"taxonomy":"post_tag","embeddable":true,"href":"https:\/\/eltrabajo.cl\/portal\/wp-json\/wp\/v2\/tags?post=51067"}],"curies":[{"name":"wp","href":"https:\/\/api.w.org\/{rel}","templated":true}]}}