{"id":51092,"date":"2014-09-12T09:30:36","date_gmt":"2014-09-12T12:30:36","guid":{"rendered":"http:\/\/www.eltrabajo.cl\/portal\/?p=51092"},"modified":"2014-09-12T09:30:41","modified_gmt":"2014-09-12T12:30:41","slug":"profesora-sanfelipena-triunfa-en-escuelita-rural-del-fin-del-mundo","status":"publish","type":"post","link":"https:\/\/eltrabajo.cl\/portal\/profesora-sanfelipena-triunfa-en-escuelita-rural-del-fin-del-mundo\/","title":{"rendered":"Profesora sanfelipe\u00f1a triunfa en escuelita rural del fin del mundo"},"content":{"rendered":"<figure id=\"attachment_51093\" aria-describedby=\"caption-attachment-51093\" style=\"width: 529px\" class=\"wp-caption alignnone\"><a href=\"https:\/\/i0.wp.com\/www.eltrabajo.cl\/portal\/wp-content\/uploads\/2014\/09\/Escolares1.jpg\"><img data-recalc-dims=\"1\" loading=\"lazy\" decoding=\"async\" class=\"size-full wp-image-51093\" alt=\"Estos son los peque\u00f1itos que ahora est\u00e1n siendo educador por la Profesora Mar\u00eda Victoria Castillo en la Escuela Rural multigrado Bernardo de Bruyne de la Comuna de R\u00edo Verde en la XII Regi\u00f3n.\" src=\"https:\/\/i0.wp.com\/www.eltrabajo.cl\/portal\/wp-content\/uploads\/2014\/09\/Escolares1.jpg?resize=529%2C455\" width=\"529\" height=\"455\" srcset=\"https:\/\/i0.wp.com\/eltrabajo.cl\/portal\/wp-content\/uploads\/2014\/09\/Escolares1.jpg?w=529&amp;ssl=1 529w, https:\/\/i0.wp.com\/eltrabajo.cl\/portal\/wp-content\/uploads\/2014\/09\/Escolares1.jpg?resize=174%2C150&amp;ssl=1 174w, https:\/\/i0.wp.com\/eltrabajo.cl\/portal\/wp-content\/uploads\/2014\/09\/Escolares1.jpg?resize=300%2C258&amp;ssl=1 300w, https:\/\/i0.wp.com\/eltrabajo.cl\/portal\/wp-content\/uploads\/2014\/09\/Escolares1.jpg?resize=150%2C129&amp;ssl=1 150w, https:\/\/i0.wp.com\/eltrabajo.cl\/portal\/wp-content\/uploads\/2014\/09\/Escolares1.jpg?resize=400%2C344&amp;ssl=1 400w\" sizes=\"auto, (max-width: 529px) 100vw, 529px\" \/><\/a><figcaption id=\"caption-attachment-51093\" class=\"wp-caption-text\">Estos son los peque\u00f1itos que ahora est\u00e1n siendo educador por la Profesora Mar\u00eda Victoria Castillo en la Escuela Rural multigrado Bernardo de Bruyne de la Comuna de R\u00edo Verde en la XII Regi\u00f3n.<\/figcaption><\/figure>\n<p>Las aventuras de una profesora sanfelipe\u00f1a quien hace dos a\u00f1os viaj\u00f3 al sur de nuestro pa\u00eds parecen no terminar, es la historia de la Profesora de Ense\u00f1anza B\u00e1sica Mar\u00eda Victoria Castillo, quien labor\u00f3 durante tres a\u00f1os a cargo del Programa Explora de la Escuela 21 de Mayo. La profesional, quien actualmente reside en la Regi\u00f3n de Magallanes, comenzar\u00e1 sus estudios en Magister en Liderazgo y Gesti\u00f3n pedag\u00f3gica en Santiago el pr\u00f3ximo 25 del presente mes, ella se encuentra a cargo de una escuela rural en la apartada y desconocida comuna de R\u00edo Verde.<\/p>\n<p>Sus estudios universitarios los realiz\u00f3 en la Universidad de Vi\u00f1a del Mar, egresando en el a\u00f1o 2009 como Profesora de Educaci\u00f3n General B\u00e1sica con Menci\u00f3n en Ed. Matem\u00e1tica, comenz\u00f3 sus labores en diferentes establecimientos municipales y particulares subvencionados de la ciudad de San Felipe. En el a\u00f1o 2013, luego de adjudicarse un concurso p\u00fablico como Docente Encargada de la Escuela Rural multigrado Bernardo de Bruyne de la Comuna de R\u00edo Verde en la XII Regi\u00f3n de Magallanes, junto con el apoyo de su familia, tomo la decisi\u00f3n de radicarse en dicha zona para ejercer su labor docente, teniendo previamente la experiencia de desempe\u00f1arse como docente en escuelas rurales de la comuna de San Felipe.<\/p>\n<p>El trabajo en esos apartados lugares no ha sido f\u00e1cil, debido la lejan\u00eda con la ciudad (1 hora y media en camino de ripio y carretera), el complejo clima, hacen dif\u00edcil la comunicaci\u00f3n con otros establecimientos, tambi\u00e9n es escaso el n\u00famero de ni\u00f1os que reside en el sector por lo cual la ense\u00f1anza debe ser multigrado (actualmente 1\u00b0, 5\u00b0 y 6\u00b0 b\u00e1sico en una misma aula), pero gracias a su esfuerzo en conjunto con su equipo y el apoyo del municipio, ha tenido grandes logros en este poco tiempo estando all\u00ed, como por ejemplo, incorporaci\u00f3n de ense\u00f1anza pre b\u00e1sica, aumento considerable de la matr\u00edcula, construcci\u00f3n de cocina y comedor, acceso a transporte escolar rural para ni\u00f1os y docentes, plaza de juegos, entre otros proyectos que vendr\u00e1n a futuro.<\/p>\n<p>La docente nunca ha dejado su tierra natal, debido a que constantemente visita a sus familiares y amigos, quien jam\u00e1s dejara de agradecer todo el apoyo que le han dado siempre.<\/p>\n<p><strong>CON NOTA 7<\/strong><\/p>\n<p>\u201cLa oportunidad que le ha entregado el Ministerio de Educaci\u00f3n para seguir perfeccion\u00e1ndose a trav\u00e9s de esta beca, es un gran plus en mi carrera, lo cual me dar\u00e1 mayor realce a mi labor y sobretodo me ayudara al desempe\u00f1o como directora o encargada de cualquier escuela, espero dar lo mejor de m\u00ed, para retribuirlo a mi equipo y estudiantes\u201d, coment\u00f3 v\u00eda telef\u00f3nica la profesional.<\/p>\n<p>Diario El Trabajo habl\u00f3 con Manuel Araya, director de la Escuela 21 de Mayo y ex jefe de Mar\u00eda Victoria Castillo, \u201cella estuvo ac\u00e1 como encargada de Explora, una profesora entregada \u00edntegramente a su trabajo, amorosa con sus estudiantes y con un excelente trato para con sus iguales y apoderados, ojala que siga triunfando en tierras del sur, le doy un 7 a esta ejemplar profesora\u00bb, coment\u00f3 Araya.<\/p>\n<p>Roberto Gonz\u00e1lez Short<\/p>\n<p>rgonzalez@eltrabajo.cl<\/p>\n<div class=\"tiled-gallery type-rectangular tiled-gallery-unresized\" data-original-width=\"640\" data-carousel-extra='null' itemscope itemtype=\"http:\/\/schema.org\/ImageGallery\" > <div class=\"gallery-row\" style=\"width: 640px; height: 288px;\" data-original-width=\"640\" data-original-height=\"288\" > <div class=\"gallery-group images-1\" style=\"width: 378px; height: 288px;\" data-original-width=\"378\" data-original-height=\"288\" > <div class=\"tiled-gallery-item tiled-gallery-item-large\" itemprop=\"associatedMedia\" itemscope itemtype=\"http:\/\/schema.org\/ImageObject\"> <a href=\"https:\/\/eltrabajo.cl\/portal\/profesora-sanfelipena-triunfa-en-escuelita-rural-del-fin-del-mundo\/pueblito1-3\/\" border=\"0\" itemprop=\"url\"> <meta itemprop=\"width\" content=\"374\"> <meta itemprop=\"height\" content=\"284\"> <img decoding=\"async\" class=\"\" data-attachment-id=\"51094\" data-orig-file=\"https:\/\/eltrabajo.cl\/portal\/wp-content\/uploads\/2014\/09\/Pueblito1.jpg\" data-orig-size=\"528,401\" data-comments-opened=\"1\" data-image-meta=\"{&quot;aperture&quot;:&quot;0&quot;,&quot;credit&quot;:&quot;&quot;,&quot;camera&quot;:&quot;&quot;,&quot;caption&quot;:&quot;&quot;,&quot;created_timestamp&quot;:&quot;0&quot;,&quot;copyright&quot;:&quot;&quot;,&quot;focal_length&quot;:&quot;0&quot;,&quot;iso&quot;:&quot;0&quot;,&quot;shutter_speed&quot;:&quot;0&quot;,&quot;title&quot;:&quot;&quot;}\" data-image-title=\"Pueblito1\" data-image-description=\"&lt;p&gt;PUEBLITO LEJANO.- En este peque\u00f1o pueblito, el m\u00e1s deshabitado del pa\u00eds, en la comuna de R\u00edo Verde en la XII Regi\u00f3n de Magallanes, aqu\u00ed vive y trabaja esta educadora sanfelipe\u00f1a.&lt;\/p&gt; \" data-medium-file=\"https:\/\/i0.wp.com\/eltrabajo.cl\/portal\/wp-content\/uploads\/2014\/09\/Pueblito1.jpg?fit=300%2C227&#038;ssl=1\" data-large-file=\"https:\/\/i0.wp.com\/eltrabajo.cl\/portal\/wp-content\/uploads\/2014\/09\/Pueblito1.jpg?fit=528%2C401&#038;ssl=1\" src=\"https:\/\/i0.wp.com\/eltrabajo.cl\/portal\/wp-content\/uploads\/2014\/09\/Pueblito1.jpg?w=374&#038;h=284&#038;ssl=1\" srcset=\"https:\/\/i0.wp.com\/eltrabajo.cl\/portal\/wp-content\/uploads\/2014\/09\/Pueblito1.jpg?w=528&amp;ssl=1 528w, https:\/\/i0.wp.com\/eltrabajo.cl\/portal\/wp-content\/uploads\/2014\/09\/Pueblito1.jpg?resize=197%2C150&amp;ssl=1 197w, https:\/\/i0.wp.com\/eltrabajo.cl\/portal\/wp-content\/uploads\/2014\/09\/Pueblito1.jpg?resize=300%2C227&amp;ssl=1 300w, https:\/\/i0.wp.com\/eltrabajo.cl\/portal\/wp-content\/uploads\/2014\/09\/Pueblito1.jpg?resize=150%2C113&amp;ssl=1 150w, https:\/\/i0.wp.com\/eltrabajo.cl\/portal\/wp-content\/uploads\/2014\/09\/Pueblito1.jpg?resize=400%2C303&amp;ssl=1 400w\" width=\"374\" height=\"284\" loading=\"lazy\" data-original-width=\"374\" data-original-height=\"284\" itemprop=\"http:\/\/schema.org\/image\" title=\"Pueblito1\" alt=\"PUEBLITO LEJANO.- En este peque\u00f1o pueblito, el m\u00e1s deshabitado del pa\u00eds, en la comuna de R\u00edo Verde en la XII Regi\u00f3n de Magallanes, aqu\u00ed vive y trabaja esta educadora sanfelipe\u00f1a.\" style=\"width: 374px; height: 284px;\" \/> <\/a> <div class=\"tiled-gallery-caption\" itemprop=\"caption description\"> PUEBLITO LEJANO.- En este peque\u00f1o pueblito, el m\u00e1s deshabitado del pa\u00eds, en la comuna de R\u00edo Verde en la XII Regi\u00f3n de Magallanes, aqu\u00ed vive y trabaja esta educadora sanfelipe\u00f1a. <\/div> <\/div> <\/div> <!-- close group --> <div class=\"gallery-group images-1\" style=\"width: 262px; height: 288px;\" data-original-width=\"262\" data-original-height=\"288\" > <div class=\"tiled-gallery-item tiled-gallery-item-large\" itemprop=\"associatedMedia\" itemscope itemtype=\"http:\/\/schema.org\/ImageObject\"> <a href=\"https:\/\/eltrabajo.cl\/portal\/profesora-sanfelipena-triunfa-en-escuelita-rural-del-fin-del-mundo\/maria-victoria-castillo\/\" border=\"0\" itemprop=\"url\"> <meta itemprop=\"width\" content=\"258\"> <meta itemprop=\"height\" content=\"284\"> <img decoding=\"async\" class=\"\" data-attachment-id=\"51095\" data-orig-file=\"https:\/\/eltrabajo.cl\/portal\/wp-content\/uploads\/2014\/09\/Maria-Victoria-Castillo.jpg\" data-orig-size=\"529,582\" data-comments-opened=\"1\" data-image-meta=\"{&quot;aperture&quot;:&quot;0&quot;,&quot;credit&quot;:&quot;&quot;,&quot;camera&quot;:&quot;&quot;,&quot;caption&quot;:&quot;&quot;,&quot;created_timestamp&quot;:&quot;0&quot;,&quot;copyright&quot;:&quot;&quot;,&quot;focal_length&quot;:&quot;0&quot;,&quot;iso&quot;:&quot;0&quot;,&quot;shutter_speed&quot;:&quot;0&quot;,&quot;title&quot;:&quot;&quot;}\" data-image-title=\"Maria Victoria Castillo\" data-image-description=\"&lt;p&gt;Profesora de Ense\u00f1anza B\u00e1sica Mar\u00eda Victoria Castillo.&lt;\/p&gt; \" data-medium-file=\"https:\/\/i0.wp.com\/eltrabajo.cl\/portal\/wp-content\/uploads\/2014\/09\/Maria-Victoria-Castillo.jpg?fit=272%2C300&#038;ssl=1\" data-large-file=\"https:\/\/i0.wp.com\/eltrabajo.cl\/portal\/wp-content\/uploads\/2014\/09\/Maria-Victoria-Castillo.jpg?fit=529%2C582&#038;ssl=1\" src=\"https:\/\/i0.wp.com\/eltrabajo.cl\/portal\/wp-content\/uploads\/2014\/09\/Maria-Victoria-Castillo.jpg?w=258&#038;h=284&#038;ssl=1\" srcset=\"https:\/\/i0.wp.com\/eltrabajo.cl\/portal\/wp-content\/uploads\/2014\/09\/Maria-Victoria-Castillo.jpg?w=529&amp;ssl=1 529w, https:\/\/i0.wp.com\/eltrabajo.cl\/portal\/wp-content\/uploads\/2014\/09\/Maria-Victoria-Castillo.jpg?resize=136%2C150&amp;ssl=1 136w, https:\/\/i0.wp.com\/eltrabajo.cl\/portal\/wp-content\/uploads\/2014\/09\/Maria-Victoria-Castillo.jpg?resize=272%2C300&amp;ssl=1 272w, https:\/\/i0.wp.com\/eltrabajo.cl\/portal\/wp-content\/uploads\/2014\/09\/Maria-Victoria-Castillo.jpg?resize=400%2C440&amp;ssl=1 400w\" width=\"258\" height=\"284\" loading=\"lazy\" data-original-width=\"258\" data-original-height=\"284\" itemprop=\"http:\/\/schema.org\/image\" title=\"Maria Victoria Castillo\" alt=\"Profesora de Ense\u00f1anza B\u00e1sica Mar\u00eda Victoria Castillo.\" style=\"width: 258px; height: 284px;\" \/> <\/a> <div class=\"tiled-gallery-caption\" itemprop=\"caption description\"> Profesora de Ense\u00f1anza B\u00e1sica Mar\u00eda Victoria Castillo. <\/div> <\/div> <\/div> <!-- close group --> <\/div> <!-- close row --> <\/div>\n","protected":false},"excerpt":{"rendered":"<p>Las aventuras de una profesora sanfelipe\u00f1a quien hace dos a\u00f1os viaj\u00f3 al sur de nuestro pa\u00eds parecen no terminar, es la historia de la Profesora de Ense\u00f1anza B\u00e1sica Mar\u00eda Victoria Castillo, quien&#8230;<\/p>\n","protected":false},"author":482,"featured_media":51093,"comment_status":"open","ping_status":"closed","sticky":false,"template":"","format":"standard","meta":{"advanced_seo_description":"","jetpack_seo_html_title":"","jetpack_seo_noindex":false,"_jetpack_memberships_contains_paid_content":false,"footnotes":""},"categories":[15],"tags":[],"class_list":["post-51092","post","type-post","status-publish","format-standard","has-post-thumbnail","hentry","category-comunidad"],"jetpack_featured_media_url":"https:\/\/i0.wp.com\/eltrabajo.cl\/portal\/wp-content\/uploads\/2014\/09\/Escolares1.jpg?fit=529%2C455&ssl=1","jetpack_sharing_enabled":true,"jetpack_likes_enabled":true,"jetpack-related-posts":[],"_links":{"self":[{"href":"https:\/\/eltrabajo.cl\/portal\/wp-json\/wp\/v2\/posts\/51092","targetHints":{"allow":["GET"]}}],"collection":[{"href":"https:\/\/eltrabajo.cl\/portal\/wp-json\/wp\/v2\/posts"}],"about":[{"href":"https:\/\/eltrabajo.cl\/portal\/wp-json\/wp\/v2\/types\/post"}],"author":[{"embeddable":true,"href":"https:\/\/eltrabajo.cl\/portal\/wp-json\/wp\/v2\/users\/482"}],"replies":[{"embeddable":true,"href":"https:\/\/eltrabajo.cl\/portal\/wp-json\/wp\/v2\/comments?post=51092"}],"version-history":[{"count":0,"href":"https:\/\/eltrabajo.cl\/portal\/wp-json\/wp\/v2\/posts\/51092\/revisions"}],"wp:featuredmedia":[{"embeddable":true,"href":"https:\/\/eltrabajo.cl\/portal\/wp-json\/wp\/v2\/media\/51093"}],"wp:attachment":[{"href":"https:\/\/eltrabajo.cl\/portal\/wp-json\/wp\/v2\/media?parent=51092"}],"wp:term":[{"taxonomy":"category","embeddable":true,"href":"https:\/\/eltrabajo.cl\/portal\/wp-json\/wp\/v2\/categories?post=51092"},{"taxonomy":"post_tag","embeddable":true,"href":"https:\/\/eltrabajo.cl\/portal\/wp-json\/wp\/v2\/tags?post=51092"}],"curies":[{"name":"wp","href":"https:\/\/api.w.org\/{rel}","templated":true}]}}