{"id":51098,"date":"2014-09-12T09:25:29","date_gmt":"2014-09-12T12:25:29","guid":{"rendered":"http:\/\/www.eltrabajo.cl\/portal\/?p=51098"},"modified":"2014-09-12T09:25:29","modified_gmt":"2014-09-12T12:25:29","slug":"inauguran-moderno-centro-de-atencion-diurna-del-adulto-mayor","status":"publish","type":"post","link":"https:\/\/eltrabajo.cl\/portal\/inauguran-moderno-centro-de-atencion-diurna-del-adulto-mayor\/","title":{"rendered":"Inauguran moderno Centro de Atenci\u00f3n Diurna del Adulto Mayor"},"content":{"rendered":"<figure id=\"attachment_51099\" aria-describedby=\"caption-attachment-51099\" style=\"width: 529px\" class=\"wp-caption alignnone\"><a href=\"https:\/\/i0.wp.com\/www.eltrabajo.cl\/portal\/wp-content\/uploads\/2014\/09\/Cinta12.jpg\"><img data-recalc-dims=\"1\" loading=\"lazy\" decoding=\"async\" class=\"size-full wp-image-51099\" alt=\"Las autoridades junto a uno de los beneficiarios del Centro de Atenci\u00f3n Diurna de Adultos Mayores, cortan la cinta tricolor, en la inauguraci\u00f3n de este espacio.\" src=\"https:\/\/i0.wp.com\/www.eltrabajo.cl\/portal\/wp-content\/uploads\/2014\/09\/Cinta12.jpg?resize=529%2C358\" width=\"529\" height=\"358\" srcset=\"https:\/\/i0.wp.com\/eltrabajo.cl\/portal\/wp-content\/uploads\/2014\/09\/Cinta12.jpg?w=529&amp;ssl=1 529w, https:\/\/i0.wp.com\/eltrabajo.cl\/portal\/wp-content\/uploads\/2014\/09\/Cinta12.jpg?resize=200%2C135&amp;ssl=1 200w, https:\/\/i0.wp.com\/eltrabajo.cl\/portal\/wp-content\/uploads\/2014\/09\/Cinta12.jpg?resize=300%2C203&amp;ssl=1 300w, https:\/\/i0.wp.com\/eltrabajo.cl\/portal\/wp-content\/uploads\/2014\/09\/Cinta12.jpg?resize=150%2C101&amp;ssl=1 150w, https:\/\/i0.wp.com\/eltrabajo.cl\/portal\/wp-content\/uploads\/2014\/09\/Cinta12.jpg?resize=400%2C270&amp;ssl=1 400w\" sizes=\"auto, (max-width: 529px) 100vw, 529px\" \/><\/a><figcaption id=\"caption-attachment-51099\" class=\"wp-caption-text\">Las autoridades junto a uno de los beneficiarios del Centro de Atenci\u00f3n Diurna de Adultos Mayores, cortan la cinta tricolor, en la inauguraci\u00f3n de este espacio.<\/figcaption><\/figure>\n<p>Un total de 50 adultos mayores ser\u00e1n los beneficiarios del Centro de Atenci\u00f3n Diurna, que este jueves inaugur\u00f3 el Alcalde Patricio Freire, junto al Gobernador Eduardo Le\u00f3n y la Coordinadora Regional de Senama, Viviana Valle Rodr\u00edguez. Se trata de un proyecto que ejecuta la Municipalidad de San Felipe, en convenio con el Servicio Nacional del Adulto Mayor, siendo ambos organismos los que aportan recursos para su funcionamiento.<\/p>\n<p>El centro diurno est\u00e1 ubicado en Calle Santo Domingo n\u00famero 284 y busca mantener al Adulto Mayor en su entorno familiar y social, fortaleciendo y promoviendo su autonom\u00eda e independencia y realizando acciones de apoyo familiar preventivo, para as\u00ed retrasar la p\u00e9rdida de funcionalidad; esto por medio del desarrollo y entrega de prestaciones biopsicosociales.<\/p>\n<p>La ceremonia inaugural, estuvo marcada por la alegr\u00eda de los adultos mayores que se encontraban presentes y que escucharon muy atentamente las palabras del Alcalde Patricio Freire, quien ratific\u00f3 su compromiso de seguir trabajando por una mejor calidad de vida de la poblaci\u00f3n adulta mayor, en el entendido que en esta etapa de la vida, ellos tienen el derecho de vivirla plenamente, con el respaldo de su familia, la institucionalidad y en \u00f3ptimas condiciones.<\/p>\n<p>\u201cNosotros estamos muy contentos de tener esta posibilidad de ejecutar este proyecto, ya que nos permite avanzar hacia el bienestar de nuestros adultos mayores. Ac\u00e1 la cobertura es de 50 adultos mayores, pero sabemos que habr\u00e1 quienes vendr\u00e1n en determinados horarios y por lo tanto, me atrevo a decir que ser\u00e1n cerca de ochenta los adultos mayores favorecidos\u201d, manifest\u00f3 la primera autoridad comunal.<\/p>\n<p>En este sentido, Viviana Valle manifest\u00f3 que \u201clos centros diurnos son una respuesta clara y de fondo para satisfacer las diferentes necesidades que se presentan en la adultez mayor, tanto a nivel f\u00edsico, emocional y cognitivo, y que permite reactivar las redes sociales de los beneficiarios\u201d.<\/p>\n<p>A prop\u00f3sito de lo anterior, precis\u00f3 que el centro diurno est\u00e1 integrado por un equipo multidisciplinario, conformado por una asistente social, un t\u00e9cnico social, sic\u00f3logo, kinesi\u00f3logo, t\u00e9cnica en enfermer\u00eda y auxiliar de aseo. En este mismo sentido, el Alcalde Freire destac\u00f3 el apoyo del voluntariado que cuenta con 40 socios, quienes desarrollar\u00e1n actividades en apoyo a los adultos mayores que asistan a este centro diurno.<\/p>\n<p>Los adultos mayores que participan de este centro, deben cumplir con algunas exigencias b\u00e1sicas relacionadas con la edad (60 a\u00f1os o m\u00e1s), estado de funcionalidad (dependencia leve) y ficha de protecci\u00f3n social (pertenecer al I, II o III quintil de la poblaci\u00f3n).<\/p>\n<div class=\"tiled-gallery type-rectangular tiled-gallery-unresized\" data-original-width=\"640\" data-carousel-extra='null' itemscope itemtype=\"http:\/\/schema.org\/ImageGallery\" > <div class=\"gallery-row\" style=\"width: 640px; height: 285px;\" data-original-width=\"640\" data-original-height=\"285\" > <div class=\"gallery-group images-1\" style=\"width: 221px; height: 285px;\" data-original-width=\"221\" data-original-height=\"285\" > <div class=\"tiled-gallery-item tiled-gallery-item-small\" itemprop=\"associatedMedia\" itemscope itemtype=\"http:\/\/schema.org\/ImageObject\"> <a href=\"https:\/\/eltrabajo.cl\/portal\/inauguran-moderno-centro-de-atencion-diurna-del-adulto-mayor\/abuelos1-22\/\" border=\"0\" itemprop=\"url\"> <meta itemprop=\"width\" content=\"217\"> <meta itemprop=\"height\" content=\"281\"> <img decoding=\"async\" class=\"\" data-attachment-id=\"51100\" data-orig-file=\"https:\/\/eltrabajo.cl\/portal\/wp-content\/uploads\/2014\/09\/Abuelos1.jpg\" data-orig-size=\"529,685\" data-comments-opened=\"1\" data-image-meta=\"{&quot;aperture&quot;:&quot;0&quot;,&quot;credit&quot;:&quot;&quot;,&quot;camera&quot;:&quot;&quot;,&quot;caption&quot;:&quot;&quot;,&quot;created_timestamp&quot;:&quot;0&quot;,&quot;copyright&quot;:&quot;&quot;,&quot;focal_length&quot;:&quot;0&quot;,&quot;iso&quot;:&quot;0&quot;,&quot;shutter_speed&quot;:&quot;0&quot;,&quot;title&quot;:&quot;&quot;}\" data-image-title=\"Abuelos1\" data-image-description=\"&lt;p&gt;Felices se les pudo ver a los adultos mayores que llegaron al acto inaugural de este centro.&lt;\/p&gt; \" data-medium-file=\"https:\/\/i0.wp.com\/eltrabajo.cl\/portal\/wp-content\/uploads\/2014\/09\/Abuelos1.jpg?fit=231%2C300&#038;ssl=1\" data-large-file=\"https:\/\/i0.wp.com\/eltrabajo.cl\/portal\/wp-content\/uploads\/2014\/09\/Abuelos1.jpg?fit=529%2C685&#038;ssl=1\" src=\"https:\/\/i0.wp.com\/eltrabajo.cl\/portal\/wp-content\/uploads\/2014\/09\/Abuelos1.jpg?w=217&#038;h=281&#038;ssl=1\" srcset=\"https:\/\/i0.wp.com\/eltrabajo.cl\/portal\/wp-content\/uploads\/2014\/09\/Abuelos1.jpg?w=529&amp;ssl=1 529w, https:\/\/i0.wp.com\/eltrabajo.cl\/portal\/wp-content\/uploads\/2014\/09\/Abuelos1.jpg?resize=115%2C150&amp;ssl=1 115w, https:\/\/i0.wp.com\/eltrabajo.cl\/portal\/wp-content\/uploads\/2014\/09\/Abuelos1.jpg?resize=231%2C300&amp;ssl=1 231w, https:\/\/i0.wp.com\/eltrabajo.cl\/portal\/wp-content\/uploads\/2014\/09\/Abuelos1.jpg?resize=400%2C517&amp;ssl=1 400w\" width=\"217\" height=\"281\" loading=\"lazy\" data-original-width=\"217\" data-original-height=\"281\" itemprop=\"http:\/\/schema.org\/image\" title=\"Abuelos1\" alt=\"Felices se les pudo ver a los adultos mayores que llegaron al acto inaugural de este centro.\" style=\"width: 217px; height: 281px;\" \/> <\/a> <div class=\"tiled-gallery-caption\" itemprop=\"caption description\"> Felices se les pudo ver a los adultos mayores que llegaron al acto inaugural de este centro. <\/div> <\/div> <\/div> <!-- close group --> <div class=\"gallery-group images-1\" style=\"width: 419px; height: 285px;\" data-original-width=\"419\" data-original-height=\"285\" > <div class=\"tiled-gallery-item tiled-gallery-item-large\" itemprop=\"associatedMedia\" itemscope itemtype=\"http:\/\/schema.org\/ImageObject\"> <a href=\"https:\/\/eltrabajo.cl\/portal\/inauguran-moderno-centro-de-atencion-diurna-del-adulto-mayor\/abuelos2-7\/\" border=\"0\" itemprop=\"url\"> <meta itemprop=\"width\" content=\"415\"> <meta itemprop=\"height\" content=\"281\"> <img decoding=\"async\" class=\"\" data-attachment-id=\"51101\" data-orig-file=\"https:\/\/eltrabajo.cl\/portal\/wp-content\/uploads\/2014\/09\/Abuelos2.jpg\" data-orig-size=\"529,358\" data-comments-opened=\"1\" data-image-meta=\"{&quot;aperture&quot;:&quot;0&quot;,&quot;credit&quot;:&quot;&quot;,&quot;camera&quot;:&quot;&quot;,&quot;caption&quot;:&quot;&quot;,&quot;created_timestamp&quot;:&quot;0&quot;,&quot;copyright&quot;:&quot;&quot;,&quot;focal_length&quot;:&quot;0&quot;,&quot;iso&quot;:&quot;0&quot;,&quot;shutter_speed&quot;:&quot;0&quot;,&quot;title&quot;:&quot;&quot;}\" data-image-title=\"Abuelos2\" data-image-description=\"&lt;p&gt;Los hijos de uno de los beneficiados de este centro, participaron activamente de la ceremonia. En la imagen, dos de ellos bailaron tango para los asistentes a la inauguraci\u00f3n.&lt;\/p&gt; \" data-medium-file=\"https:\/\/i0.wp.com\/eltrabajo.cl\/portal\/wp-content\/uploads\/2014\/09\/Abuelos2.jpg?fit=300%2C203&#038;ssl=1\" data-large-file=\"https:\/\/i0.wp.com\/eltrabajo.cl\/portal\/wp-content\/uploads\/2014\/09\/Abuelos2.jpg?fit=529%2C358&#038;ssl=1\" src=\"https:\/\/i0.wp.com\/eltrabajo.cl\/portal\/wp-content\/uploads\/2014\/09\/Abuelos2.jpg?w=415&#038;h=281&#038;ssl=1\" srcset=\"https:\/\/i0.wp.com\/eltrabajo.cl\/portal\/wp-content\/uploads\/2014\/09\/Abuelos2.jpg?w=529&amp;ssl=1 529w, https:\/\/i0.wp.com\/eltrabajo.cl\/portal\/wp-content\/uploads\/2014\/09\/Abuelos2.jpg?resize=200%2C135&amp;ssl=1 200w, https:\/\/i0.wp.com\/eltrabajo.cl\/portal\/wp-content\/uploads\/2014\/09\/Abuelos2.jpg?resize=300%2C203&amp;ssl=1 300w, https:\/\/i0.wp.com\/eltrabajo.cl\/portal\/wp-content\/uploads\/2014\/09\/Abuelos2.jpg?resize=150%2C101&amp;ssl=1 150w, https:\/\/i0.wp.com\/eltrabajo.cl\/portal\/wp-content\/uploads\/2014\/09\/Abuelos2.jpg?resize=400%2C270&amp;ssl=1 400w\" width=\"415\" height=\"281\" loading=\"lazy\" data-original-width=\"415\" data-original-height=\"281\" itemprop=\"http:\/\/schema.org\/image\" title=\"Abuelos2\" alt=\"Los hijos de uno de los beneficiados de este centro, participaron activamente de la ceremonia. En la imagen, dos de ellos bailaron tango para los asistentes a la inauguraci\u00f3n.\" style=\"width: 415px; height: 281px;\" \/> <\/a> <div class=\"tiled-gallery-caption\" itemprop=\"caption description\"> Los hijos de uno de los beneficiados de este centro, participaron activamente de la ceremonia. En la imagen, dos de ellos bailaron tango para los asistentes a la inauguraci\u00f3n. <\/div> <\/div> <\/div> <!-- close group --> <\/div> <!-- close row --> <\/div>\n","protected":false},"excerpt":{"rendered":"<p>Un total de 50 adultos mayores ser\u00e1n los beneficiarios del Centro de Atenci\u00f3n Diurna, que este jueves inaugur\u00f3 el Alcalde Patricio Freire, junto al Gobernador Eduardo Le\u00f3n y la Coordinadora Regional de&#8230;<\/p>\n","protected":false},"author":482,"featured_media":51099,"comment_status":"open","ping_status":"closed","sticky":false,"template":"","format":"standard","meta":{"advanced_seo_description":"","jetpack_seo_html_title":"","jetpack_seo_noindex":false,"_jetpack_memberships_contains_paid_content":false,"footnotes":""},"categories":[15],"tags":[],"class_list":["post-51098","post","type-post","status-publish","format-standard","has-post-thumbnail","hentry","category-comunidad"],"jetpack_featured_media_url":"https:\/\/i0.wp.com\/eltrabajo.cl\/portal\/wp-content\/uploads\/2014\/09\/Cinta12.jpg?fit=529%2C358&ssl=1","jetpack_sharing_enabled":true,"jetpack_likes_enabled":true,"jetpack-related-posts":[],"_links":{"self":[{"href":"https:\/\/eltrabajo.cl\/portal\/wp-json\/wp\/v2\/posts\/51098","targetHints":{"allow":["GET"]}}],"collection":[{"href":"https:\/\/eltrabajo.cl\/portal\/wp-json\/wp\/v2\/posts"}],"about":[{"href":"https:\/\/eltrabajo.cl\/portal\/wp-json\/wp\/v2\/types\/post"}],"author":[{"embeddable":true,"href":"https:\/\/eltrabajo.cl\/portal\/wp-json\/wp\/v2\/users\/482"}],"replies":[{"embeddable":true,"href":"https:\/\/eltrabajo.cl\/portal\/wp-json\/wp\/v2\/comments?post=51098"}],"version-history":[{"count":0,"href":"https:\/\/eltrabajo.cl\/portal\/wp-json\/wp\/v2\/posts\/51098\/revisions"}],"wp:featuredmedia":[{"embeddable":true,"href":"https:\/\/eltrabajo.cl\/portal\/wp-json\/wp\/v2\/media\/51099"}],"wp:attachment":[{"href":"https:\/\/eltrabajo.cl\/portal\/wp-json\/wp\/v2\/media?parent=51098"}],"wp:term":[{"taxonomy":"category","embeddable":true,"href":"https:\/\/eltrabajo.cl\/portal\/wp-json\/wp\/v2\/categories?post=51098"},{"taxonomy":"post_tag","embeddable":true,"href":"https:\/\/eltrabajo.cl\/portal\/wp-json\/wp\/v2\/tags?post=51098"}],"curies":[{"name":"wp","href":"https:\/\/api.w.org\/{rel}","templated":true}]}}