{"id":51104,"date":"2014-09-12T09:29:39","date_gmt":"2014-09-12T12:29:39","guid":{"rendered":"http:\/\/www.eltrabajo.cl\/portal\/?p=51104"},"modified":"2014-09-12T09:29:39","modified_gmt":"2014-09-12T12:29:39","slug":"seis-detenidos-por-barricadas-en-la-previa-al-11-de-septiembre","status":"publish","type":"post","link":"https:\/\/eltrabajo.cl\/portal\/seis-detenidos-por-barricadas-en-la-previa-al-11-de-septiembre\/","title":{"rendered":"Seis detenidos por barricadas en la previa al 11 de Septiembre"},"content":{"rendered":"<figure id=\"attachment_51105\" aria-describedby=\"caption-attachment-51105\" style=\"width: 529px\" class=\"wp-caption alignnone\"><a href=\"https:\/\/i0.wp.com\/www.eltrabajo.cl\/portal\/wp-content\/uploads\/2014\/09\/Disturbios-1.jpg\"><img data-recalc-dims=\"1\" loading=\"lazy\" decoding=\"async\" class=\"size-full wp-image-51105\" alt=\"La gr\u00e1fica muestra los vestigios de las barricadas en Villa 250 A\u00f1os de San Felipe, donde Carabineros detuvo a tres personas por des\u00f3rdenes p\u00fablicos en la previa al 11 de Septiembre. (Foto @EmerVcordillera).\" src=\"https:\/\/i0.wp.com\/www.eltrabajo.cl\/portal\/wp-content\/uploads\/2014\/09\/Disturbios-1.jpg?resize=529%2C305\" width=\"529\" height=\"305\" srcset=\"https:\/\/i0.wp.com\/eltrabajo.cl\/portal\/wp-content\/uploads\/2014\/09\/Disturbios-1.jpg?w=529&amp;ssl=1 529w, https:\/\/i0.wp.com\/eltrabajo.cl\/portal\/wp-content\/uploads\/2014\/09\/Disturbios-1.jpg?resize=200%2C115&amp;ssl=1 200w, https:\/\/i0.wp.com\/eltrabajo.cl\/portal\/wp-content\/uploads\/2014\/09\/Disturbios-1.jpg?resize=300%2C172&amp;ssl=1 300w, https:\/\/i0.wp.com\/eltrabajo.cl\/portal\/wp-content\/uploads\/2014\/09\/Disturbios-1.jpg?resize=150%2C86&amp;ssl=1 150w, https:\/\/i0.wp.com\/eltrabajo.cl\/portal\/wp-content\/uploads\/2014\/09\/Disturbios-1.jpg?resize=400%2C230&amp;ssl=1 400w\" sizes=\"auto, (max-width: 529px) 100vw, 529px\" \/><\/a><figcaption id=\"caption-attachment-51105\" class=\"wp-caption-text\">La gr\u00e1fica muestra los vestigios de las barricadas en Villa 250 A\u00f1os de San Felipe, donde Carabineros detuvo a tres personas por des\u00f3rdenes p\u00fablicos en la previa al 11 de Septiembre. (Foto @EmerVcordillera).<\/figcaption><\/figure>\n<p>Como cada 11 de Septiembre, este a\u00f1o se produjeron diversos disturbios de consideraci\u00f3n con la instalaci\u00f3n de barricadas por un grupo de desalmados que impidieron el flujo vehicular alterando el orden p\u00fablico en sectores como la villa 250 A\u00f1os, Las Coimas, puente Enc\u00f3n y en Avenida Las Palmas de Llay Llay, cuya intervenci\u00f3n policial arroj\u00f3 seis detenidos.<\/p>\n<p>Los incidentes comenzaron en horas de la noche del mi\u00e9rcoles cuando un gran contingente de Carabineros debi\u00f3 intervenir en los distintos desmanes que se produc\u00edan como cada a\u00f1o en diferentes puntos de la provincia que alteraban la seguridad de la ciudadan\u00eda.<\/p>\n<p>En las inmediaciones de Villa 250 A\u00f1os de San Felipe, efectivos policiales fueron atacados con piedras tras dispersar a un grupo de manifestantes que bloquearon la calle con barricadas incendiando neum\u00e1ticos. Durante ese operativo se captur\u00f3 a tres individuos por des\u00f3rdenes p\u00fablicos, identificados como Sergio C.L.N., Myriam A.H.C. e Isabel A.M.E.<\/p>\n<p>A esta \u00faltima se le formularon cargos por usurpar la identidad de su hermana, toda vez que manten\u00eda una orden de detenci\u00f3n pendiente emanada del Juzgado de Garant\u00eda de San Felipe, lugar donde fueron trasladados los tres imputados, siendo requeridos para un procedimiento simplificado por des\u00f3rdenes p\u00fablicos.<\/p>\n<p>Durante la audiencia de control de detenci\u00f3n, la imputada Isabel A.M.E. fue adem\u00e1s citada por su participaci\u00f3n junto a otro sujeto en un robo cometido con anterioridad al interior de las oficinas de la Inspecci\u00f3n del Trabajo ubicada en calle Riquelme 53 en San Felipe, cuando escalaron la reja del cierre perimetral en horas de la madrugada.<\/p>\n<p>Tras su ingreso a esas dependencias, encendieron las luces para apoderarse de un notebook y un proyector data show que ocultaron en una mochila, instantes en que un testigo comunic\u00f3 los hechos a Carabineros, los cuales procedieron a la detenci\u00f3n de ambos imputados que adem\u00e1s pretend\u00edan robar otros computadores de escritorio que ten\u00edan apilados. Por este hecho la mujer deber\u00e1 presentarse el pr\u00f3ximo 9 de octubre para un procedimiento simplificado por el delito de robo frustrado, sumado al delito de des\u00f3rdenes p\u00fablicos y usurpaci\u00f3n de identidad cometido el pasado 10 de septiembre.<\/p>\n<p><strong>EN LLAY LLAY<\/strong><\/p>\n<p>Paralelamente en la comuna de Llay Llay se generaron desmanes con la instalaci\u00f3n de barricadas en avenida Las Palmas de esa localidad que impidieron el tr\u00e1nsito vehicular. En ese sentido Carabineros sorprendi\u00f3 a cuatro sujetos que instalaron neum\u00e1ticos en la v\u00eda p\u00fablica y uno de ellos les prendi\u00f3 fuego.<\/p>\n<p>Los enfrentamientos culminaron en esa arteria cuando la Polic\u00eda captur\u00f3 a tres sujetos que escapaban por la l\u00ednea f\u00e9rrea, los que fueron identificados como Pablo A.L.M., Dar\u00edo E.O.O. y Mat\u00edas A.R.P., a quienes se les sindic\u00f3 su participaci\u00f3n directa en este delito. Por su parte el Fiscal Andr\u00e9s Gallardo ofreci\u00f3 en la audiencia de control de detenci\u00f3n, la suspensi\u00f3n condicional del procedimiento por un a\u00f1o, toda vez que los acusados manten\u00edan irreprochable conducta anterior. Los tres j\u00f3venes aceptaron las condiciones debiendo firmar en la Fiscal\u00eda cada tres meses, recuperando su libertad.<\/p>\n<p>Pablo Salinas Sald\u00edas<\/p>\n<div class=\"tiled-gallery type-rectangular tiled-gallery-unresized\" data-original-width=\"640\" data-carousel-extra='null' itemscope itemtype=\"http:\/\/schema.org\/ImageGallery\" > <div class=\"gallery-row\" style=\"width: 640px; height: 269px;\" data-original-width=\"640\" data-original-height=\"269\" > <div class=\"gallery-group images-1\" style=\"width: 215px; height: 269px;\" data-original-width=\"215\" data-original-height=\"269\" > <div class=\"tiled-gallery-item tiled-gallery-item-small\" itemprop=\"associatedMedia\" itemscope itemtype=\"http:\/\/schema.org\/ImageObject\"> <a href=\"https:\/\/eltrabajo.cl\/portal\/seis-detenidos-por-barricadas-en-la-previa-al-11-de-septiembre\/disturbios-2\/\" border=\"0\" itemprop=\"url\"> <meta itemprop=\"width\" content=\"211\"> <meta itemprop=\"height\" content=\"265\"> <img decoding=\"async\" class=\"\" data-attachment-id=\"51107\" data-orig-file=\"https:\/\/eltrabajo.cl\/portal\/wp-content\/uploads\/2014\/09\/Disturbios-2.jpg\" data-orig-size=\"529,664\" data-comments-opened=\"1\" data-image-meta=\"{&quot;aperture&quot;:&quot;0&quot;,&quot;credit&quot;:&quot;&quot;,&quot;camera&quot;:&quot;&quot;,&quot;caption&quot;:&quot;&quot;,&quot;created_timestamp&quot;:&quot;0&quot;,&quot;copyright&quot;:&quot;&quot;,&quot;focal_length&quot;:&quot;0&quot;,&quot;iso&quot;:&quot;0&quot;,&quot;shutter_speed&quot;:&quot;0&quot;,&quot;title&quot;:&quot;&quot;}\" data-image-title=\"Disturbios 2\" data-image-description=\"&lt;p&gt;En la intersecci\u00f3n de las avenidas Sargento Aldea y Santa Teresa, un vecino captur\u00f3 el momento que se produjo una barricada.&lt;\/p&gt; \" data-medium-file=\"https:\/\/i0.wp.com\/eltrabajo.cl\/portal\/wp-content\/uploads\/2014\/09\/Disturbios-2.jpg?fit=239%2C300&#038;ssl=1\" data-large-file=\"https:\/\/i0.wp.com\/eltrabajo.cl\/portal\/wp-content\/uploads\/2014\/09\/Disturbios-2.jpg?fit=529%2C664&#038;ssl=1\" src=\"https:\/\/i0.wp.com\/eltrabajo.cl\/portal\/wp-content\/uploads\/2014\/09\/Disturbios-2.jpg?w=211&#038;h=265&#038;ssl=1\" srcset=\"https:\/\/i0.wp.com\/eltrabajo.cl\/portal\/wp-content\/uploads\/2014\/09\/Disturbios-2.jpg?w=529&amp;ssl=1 529w, https:\/\/i0.wp.com\/eltrabajo.cl\/portal\/wp-content\/uploads\/2014\/09\/Disturbios-2.jpg?resize=119%2C150&amp;ssl=1 119w, https:\/\/i0.wp.com\/eltrabajo.cl\/portal\/wp-content\/uploads\/2014\/09\/Disturbios-2.jpg?resize=239%2C300&amp;ssl=1 239w, https:\/\/i0.wp.com\/eltrabajo.cl\/portal\/wp-content\/uploads\/2014\/09\/Disturbios-2.jpg?resize=400%2C502&amp;ssl=1 400w\" width=\"211\" height=\"265\" loading=\"lazy\" data-original-width=\"211\" data-original-height=\"265\" itemprop=\"http:\/\/schema.org\/image\" title=\"Disturbios 2\" alt=\"En la intersecci\u00f3n de las avenidas Sargento Aldea y Santa Teresa, un vecino captur\u00f3 el momento que se produjo una barricada.\" style=\"width: 211px; height: 265px;\" \/> <\/a> <div class=\"tiled-gallery-caption\" itemprop=\"caption description\"> En la intersecci\u00f3n de las avenidas Sargento Aldea y Santa Teresa, un vecino captur\u00f3 el momento que se produjo una barricada. <\/div> <\/div> <\/div> <!-- close group --> <div class=\"gallery-group images-1\" style=\"width: 425px; height: 269px;\" data-original-width=\"425\" data-original-height=\"269\" > <div class=\"tiled-gallery-item tiled-gallery-item-large\" itemprop=\"associatedMedia\" itemscope itemtype=\"http:\/\/schema.org\/ImageObject\"> <a href=\"https:\/\/eltrabajo.cl\/portal\/seis-detenidos-por-barricadas-en-la-previa-al-11-de-septiembre\/imputados-desordenes-2\/\" border=\"0\" itemprop=\"url\"> <meta itemprop=\"width\" content=\"421\"> <meta itemprop=\"height\" content=\"265\"> <img decoding=\"async\" class=\"\" data-attachment-id=\"51108\" data-orig-file=\"https:\/\/eltrabajo.cl\/portal\/wp-content\/uploads\/2014\/09\/Imputados-desordenes1.jpg\" data-orig-size=\"528,332\" data-comments-opened=\"1\" data-image-meta=\"{&quot;aperture&quot;:&quot;0&quot;,&quot;credit&quot;:&quot;&quot;,&quot;camera&quot;:&quot;&quot;,&quot;caption&quot;:&quot;&quot;,&quot;created_timestamp&quot;:&quot;0&quot;,&quot;copyright&quot;:&quot;&quot;,&quot;focal_length&quot;:&quot;0&quot;,&quot;iso&quot;:&quot;0&quot;,&quot;shutter_speed&quot;:&quot;0&quot;,&quot;title&quot;:&quot;&quot;}\" data-image-title=\"Imputados desordenes\" data-image-description=\"&lt;p&gt;Los tres imputados por des\u00f3rdenes p\u00fablicos provenientes de la comuna de Llay Llay, aceptaron la suspensi\u00f3n condicional por un a\u00f1o tras el control de detenci\u00f3n en el Juzgado de Garant\u00eda de San Felipe.&lt;\/p&gt; \" data-medium-file=\"https:\/\/i0.wp.com\/eltrabajo.cl\/portal\/wp-content\/uploads\/2014\/09\/Imputados-desordenes1.jpg?fit=300%2C188&#038;ssl=1\" data-large-file=\"https:\/\/i0.wp.com\/eltrabajo.cl\/portal\/wp-content\/uploads\/2014\/09\/Imputados-desordenes1.jpg?fit=528%2C332&#038;ssl=1\" src=\"https:\/\/i0.wp.com\/eltrabajo.cl\/portal\/wp-content\/uploads\/2014\/09\/Imputados-desordenes1.jpg?w=421&#038;h=265&#038;ssl=1\" srcset=\"https:\/\/i0.wp.com\/eltrabajo.cl\/portal\/wp-content\/uploads\/2014\/09\/Imputados-desordenes1.jpg?w=528&amp;ssl=1 528w, https:\/\/i0.wp.com\/eltrabajo.cl\/portal\/wp-content\/uploads\/2014\/09\/Imputados-desordenes1.jpg?resize=200%2C125&amp;ssl=1 200w, https:\/\/i0.wp.com\/eltrabajo.cl\/portal\/wp-content\/uploads\/2014\/09\/Imputados-desordenes1.jpg?resize=300%2C188&amp;ssl=1 300w, https:\/\/i0.wp.com\/eltrabajo.cl\/portal\/wp-content\/uploads\/2014\/09\/Imputados-desordenes1.jpg?resize=150%2C94&amp;ssl=1 150w, https:\/\/i0.wp.com\/eltrabajo.cl\/portal\/wp-content\/uploads\/2014\/09\/Imputados-desordenes1.jpg?resize=400%2C251&amp;ssl=1 400w\" width=\"421\" height=\"265\" loading=\"lazy\" data-original-width=\"421\" data-original-height=\"265\" itemprop=\"http:\/\/schema.org\/image\" title=\"Imputados desordenes\" alt=\"Los tres imputados por des\u00f3rdenes p\u00fablicos provenientes de la comuna de Llay Llay, aceptaron la suspensi\u00f3n condicional por un a\u00f1o tras el control de detenci\u00f3n en el Juzgado de Garant\u00eda de San Felipe.\" style=\"width: 421px; height: 265px;\" \/> <\/a> <div class=\"tiled-gallery-caption\" itemprop=\"caption description\"> Los tres imputados por des\u00f3rdenes p\u00fablicos provenientes de la comuna de Llay Llay, aceptaron la suspensi\u00f3n condicional por un a\u00f1o tras el control de detenci\u00f3n en el Juzgado de Garant\u00eda de San Felipe. <\/div> <\/div> <\/div> <!-- close group --> <\/div> <!-- close row --> <\/div>\n","protected":false},"excerpt":{"rendered":"<p>Como cada 11 de Septiembre, este a\u00f1o se produjeron diversos disturbios de consideraci\u00f3n con la instalaci\u00f3n de barricadas por un grupo de desalmados que impidieron el flujo vehicular alterando el orden p\u00fablico&#8230;<\/p>\n","protected":false},"author":482,"featured_media":51105,"comment_status":"open","ping_status":"closed","sticky":false,"template":"","format":"standard","meta":{"advanced_seo_description":"","jetpack_seo_html_title":"","jetpack_seo_noindex":false,"_jetpack_memberships_contains_paid_content":false,"footnotes":""},"categories":[21],"tags":[],"class_list":["post-51104","post","type-post","status-publish","format-standard","has-post-thumbnail","hentry","category-policial"],"jetpack_featured_media_url":"https:\/\/i0.wp.com\/eltrabajo.cl\/portal\/wp-content\/uploads\/2014\/09\/Disturbios-1.jpg?fit=529%2C305&ssl=1","jetpack_sharing_enabled":true,"jetpack_likes_enabled":true,"jetpack-related-posts":[],"_links":{"self":[{"href":"https:\/\/eltrabajo.cl\/portal\/wp-json\/wp\/v2\/posts\/51104","targetHints":{"allow":["GET"]}}],"collection":[{"href":"https:\/\/eltrabajo.cl\/portal\/wp-json\/wp\/v2\/posts"}],"about":[{"href":"https:\/\/eltrabajo.cl\/portal\/wp-json\/wp\/v2\/types\/post"}],"author":[{"embeddable":true,"href":"https:\/\/eltrabajo.cl\/portal\/wp-json\/wp\/v2\/users\/482"}],"replies":[{"embeddable":true,"href":"https:\/\/eltrabajo.cl\/portal\/wp-json\/wp\/v2\/comments?post=51104"}],"version-history":[{"count":0,"href":"https:\/\/eltrabajo.cl\/portal\/wp-json\/wp\/v2\/posts\/51104\/revisions"}],"wp:featuredmedia":[{"embeddable":true,"href":"https:\/\/eltrabajo.cl\/portal\/wp-json\/wp\/v2\/media\/51105"}],"wp:attachment":[{"href":"https:\/\/eltrabajo.cl\/portal\/wp-json\/wp\/v2\/media?parent=51104"}],"wp:term":[{"taxonomy":"category","embeddable":true,"href":"https:\/\/eltrabajo.cl\/portal\/wp-json\/wp\/v2\/categories?post=51104"},{"taxonomy":"post_tag","embeddable":true,"href":"https:\/\/eltrabajo.cl\/portal\/wp-json\/wp\/v2\/tags?post=51104"}],"curies":[{"name":"wp","href":"https:\/\/api.w.org\/{rel}","templated":true}]}}