{"id":51114,"date":"2014-09-12T09:35:58","date_gmt":"2014-09-12T12:35:58","guid":{"rendered":"http:\/\/www.eltrabajo.cl\/portal\/?p=51114"},"modified":"2014-09-12T09:35:58","modified_gmt":"2014-09-12T12:35:58","slug":"vecinos-asombrados-tras-nacimiento-de-ternero-con-dos-cabezas-en-sector-reinoso-de-catemu","status":"publish","type":"post","link":"https:\/\/eltrabajo.cl\/portal\/vecinos-asombrados-tras-nacimiento-de-ternero-con-dos-cabezas-en-sector-reinoso-de-catemu\/","title":{"rendered":"Vecinos asombrados tras nacimiento de ternero con dos cabezas en sector Reinoso de Catemu"},"content":{"rendered":"<figure id=\"attachment_51115\" aria-describedby=\"caption-attachment-51115\" style=\"width: 529px\" class=\"wp-caption alignnone\"><a href=\"https:\/\/i0.wp.com\/www.eltrabajo.cl\/portal\/wp-content\/uploads\/2014\/09\/Porta.jpg\"><img data-recalc-dims=\"1\" loading=\"lazy\" decoding=\"async\" class=\"size-full wp-image-51115\" alt=\"Marcelo Reinoso, familiar de los due\u00f1os de la granja, se tom\u00f3 esta foto antes de enterrar al animal.\" src=\"https:\/\/i0.wp.com\/www.eltrabajo.cl\/portal\/wp-content\/uploads\/2014\/09\/Porta.jpg?resize=529%2C701\" width=\"529\" height=\"701\" srcset=\"https:\/\/i0.wp.com\/eltrabajo.cl\/portal\/wp-content\/uploads\/2014\/09\/Porta.jpg?w=529&amp;ssl=1 529w, https:\/\/i0.wp.com\/eltrabajo.cl\/portal\/wp-content\/uploads\/2014\/09\/Porta.jpg?resize=113%2C150&amp;ssl=1 113w, https:\/\/i0.wp.com\/eltrabajo.cl\/portal\/wp-content\/uploads\/2014\/09\/Porta.jpg?resize=226%2C300&amp;ssl=1 226w, https:\/\/i0.wp.com\/eltrabajo.cl\/portal\/wp-content\/uploads\/2014\/09\/Porta.jpg?resize=400%2C530&amp;ssl=1 400w\" sizes=\"auto, (max-width: 529px) 100vw, 529px\" \/><\/a><figcaption id=\"caption-attachment-51115\" class=\"wp-caption-text\">Marcelo Reinoso, familiar de los due\u00f1os de la granja, se tom\u00f3 esta foto antes de enterrar al animal.<\/figcaption><\/figure>\n<p>El parto de su vaca que durante varios meses Don Jos\u00e9 D\u00edaz y su esposa Laura Santib\u00e1\u00f1ez cuidaron hasta su culminaci\u00f3n este jueves en la ma\u00f1ana, los dej\u00f3 a ellos y a toda la Poblaci\u00f3n Reinoso de Catemu, con la boca abierta. Pues al nacer el animalito descubrieron que el peque\u00f1o ternero ten\u00eda dos cabezas y estaba vivo.<\/p>\n<p>R\u00e1pidamente se corri\u00f3 la voz entre los vecinos, quienes llegaron algunos temerosos y otros por curiosidad, para apreciar aquel extra\u00f1o ser, el animal muri\u00f3 una hora despu\u00e9s, por lo que este matrimonio de granjeros procedieron, ante las sugerencias de algunos vecinos, a enterrarlo r\u00e1pidamente, pues algunos de ellos relacionan esta clase de nacimientos con augurios de mala suerte y enfermedad en la comunidad.<\/p>\n<p>Roberto Gonz\u00e1lez Short<\/p>\n<p>rgonzalez@eltrabajo.cl<\/p>\n","protected":false},"excerpt":{"rendered":"<p>El parto de su vaca que durante varios meses Don Jos\u00e9 D\u00edaz y su esposa Laura Santib\u00e1\u00f1ez cuidaron hasta su culminaci\u00f3n este jueves en la ma\u00f1ana, los dej\u00f3 a ellos y a&#8230;<\/p>\n","protected":false},"author":482,"featured_media":51115,"comment_status":"open","ping_status":"closed","sticky":false,"template":"","format":"standard","meta":{"advanced_seo_description":"","jetpack_seo_html_title":"","jetpack_seo_noindex":false,"_jetpack_memberships_contains_paid_content":false,"footnotes":""},"categories":[15],"tags":[],"class_list":["post-51114","post","type-post","status-publish","format-standard","has-post-thumbnail","hentry","category-comunidad"],"jetpack_featured_media_url":"https:\/\/i0.wp.com\/eltrabajo.cl\/portal\/wp-content\/uploads\/2014\/09\/Porta.jpg?fit=529%2C701&ssl=1","jetpack_sharing_enabled":true,"jetpack_likes_enabled":true,"jetpack-related-posts":[],"_links":{"self":[{"href":"https:\/\/eltrabajo.cl\/portal\/wp-json\/wp\/v2\/posts\/51114","targetHints":{"allow":["GET"]}}],"collection":[{"href":"https:\/\/eltrabajo.cl\/portal\/wp-json\/wp\/v2\/posts"}],"about":[{"href":"https:\/\/eltrabajo.cl\/portal\/wp-json\/wp\/v2\/types\/post"}],"author":[{"embeddable":true,"href":"https:\/\/eltrabajo.cl\/portal\/wp-json\/wp\/v2\/users\/482"}],"replies":[{"embeddable":true,"href":"https:\/\/eltrabajo.cl\/portal\/wp-json\/wp\/v2\/comments?post=51114"}],"version-history":[{"count":0,"href":"https:\/\/eltrabajo.cl\/portal\/wp-json\/wp\/v2\/posts\/51114\/revisions"}],"wp:featuredmedia":[{"embeddable":true,"href":"https:\/\/eltrabajo.cl\/portal\/wp-json\/wp\/v2\/media\/51115"}],"wp:attachment":[{"href":"https:\/\/eltrabajo.cl\/portal\/wp-json\/wp\/v2\/media?parent=51114"}],"wp:term":[{"taxonomy":"category","embeddable":true,"href":"https:\/\/eltrabajo.cl\/portal\/wp-json\/wp\/v2\/categories?post=51114"},{"taxonomy":"post_tag","embeddable":true,"href":"https:\/\/eltrabajo.cl\/portal\/wp-json\/wp\/v2\/tags?post=51114"}],"curies":[{"name":"wp","href":"https:\/\/api.w.org\/{rel}","templated":true}]}}