{"id":51129,"date":"2014-09-15T09:21:05","date_gmt":"2014-09-15T12:21:05","guid":{"rendered":"http:\/\/www.eltrabajo.cl\/portal\/?p=51129"},"modified":"2014-09-15T09:24:33","modified_gmt":"2014-09-15T12:24:33","slug":"un-exito-fue-primera-fiesta-viva-chile-viva-mi-tierra-san-felipe-2014","status":"publish","type":"post","link":"https:\/\/eltrabajo.cl\/portal\/un-exito-fue-primera-fiesta-viva-chile-viva-mi-tierra-san-felipe-2014\/","title":{"rendered":"Un \u00e9xito fue primera \u2018Fiesta Viva Chile viva mi tierra San Felipe 2014\u2019"},"content":{"rendered":"<figure id=\"attachment_51130\" aria-describedby=\"caption-attachment-51130\" style=\"width: 529px\" class=\"wp-caption alignnone\"><a href=\"https:\/\/i0.wp.com\/www.eltrabajo.cl\/portal\/wp-content\/uploads\/2014\/09\/Misa2.jpg\"><img data-recalc-dims=\"1\" loading=\"lazy\" decoding=\"async\" class=\"size-full wp-image-51130\" alt=\"La fiesta cont\u00f3 con gran cantidad de expositores, quienes llegaron de todo el valle a mostrar sus productos, despertando el inter\u00e9s de los vecinos por disfrutarlos.\" src=\"https:\/\/i0.wp.com\/www.eltrabajo.cl\/portal\/wp-content\/uploads\/2014\/09\/Misa2.jpg?resize=529%2C406\" width=\"529\" height=\"406\" srcset=\"https:\/\/i0.wp.com\/eltrabajo.cl\/portal\/wp-content\/uploads\/2014\/09\/Misa2.jpg?w=529&amp;ssl=1 529w, https:\/\/i0.wp.com\/eltrabajo.cl\/portal\/wp-content\/uploads\/2014\/09\/Misa2.jpg?resize=195%2C150&amp;ssl=1 195w, https:\/\/i0.wp.com\/eltrabajo.cl\/portal\/wp-content\/uploads\/2014\/09\/Misa2.jpg?resize=300%2C230&amp;ssl=1 300w, https:\/\/i0.wp.com\/eltrabajo.cl\/portal\/wp-content\/uploads\/2014\/09\/Misa2.jpg?resize=150%2C115&amp;ssl=1 150w, https:\/\/i0.wp.com\/eltrabajo.cl\/portal\/wp-content\/uploads\/2014\/09\/Misa2.jpg?resize=400%2C306&amp;ssl=1 400w\" sizes=\"auto, (max-width: 529px) 100vw, 529px\" \/><\/a><figcaption id=\"caption-attachment-51130\" class=\"wp-caption-text\">La fiesta cont\u00f3 con gran cantidad de expositores, quienes llegaron de todo el valle a mostrar sus productos, despertando el inter\u00e9s de los vecinos por disfrutarlos.<\/figcaption><\/figure>\n<p>&nbsp;<\/p>\n<p>Artesan\u00eda, comida t\u00edpica y chicha t\u00edpica de Aconcagua, pudieron disfrutar los miles de asistentes que llegaron hasta El Almendral, a la primera versi\u00f3n de la Fiesta Viva Chile, viva mi tierra San Felipe 2014, misma que realiz\u00f3 la Municipalidad de San Felipe a trav\u00e9s de los departamentos de Turismo y Cultura. Aunque estaba previsto originalmente que la fiesta fuera el s\u00e1bado y domingo, el sistema frontal que afect\u00f3 a San Felipe oblig\u00f3 a retrasarla un d\u00eda, sin embargo el \u00e1nimo y las ganas de los vecinos de comenzar a celebrar un nuevo aniversario patrio no decayeron y llegaron en masa a disfrutar de la iniciativa, que por primera vez realizaba el municipio.<\/p>\n<p>La celebraci\u00f3n comenz\u00f3 con la Misa a la chilena, organizada por el Club de Cueca Tierra Querida y que estuvo encabezada por el Alcalde Patricio Freire y donde participaron los concejales y vecinos de San Felipe, para luego dar paso a la inauguraci\u00f3n de la fiesta.<\/p>\n<p>\u00abEstamos muy contentos de comenzar a disfrutar de las Fiestas Patrias en el sector El Almendral, un lugar precioso, un rinc\u00f3n criollo de nuestra comuna, por ello agradecer al equipo municipal que hace esto posible, a los funcionarios municipales, al \u00e1rea de Turismo y Cultura de la municipalidad, mis felicitaciones para ellos, que ya realizaron la Fiesta de la Vendimia y ahora estamos realizando esta fiesta tradicional de nuestro pa\u00eds\u00bb, se\u00f1al\u00f3 el Alcalde Patricio Freire.<\/p>\n<p>La fiesta cont\u00f3 con gran cantidad de expositores, quienes llegaron de todo el valle a mostrar sus productos, despertando el inter\u00e9s de los vecinos por disfrutarlos.<\/p>\n<p>\u00abAyer (s\u00e1bado) fue un d\u00eda con sentimientos encontrados, alegr\u00eda y tristeza a la vez, porque era una lluvia que necesit\u00e1bamos en el Valle de Aconcagua, pero hoy d\u00eda estamos ac\u00e1 inaugurando esta fiesta de la Chilenidad como primera versi\u00f3n y estamos muy contentos con la visita de la comunidad del valle de Aconcagua\u00bb, manifest\u00f3 Odette Illanes, encargada del Departamento de Turismo del municipio sanfelipe\u00f1o.<\/p>\n<p>Illanes se\u00f1al\u00f3 que al tener que retrasar un d\u00eda la actividad, la fiesta se extender\u00e1 hasta este lunes, por lo que los vecinos podr\u00e1n dirigirse hasta ese sector a disfrutar y comprar los productos tradicionales de nuestra tierra.<\/p>\n<p>\u00abHay 45 expositores con artesan\u00edas t\u00edpicas del Valle de Aconcagua, en lana, en cuero, maderas, tenemos plantas ornamentales, productos gourmet y especialidades campesinas tambi\u00e9n para que puedan adquirir todos los productos necesarios para sus fiestas\u00bb, dijo la encargada de Turismo.<\/p>\n<div class=\"tiled-gallery type-rectangular tiled-gallery-unresized\" data-original-width=\"640\" data-carousel-extra='null' itemscope itemtype=\"http:\/\/schema.org\/ImageGallery\" > <div class=\"gallery-row\" style=\"width: 640px; height: 218px;\" data-original-width=\"640\" data-original-height=\"218\" > <div class=\"gallery-group images-1\" style=\"width: 318px; height: 218px;\" data-original-width=\"318\" data-original-height=\"218\" > <div class=\"tiled-gallery-item tiled-gallery-item-large\" itemprop=\"associatedMedia\" itemscope itemtype=\"http:\/\/schema.org\/ImageObject\"> <a href=\"https:\/\/eltrabajo.cl\/portal\/un-exito-fue-primera-fiesta-viva-chile-viva-mi-tierra-san-felipe-2014\/misa1-2\/\" border=\"0\" itemprop=\"url\"> <meta itemprop=\"width\" content=\"314\"> <meta itemprop=\"height\" content=\"214\"> <img decoding=\"async\" class=\"\" data-attachment-id=\"51131\" data-orig-file=\"https:\/\/eltrabajo.cl\/portal\/wp-content\/uploads\/2014\/09\/Misa1.jpg\" data-orig-size=\"528,360\" data-comments-opened=\"1\" data-image-meta=\"{&quot;aperture&quot;:&quot;0&quot;,&quot;credit&quot;:&quot;&quot;,&quot;camera&quot;:&quot;&quot;,&quot;caption&quot;:&quot;&quot;,&quot;created_timestamp&quot;:&quot;0&quot;,&quot;copyright&quot;:&quot;&quot;,&quot;focal_length&quot;:&quot;0&quot;,&quot;iso&quot;:&quot;0&quot;,&quot;shutter_speed&quot;:&quot;0&quot;,&quot;title&quot;:&quot;&quot;}\" data-image-title=\"Misa1\" data-image-description=\"&lt;p&gt;La actividad se prolongar\u00e1 durante todo este lunes 15 de septiembre, para que los vecinos puedan disfrutar de los productos t\u00edpicos de nuestra tierra.&lt;\/p&gt; \" data-medium-file=\"https:\/\/i0.wp.com\/eltrabajo.cl\/portal\/wp-content\/uploads\/2014\/09\/Misa1.jpg?fit=300%2C204&#038;ssl=1\" data-large-file=\"https:\/\/i0.wp.com\/eltrabajo.cl\/portal\/wp-content\/uploads\/2014\/09\/Misa1.jpg?fit=528%2C360&#038;ssl=1\" src=\"https:\/\/i0.wp.com\/eltrabajo.cl\/portal\/wp-content\/uploads\/2014\/09\/Misa1.jpg?w=314&#038;h=214&#038;ssl=1\" srcset=\"https:\/\/i0.wp.com\/eltrabajo.cl\/portal\/wp-content\/uploads\/2014\/09\/Misa1.jpg?w=528&amp;ssl=1 528w, https:\/\/i0.wp.com\/eltrabajo.cl\/portal\/wp-content\/uploads\/2014\/09\/Misa1.jpg?resize=200%2C136&amp;ssl=1 200w, https:\/\/i0.wp.com\/eltrabajo.cl\/portal\/wp-content\/uploads\/2014\/09\/Misa1.jpg?resize=300%2C204&amp;ssl=1 300w, https:\/\/i0.wp.com\/eltrabajo.cl\/portal\/wp-content\/uploads\/2014\/09\/Misa1.jpg?resize=150%2C102&amp;ssl=1 150w, https:\/\/i0.wp.com\/eltrabajo.cl\/portal\/wp-content\/uploads\/2014\/09\/Misa1.jpg?resize=400%2C272&amp;ssl=1 400w\" width=\"314\" height=\"214\" loading=\"lazy\" data-original-width=\"314\" data-original-height=\"214\" itemprop=\"http:\/\/schema.org\/image\" title=\"Misa1\" alt=\"La actividad se prolongar\u00e1 durante todo este lunes 15 de septiembre, para que los vecinos puedan disfrutar de los productos t\u00edpicos de nuestra tierra.\" style=\"width: 314px; height: 214px;\" \/> <\/a> <div class=\"tiled-gallery-caption\" itemprop=\"caption description\"> La actividad se prolongar\u00e1 durante todo este lunes 15 de septiembre, para que los vecinos puedan disfrutar de los productos t\u00edpicos de nuestra tierra. <\/div> <\/div> <\/div> <!-- close group --> <div class=\"gallery-group images-1\" style=\"width: 322px; height: 218px;\" data-original-width=\"322\" data-original-height=\"218\" > <div class=\"tiled-gallery-item tiled-gallery-item-large\" itemprop=\"associatedMedia\" itemscope itemtype=\"http:\/\/schema.org\/ImageObject\"> <a href=\"https:\/\/eltrabajo.cl\/portal\/un-exito-fue-primera-fiesta-viva-chile-viva-mi-tierra-san-felipe-2014\/misa3\/\" border=\"0\" itemprop=\"url\"> <meta itemprop=\"width\" content=\"318\"> <meta itemprop=\"height\" content=\"214\"> <img decoding=\"async\" class=\"\" data-attachment-id=\"51132\" data-orig-file=\"https:\/\/eltrabajo.cl\/portal\/wp-content\/uploads\/2014\/09\/Misa3.jpg\" data-orig-size=\"529,357\" data-comments-opened=\"1\" data-image-meta=\"{&quot;aperture&quot;:&quot;0&quot;,&quot;credit&quot;:&quot;&quot;,&quot;camera&quot;:&quot;&quot;,&quot;caption&quot;:&quot;&quot;,&quot;created_timestamp&quot;:&quot;0&quot;,&quot;copyright&quot;:&quot;&quot;,&quot;focal_length&quot;:&quot;0&quot;,&quot;iso&quot;:&quot;0&quot;,&quot;shutter_speed&quot;:&quot;0&quot;,&quot;title&quot;:&quot;&quot;}\" data-image-title=\"Misa3\" data-image-description=\"&lt;p&gt;Aunque estaba previsto originalmente que la fiesta fuera el s\u00e1bado y domingo, el sistema frontal que afect\u00f3 a San Felipe oblig\u00f3 a retrasarla un d\u00eda.&lt;\/p&gt; \" data-medium-file=\"https:\/\/i0.wp.com\/eltrabajo.cl\/portal\/wp-content\/uploads\/2014\/09\/Misa3.jpg?fit=300%2C202&#038;ssl=1\" data-large-file=\"https:\/\/i0.wp.com\/eltrabajo.cl\/portal\/wp-content\/uploads\/2014\/09\/Misa3.jpg?fit=529%2C357&#038;ssl=1\" src=\"https:\/\/i0.wp.com\/eltrabajo.cl\/portal\/wp-content\/uploads\/2014\/09\/Misa3.jpg?w=318&#038;h=214&#038;ssl=1\" srcset=\"https:\/\/i0.wp.com\/eltrabajo.cl\/portal\/wp-content\/uploads\/2014\/09\/Misa3.jpg?w=529&amp;ssl=1 529w, https:\/\/i0.wp.com\/eltrabajo.cl\/portal\/wp-content\/uploads\/2014\/09\/Misa3.jpg?resize=200%2C134&amp;ssl=1 200w, https:\/\/i0.wp.com\/eltrabajo.cl\/portal\/wp-content\/uploads\/2014\/09\/Misa3.jpg?resize=300%2C202&amp;ssl=1 300w, https:\/\/i0.wp.com\/eltrabajo.cl\/portal\/wp-content\/uploads\/2014\/09\/Misa3.jpg?resize=150%2C101&amp;ssl=1 150w, https:\/\/i0.wp.com\/eltrabajo.cl\/portal\/wp-content\/uploads\/2014\/09\/Misa3.jpg?resize=400%2C269&amp;ssl=1 400w\" width=\"318\" height=\"214\" loading=\"lazy\" data-original-width=\"318\" data-original-height=\"214\" itemprop=\"http:\/\/schema.org\/image\" title=\"Misa3\" alt=\"Aunque estaba previsto originalmente que la fiesta fuera el s\u00e1bado y domingo, el sistema frontal que afect\u00f3 a San Felipe oblig\u00f3 a retrasarla un d\u00eda.\" style=\"width: 318px; height: 214px;\" \/> <\/a> <div class=\"tiled-gallery-caption\" itemprop=\"caption description\"> Aunque estaba previsto originalmente que la fiesta fuera el s\u00e1bado y domingo, el sistema frontal que afect\u00f3 a San Felipe oblig\u00f3 a retrasarla un d\u00eda. <\/div> <\/div> <\/div> <!-- close group --> <\/div> <!-- close row --> <\/div>\n","protected":false},"excerpt":{"rendered":"<p>&nbsp; Artesan\u00eda, comida t\u00edpica y chicha t\u00edpica de Aconcagua, pudieron disfrutar los miles de asistentes que llegaron hasta El Almendral, a la primera versi\u00f3n de la Fiesta Viva Chile, viva mi tierra&#8230;<\/p>\n","protected":false},"author":482,"featured_media":51130,"comment_status":"open","ping_status":"closed","sticky":false,"template":"","format":"standard","meta":{"advanced_seo_description":"","jetpack_seo_html_title":"","jetpack_seo_noindex":false,"_jetpack_memberships_contains_paid_content":false,"footnotes":""},"categories":[15],"tags":[],"class_list":["post-51129","post","type-post","status-publish","format-standard","has-post-thumbnail","hentry","category-comunidad"],"jetpack_featured_media_url":"https:\/\/i0.wp.com\/eltrabajo.cl\/portal\/wp-content\/uploads\/2014\/09\/Misa2.jpg?fit=529%2C406&ssl=1","jetpack_sharing_enabled":true,"jetpack_likes_enabled":true,"jetpack-related-posts":[],"_links":{"self":[{"href":"https:\/\/eltrabajo.cl\/portal\/wp-json\/wp\/v2\/posts\/51129","targetHints":{"allow":["GET"]}}],"collection":[{"href":"https:\/\/eltrabajo.cl\/portal\/wp-json\/wp\/v2\/posts"}],"about":[{"href":"https:\/\/eltrabajo.cl\/portal\/wp-json\/wp\/v2\/types\/post"}],"author":[{"embeddable":true,"href":"https:\/\/eltrabajo.cl\/portal\/wp-json\/wp\/v2\/users\/482"}],"replies":[{"embeddable":true,"href":"https:\/\/eltrabajo.cl\/portal\/wp-json\/wp\/v2\/comments?post=51129"}],"version-history":[{"count":0,"href":"https:\/\/eltrabajo.cl\/portal\/wp-json\/wp\/v2\/posts\/51129\/revisions"}],"wp:featuredmedia":[{"embeddable":true,"href":"https:\/\/eltrabajo.cl\/portal\/wp-json\/wp\/v2\/media\/51130"}],"wp:attachment":[{"href":"https:\/\/eltrabajo.cl\/portal\/wp-json\/wp\/v2\/media?parent=51129"}],"wp:term":[{"taxonomy":"category","embeddable":true,"href":"https:\/\/eltrabajo.cl\/portal\/wp-json\/wp\/v2\/categories?post=51129"},{"taxonomy":"post_tag","embeddable":true,"href":"https:\/\/eltrabajo.cl\/portal\/wp-json\/wp\/v2\/tags?post=51129"}],"curies":[{"name":"wp","href":"https:\/\/api.w.org\/{rel}","templated":true}]}}