{"id":51160,"date":"2014-09-15T09:36:55","date_gmt":"2014-09-15T12:36:55","guid":{"rendered":"http:\/\/www.eltrabajo.cl\/portal\/?p=51160"},"modified":"2014-09-15T09:36:55","modified_gmt":"2014-09-15T12:36:55","slug":"tres-detenidos-en-san-felipe-tras-disturbios-por-el-11-de-septiembre","status":"publish","type":"post","link":"https:\/\/eltrabajo.cl\/portal\/tres-detenidos-en-san-felipe-tras-disturbios-por-el-11-de-septiembre\/","title":{"rendered":"Tres detenidos en San Felipe tras disturbios por el 11 de Septiembre"},"content":{"rendered":"<figure id=\"attachment_51161\" aria-describedby=\"caption-attachment-51161\" style=\"width: 528px\" class=\"wp-caption alignnone\"><a href=\"https:\/\/i0.wp.com\/www.eltrabajo.cl\/portal\/wp-content\/uploads\/2014\/09\/Barricadas.jpg\"><img data-recalc-dims=\"1\" loading=\"lazy\" decoding=\"async\" class=\"size-full wp-image-51161\" alt=\"Como cada 11 de Septiembre, grupos de manifestantes encendieron barricadas siversos sectores, impidiendo el tr\u00e1nsito vehicular adem\u00e1s de enfrentarse a Carabineros.\" src=\"https:\/\/i0.wp.com\/www.eltrabajo.cl\/portal\/wp-content\/uploads\/2014\/09\/Barricadas.jpg?resize=528%2C396\" width=\"528\" height=\"396\" srcset=\"https:\/\/i0.wp.com\/eltrabajo.cl\/portal\/wp-content\/uploads\/2014\/09\/Barricadas.jpg?w=528&amp;ssl=1 528w, https:\/\/i0.wp.com\/eltrabajo.cl\/portal\/wp-content\/uploads\/2014\/09\/Barricadas.jpg?resize=200%2C150&amp;ssl=1 200w, https:\/\/i0.wp.com\/eltrabajo.cl\/portal\/wp-content\/uploads\/2014\/09\/Barricadas.jpg?resize=300%2C225&amp;ssl=1 300w, https:\/\/i0.wp.com\/eltrabajo.cl\/portal\/wp-content\/uploads\/2014\/09\/Barricadas.jpg?resize=150%2C112&amp;ssl=1 150w, https:\/\/i0.wp.com\/eltrabajo.cl\/portal\/wp-content\/uploads\/2014\/09\/Barricadas.jpg?resize=400%2C300&amp;ssl=1 400w\" sizes=\"auto, (max-width: 528px) 100vw, 528px\" \/><\/a><figcaption id=\"caption-attachment-51161\" class=\"wp-caption-text\">Como cada 11 de Septiembre, grupos de manifestantes encendieron barricadas siversos sectores, impidiendo el tr\u00e1nsito vehicular adem\u00e1s de enfrentarse a Carabineros.<\/figcaption><\/figure>\n<p>Dos detenidos en el sector de Las Coimas y un adolescente menor de edad en la comuna de Llay Llay, fue el saldo de la noche del 11 de septiembre tras diversas barricadas y enfrentamiento contra el personal de Carabineros catalogados como hechos vand\u00e1licos y que no tendr\u00edan trasfondo pol\u00edtico.<\/p>\n<p>Al mediod\u00eda del pasado viernes el Gobernador de San Felipe, Eduardo Le\u00f3n, entreg\u00f3 la evaluaci\u00f3n de las distintas comunas de la provincia donde se produjeron encendidos de barricadas para cortar la Ruta 60 CH a la altura del sector La Pirca en Panquehue, como tambi\u00e9n en el sector Las Coimas en Putaendo, donde desconocidos arrojaron piedras y elementos contundentes en contra de la Polic\u00eda uniformada que intentaba restablecer el orden, lo que se extendi\u00f3 hasta las 03:00 horas del viernes.<\/p>\n<p>En ese mismo escenario, tal cual durante la noche previa al 11 de septiembre, un grupo de individuos encendieron barricadas al interior de Villa 250 A\u00f1os, arrojando bombas molotov a personal de Carabineros, quienes debieron intervenir en contra de los manifestantes, en episodios de muy similares caracter\u00edsticas a lo vivido en avenida Las Palmas de Llay Llay.<\/p>\n<p>\u00abOcurrieron varios hechos delictuales que fueron de menor intensidad que la noche anterior, hubieron cortes en el sector de Las Coimas donde hubo reforzamiento especial tras las amenazas a un empresario. Afortunadamente el trabajo de Carabineros impidi\u00f3 eso. Existieron enfrentamientos en el sector de La Pirca con la instalaci\u00f3n de neum\u00e1ticos en la ruta, lamentablemente mucha contaminaci\u00f3n. No hubo personas lesionadas tanto civiles como uniformados, pero si resultaron da\u00f1ados veh\u00edculos fiscales, pero fue de menor intensidad que la noche anterior\u00bb, argument\u00f3 el Gobernador Le\u00f3n.<\/p>\n<p>La autoridad destac\u00f3 la labor de Carabineros cuyas operaciones se desplegaron de la mejor forma para conseguir el despeje de las rutas, reguardando los lugares ya conocidos como de mayor peligro, destacando el alto n\u00famero de menores de edad que participaron de estos enfrentamientos, lo que genera una preocupaci\u00f3n en la comunidad.<\/p>\n<p>Agreg\u00f3 que como resultados de an\u00e1lisis de evaluaci\u00f3n, estas manifestaciones no revisten intereses de movimientos pol\u00edticos ni anarquistas y que s\u00f3lo se trata de actos vand\u00e1licos por personas que en su mayor\u00eda poseen antecedentes delictuales. Finalmente los dos detenidos adultos fueron formalizados por des\u00f3rdenes p\u00fablicos en el Tribunal Mixto de Putaendo, mientras que el menor de edad fue dejado en libertad a la espera de citaci\u00f3n por parte del Ministerio P\u00fablico de San Felipe.<\/p>\n<p>Pablo Salinas Sald\u00edas<\/p>\n<p>&nbsp;<\/p>\n","protected":false},"excerpt":{"rendered":"<p>Dos detenidos en el sector de Las Coimas y un adolescente menor de edad en la comuna de Llay Llay, fue el saldo de la noche del 11 de septiembre tras diversas&#8230;<\/p>\n","protected":false},"author":482,"featured_media":51161,"comment_status":"open","ping_status":"closed","sticky":false,"template":"","format":"standard","meta":{"advanced_seo_description":"","jetpack_seo_html_title":"","jetpack_seo_noindex":false,"_jetpack_memberships_contains_paid_content":false,"footnotes":""},"categories":[21],"tags":[],"class_list":["post-51160","post","type-post","status-publish","format-standard","has-post-thumbnail","hentry","category-policial"],"jetpack_featured_media_url":"https:\/\/i0.wp.com\/eltrabajo.cl\/portal\/wp-content\/uploads\/2014\/09\/Barricadas.jpg?fit=528%2C396&ssl=1","jetpack_sharing_enabled":true,"jetpack_likes_enabled":true,"jetpack-related-posts":[],"_links":{"self":[{"href":"https:\/\/eltrabajo.cl\/portal\/wp-json\/wp\/v2\/posts\/51160","targetHints":{"allow":["GET"]}}],"collection":[{"href":"https:\/\/eltrabajo.cl\/portal\/wp-json\/wp\/v2\/posts"}],"about":[{"href":"https:\/\/eltrabajo.cl\/portal\/wp-json\/wp\/v2\/types\/post"}],"author":[{"embeddable":true,"href":"https:\/\/eltrabajo.cl\/portal\/wp-json\/wp\/v2\/users\/482"}],"replies":[{"embeddable":true,"href":"https:\/\/eltrabajo.cl\/portal\/wp-json\/wp\/v2\/comments?post=51160"}],"version-history":[{"count":0,"href":"https:\/\/eltrabajo.cl\/portal\/wp-json\/wp\/v2\/posts\/51160\/revisions"}],"wp:featuredmedia":[{"embeddable":true,"href":"https:\/\/eltrabajo.cl\/portal\/wp-json\/wp\/v2\/media\/51161"}],"wp:attachment":[{"href":"https:\/\/eltrabajo.cl\/portal\/wp-json\/wp\/v2\/media?parent=51160"}],"wp:term":[{"taxonomy":"category","embeddable":true,"href":"https:\/\/eltrabajo.cl\/portal\/wp-json\/wp\/v2\/categories?post=51160"},{"taxonomy":"post_tag","embeddable":true,"href":"https:\/\/eltrabajo.cl\/portal\/wp-json\/wp\/v2\/tags?post=51160"}],"curies":[{"name":"wp","href":"https:\/\/api.w.org\/{rel}","templated":true}]}}