{"id":51163,"date":"2014-09-15T09:38:02","date_gmt":"2014-09-15T12:38:02","guid":{"rendered":"http:\/\/www.eltrabajo.cl\/portal\/?p=51163"},"modified":"2014-09-15T09:38:02","modified_gmt":"2014-09-15T12:38:02","slug":"paciente-de-unidad-forense-se-suicido-en-el-hospital-psiquiatrico","status":"publish","type":"post","link":"https:\/\/eltrabajo.cl\/portal\/paciente-de-unidad-forense-se-suicido-en-el-hospital-psiquiatrico\/","title":{"rendered":"Paciente de Unidad Forense se suicid\u00f3 en el hospital psiqui\u00e1trico"},"content":{"rendered":"<figure id=\"attachment_51164\" aria-describedby=\"caption-attachment-51164\" style=\"width: 530px\" class=\"wp-caption alignnone\"><a href=\"https:\/\/i0.wp.com\/www.eltrabajo.cl\/portal\/wp-content\/uploads\/2014\/09\/Hospital1.jpg\"><img data-recalc-dims=\"1\" loading=\"lazy\" decoding=\"async\" class=\"size-full wp-image-51164\" alt=\"El paciente fallecido ingres\u00f3 al hospital psiqui\u00e1trico el 21 de mayo de este a\u00f1o y era proveniente de la ciudad de Los Vilos.\" src=\"https:\/\/i0.wp.com\/www.eltrabajo.cl\/portal\/wp-content\/uploads\/2014\/09\/Hospital1.jpg?resize=530%2C325\" width=\"530\" height=\"325\" srcset=\"https:\/\/i0.wp.com\/eltrabajo.cl\/portal\/wp-content\/uploads\/2014\/09\/Hospital1.jpg?w=530&amp;ssl=1 530w, https:\/\/i0.wp.com\/eltrabajo.cl\/portal\/wp-content\/uploads\/2014\/09\/Hospital1.jpg?resize=200%2C122&amp;ssl=1 200w, https:\/\/i0.wp.com\/eltrabajo.cl\/portal\/wp-content\/uploads\/2014\/09\/Hospital1.jpg?resize=300%2C183&amp;ssl=1 300w, https:\/\/i0.wp.com\/eltrabajo.cl\/portal\/wp-content\/uploads\/2014\/09\/Hospital1.jpg?resize=150%2C91&amp;ssl=1 150w, https:\/\/i0.wp.com\/eltrabajo.cl\/portal\/wp-content\/uploads\/2014\/09\/Hospital1.jpg?resize=400%2C245&amp;ssl=1 400w\" sizes=\"auto, (max-width: 530px) 100vw, 530px\" \/><\/a><figcaption id=\"caption-attachment-51164\" class=\"wp-caption-text\">El paciente fallecido ingres\u00f3 al hospital psiqui\u00e1trico el 21 de mayo de este a\u00f1o y era proveniente de la ciudad de Los Vilos.<\/figcaption><\/figure>\n<p><strong>PUTAENDO<\/strong>.- Un paciente de la Unidad Forense de Mediana Complejidad I, se suicid\u00f3 al interior del Hospital Psiqui\u00e1trico Dr. Philippe Pinel de Putaendo. La Directora del hospital, Jeannette De la Barrera, indic\u00f3 que a eso del mediod\u00eda de este s\u00e1bado y mientras los pacientes ingresaban para recibir su almuerzo, un paciente de 54 a\u00f1os de edad fue encontrado por los funcionarios colgando desde una s\u00e1bana en una de las dependencias de la unidad, por lo que r\u00e1pidamente fue bajado el v\u00ednculo y personal de enfermer\u00eda junto al m\u00e9dico de turno activaron el protocolo de emergencia, realizando procedimientos de reanimaci\u00f3n avanzada durante 45 minutos, a lo que se sum\u00f3 personal del Samu que arrib\u00f3 al lugar. A pesar de los esfuerzos desplegados por el personal del hospital, lamentablemente el paciente falleci\u00f3 en el lugar.<\/p>\n<p>El paciente fallecido ingres\u00f3 al hospital psiqui\u00e1trico el 21 de mayo de este a\u00f1o y era proveniente de la ciudad de Los Vilos, y hace poco tiempo hab\u00eda sido derivado desde la Unidad de Alta Complejidad a la Unidad de Mediana Complejidad I, tras registrar un avance en el tratamiento que estaba recibiendo.<\/p>\n<p>La directora del Hospital Philippe Pinel asegur\u00f3 que tras el hecho contactaron a familiares para informarles de esta lamentable situaci\u00f3n, y han dispuesto de toda la ayuda necesaria para el traslado de familiares y el asesoramiento correspondiente en este tipo de hechos.<\/p>\n<p><strong>\u00a0TODOS DE LUTO<\/strong><\/p>\n<p>Jeannette De la Barrera sostuvo que lo ocurrido durante este s\u00e1bado ha afectado a toda la comunidad hospitalaria y de manera especial a los funcionarios de la Unidad de Mediana Complejidad I, pues hoy la familia del hospital psiqui\u00e1trico est\u00e1 de duelo por este lamentable hecho, raz\u00f3n por la cual determin\u00f3 suspender las actividades programadas con motivo de Fiestas Patrias, como el Campeonato de Cueca de los funcionarios de la Salud, que estaba programado para este lunes.<\/p>\n<p>Por instrucci\u00f3n del Fiscal de Turno, y luego que Carabineros se constituyera en el hospital psiqui\u00e1trico, arrib\u00f3 la Brigada de Homicidios de la Polic\u00eda de Investigaciones, que luego de realizar los peritajes correspondientes habr\u00edan descartado la intervenci\u00f3n de terceras personas, informaci\u00f3n que fue obtenida de manera extraoficial.<\/p>\n<p>Patricio Gallardo M.<\/p>\n<p>&nbsp;<\/p>\n","protected":false},"excerpt":{"rendered":"<p>PUTAENDO.- Un paciente de la Unidad Forense de Mediana Complejidad I, se suicid\u00f3 al interior del Hospital Psiqui\u00e1trico Dr. Philippe Pinel de Putaendo. La Directora del hospital, Jeannette De la Barrera, indic\u00f3&#8230;<\/p>\n","protected":false},"author":482,"featured_media":51164,"comment_status":"open","ping_status":"closed","sticky":false,"template":"","format":"standard","meta":{"advanced_seo_description":"","jetpack_seo_html_title":"","jetpack_seo_noindex":false,"_jetpack_memberships_contains_paid_content":false,"footnotes":""},"categories":[21],"tags":[],"class_list":["post-51163","post","type-post","status-publish","format-standard","has-post-thumbnail","hentry","category-policial"],"jetpack_featured_media_url":"https:\/\/i0.wp.com\/eltrabajo.cl\/portal\/wp-content\/uploads\/2014\/09\/Hospital1.jpg?fit=530%2C325&ssl=1","jetpack_sharing_enabled":true,"jetpack_likes_enabled":true,"jetpack-related-posts":[],"_links":{"self":[{"href":"https:\/\/eltrabajo.cl\/portal\/wp-json\/wp\/v2\/posts\/51163","targetHints":{"allow":["GET"]}}],"collection":[{"href":"https:\/\/eltrabajo.cl\/portal\/wp-json\/wp\/v2\/posts"}],"about":[{"href":"https:\/\/eltrabajo.cl\/portal\/wp-json\/wp\/v2\/types\/post"}],"author":[{"embeddable":true,"href":"https:\/\/eltrabajo.cl\/portal\/wp-json\/wp\/v2\/users\/482"}],"replies":[{"embeddable":true,"href":"https:\/\/eltrabajo.cl\/portal\/wp-json\/wp\/v2\/comments?post=51163"}],"version-history":[{"count":0,"href":"https:\/\/eltrabajo.cl\/portal\/wp-json\/wp\/v2\/posts\/51163\/revisions"}],"wp:featuredmedia":[{"embeddable":true,"href":"https:\/\/eltrabajo.cl\/portal\/wp-json\/wp\/v2\/media\/51164"}],"wp:attachment":[{"href":"https:\/\/eltrabajo.cl\/portal\/wp-json\/wp\/v2\/media?parent=51163"}],"wp:term":[{"taxonomy":"category","embeddable":true,"href":"https:\/\/eltrabajo.cl\/portal\/wp-json\/wp\/v2\/categories?post=51163"},{"taxonomy":"post_tag","embeddable":true,"href":"https:\/\/eltrabajo.cl\/portal\/wp-json\/wp\/v2\/tags?post=51163"}],"curies":[{"name":"wp","href":"https:\/\/api.w.org\/{rel}","templated":true}]}}