{"id":51167,"date":"2014-09-15T09:40:04","date_gmt":"2014-09-15T12:40:04","guid":{"rendered":"http:\/\/www.eltrabajo.cl\/portal\/?p=51167"},"modified":"2014-09-15T09:40:04","modified_gmt":"2014-09-15T12:40:04","slug":"perro-muere-electrocutado-tras-tomar-agua-en-plaza-de-armas-andina","status":"publish","type":"post","link":"https:\/\/eltrabajo.cl\/portal\/perro-muere-electrocutado-tras-tomar-agua-en-plaza-de-armas-andina\/","title":{"rendered":"Perro muere electrocutado tras tomar agua en Plaza de Armas andina"},"content":{"rendered":"<figure id=\"attachment_51168\" aria-describedby=\"caption-attachment-51168\" style=\"width: 528px\" class=\"wp-caption alignnone\"><a href=\"https:\/\/i0.wp.com\/www.eltrabajo.cl\/portal\/wp-content\/uploads\/2014\/09\/Perro1.jpg\"><img data-recalc-dims=\"1\" loading=\"lazy\" decoding=\"async\" class=\"size-full wp-image-51168\" alt=\"Gran temor existe por el estado de las instalaciones el\u00e9ctricas de la Plaza de Armas de Los Andes, luego que la ma\u00f1ana de este s\u00e1bado un perrito callejero muriera electrocutado.\" src=\"https:\/\/i0.wp.com\/www.eltrabajo.cl\/portal\/wp-content\/uploads\/2014\/09\/Perro1.jpg?resize=528%2C366\" width=\"528\" height=\"366\" srcset=\"https:\/\/i0.wp.com\/eltrabajo.cl\/portal\/wp-content\/uploads\/2014\/09\/Perro1.jpg?w=528&amp;ssl=1 528w, https:\/\/i0.wp.com\/eltrabajo.cl\/portal\/wp-content\/uploads\/2014\/09\/Perro1.jpg?resize=200%2C138&amp;ssl=1 200w, https:\/\/i0.wp.com\/eltrabajo.cl\/portal\/wp-content\/uploads\/2014\/09\/Perro1.jpg?resize=300%2C207&amp;ssl=1 300w, https:\/\/i0.wp.com\/eltrabajo.cl\/portal\/wp-content\/uploads\/2014\/09\/Perro1.jpg?resize=150%2C103&amp;ssl=1 150w, https:\/\/i0.wp.com\/eltrabajo.cl\/portal\/wp-content\/uploads\/2014\/09\/Perro1.jpg?resize=400%2C277&amp;ssl=1 400w\" sizes=\"auto, (max-width: 528px) 100vw, 528px\" \/><\/a><figcaption id=\"caption-attachment-51168\" class=\"wp-caption-text\">Gran temor existe por el estado de las instalaciones el\u00e9ctricas de la Plaza de Armas de Los Andes, luego que la ma\u00f1ana de este s\u00e1bado un perrito callejero muriera electrocutado.<\/figcaption><\/figure>\n<p><strong>LOS ANDES<\/strong>.- Gran temor existe por el estado de las instalaciones el\u00e9ctricas de la Plaza de Armas de Los Andes, luego que la ma\u00f1ana de este s\u00e1bado un perrito callejero muriera electrocutado al tomar agua sobre una caja met\u00e1lica que se encuentra energizada. Producto de las precipitaciones matinales se form\u00f3 un charco de agua sobre una caja el\u00e9ctrica ubicada a un costado del kiosco existente al interior de la plaza en la esquina de O\u2019Higgins con Maip\u00fa, hasta donde se acerc\u00f3 a beber el animal.<\/p>\n<p>Cuando lo hizo sufri\u00f3 una fuerte descarga el\u00e9ctrica que lo mat\u00f3 en el acto, ante la sorpresa, estupor e indignaci\u00f3n del due\u00f1o del Kiosco, Manuel Vald\u00e9s, quien todos los d\u00edas le daba alimento. El comerciante dijo que ya hab\u00edan advertido de esta situaci\u00f3n al municipio, sobre todo porque inescrupulosos hab\u00eda roto los candados de la caja y da\u00f1ado los cables que comenzaron a energizar la caja.<\/p>\n<p>Adem\u00e1s, existe otro cable que cruza buena parte de los jardines de la plaza que alimentaba los puestos de la feria artesanal, el cual tambi\u00e9n est\u00e1 energizado y constituye un riesgo para las personas. Lo grave de esta situaci\u00f3n es que un ni\u00f1o podr\u00eda sufrir una descarga el\u00e9ctrica si se acerca a esta caja, por lo que demandaron del municipio una reparaci\u00f3n inmediata. Incluso, personal de Chilquinta se hizo presente en el lugar, pero no pudo hacer nada por Este problema, ya que la mantenci\u00f3n de las luminarias y el tendido el\u00e9ctrico es del municipio.<\/p>\n<p>&nbsp;<\/p>\n","protected":false},"excerpt":{"rendered":"<p>LOS ANDES.- Gran temor existe por el estado de las instalaciones el\u00e9ctricas de la Plaza de Armas de Los Andes, luego que la ma\u00f1ana de este s\u00e1bado un perrito callejero muriera electrocutado&#8230;<\/p>\n","protected":false},"author":482,"featured_media":51168,"comment_status":"open","ping_status":"closed","sticky":false,"template":"","format":"standard","meta":{"advanced_seo_description":"","jetpack_seo_html_title":"","jetpack_seo_noindex":false,"_jetpack_memberships_contains_paid_content":false,"footnotes":""},"categories":[21],"tags":[],"class_list":["post-51167","post","type-post","status-publish","format-standard","has-post-thumbnail","hentry","category-policial"],"jetpack_featured_media_url":"https:\/\/i0.wp.com\/eltrabajo.cl\/portal\/wp-content\/uploads\/2014\/09\/Perro1.jpg?fit=528%2C366&ssl=1","jetpack_sharing_enabled":true,"jetpack_likes_enabled":true,"jetpack-related-posts":[],"_links":{"self":[{"href":"https:\/\/eltrabajo.cl\/portal\/wp-json\/wp\/v2\/posts\/51167","targetHints":{"allow":["GET"]}}],"collection":[{"href":"https:\/\/eltrabajo.cl\/portal\/wp-json\/wp\/v2\/posts"}],"about":[{"href":"https:\/\/eltrabajo.cl\/portal\/wp-json\/wp\/v2\/types\/post"}],"author":[{"embeddable":true,"href":"https:\/\/eltrabajo.cl\/portal\/wp-json\/wp\/v2\/users\/482"}],"replies":[{"embeddable":true,"href":"https:\/\/eltrabajo.cl\/portal\/wp-json\/wp\/v2\/comments?post=51167"}],"version-history":[{"count":0,"href":"https:\/\/eltrabajo.cl\/portal\/wp-json\/wp\/v2\/posts\/51167\/revisions"}],"wp:featuredmedia":[{"embeddable":true,"href":"https:\/\/eltrabajo.cl\/portal\/wp-json\/wp\/v2\/media\/51168"}],"wp:attachment":[{"href":"https:\/\/eltrabajo.cl\/portal\/wp-json\/wp\/v2\/media?parent=51167"}],"wp:term":[{"taxonomy":"category","embeddable":true,"href":"https:\/\/eltrabajo.cl\/portal\/wp-json\/wp\/v2\/categories?post=51167"},{"taxonomy":"post_tag","embeddable":true,"href":"https:\/\/eltrabajo.cl\/portal\/wp-json\/wp\/v2\/tags?post=51167"}],"curies":[{"name":"wp","href":"https:\/\/api.w.org\/{rel}","templated":true}]}}