{"id":51171,"date":"2014-09-15T09:43:31","date_gmt":"2014-09-15T12:43:31","guid":{"rendered":"http:\/\/www.eltrabajo.cl\/portal\/?p=51171"},"modified":"2014-09-15T09:43:31","modified_gmt":"2014-09-15T12:43:31","slug":"anuncian-casting-para-miss-aconcagua-y-miss-teenager-2015","status":"publish","type":"post","link":"https:\/\/eltrabajo.cl\/portal\/anuncian-casting-para-miss-aconcagua-y-miss-teenager-2015\/","title":{"rendered":"Anuncian casting para Miss Aconcagua y Miss Teenager 2015"},"content":{"rendered":"<figure id=\"attachment_51172\" aria-describedby=\"caption-attachment-51172\" style=\"width: 529px\" class=\"wp-caption alignnone\"><a href=\"https:\/\/i0.wp.com\/www.eltrabajo.cl\/portal\/wp-content\/uploads\/2014\/09\/Ellas1.jpg\"><img data-recalc-dims=\"1\" loading=\"lazy\" decoding=\"async\" class=\"size-full wp-image-51172\" alt=\"LAS SOBERANAS.- Mar\u00eda Paz Molina (Miss Teenager 2014) y Melissa Garay (Miss Aconcagua 2014), ambas ceder\u00e1n en 2015 sus coronas a quienes ganen este certamen.\" src=\"https:\/\/i0.wp.com\/www.eltrabajo.cl\/portal\/wp-content\/uploads\/2014\/09\/Ellas1.jpg?resize=529%2C509\" width=\"529\" height=\"509\" srcset=\"https:\/\/i0.wp.com\/eltrabajo.cl\/portal\/wp-content\/uploads\/2014\/09\/Ellas1.jpg?w=529&amp;ssl=1 529w, https:\/\/i0.wp.com\/eltrabajo.cl\/portal\/wp-content\/uploads\/2014\/09\/Ellas1.jpg?resize=155%2C150&amp;ssl=1 155w, https:\/\/i0.wp.com\/eltrabajo.cl\/portal\/wp-content\/uploads\/2014\/09\/Ellas1.jpg?resize=300%2C288&amp;ssl=1 300w, https:\/\/i0.wp.com\/eltrabajo.cl\/portal\/wp-content\/uploads\/2014\/09\/Ellas1.jpg?resize=150%2C144&amp;ssl=1 150w, https:\/\/i0.wp.com\/eltrabajo.cl\/portal\/wp-content\/uploads\/2014\/09\/Ellas1.jpg?resize=400%2C384&amp;ssl=1 400w\" sizes=\"auto, (max-width: 529px) 100vw, 529px\" \/><\/a><figcaption id=\"caption-attachment-51172\" class=\"wp-caption-text\">LAS SOBERANAS.- Mar\u00eda Paz Molina (Miss Teenager 2014) y Melissa Garay (Miss Aconcagua 2014), ambas ceder\u00e1n en 2015 sus coronas a quienes ganen este certamen.<\/figcaption><\/figure>\n<p>Para el pr\u00f3ximo s\u00e1bado 18 de octubre a partir de las 10:00 horas en dependencias de la Municipalidad de San Felipe, qued\u00f3 fijada la primera convocatoria para participar en el Miss Teenager Aconcagua y Miss Aconcagua 2014, casting al que podr\u00e1n asistir todas lasjovencitas que deseen formar parte de este concurso que cada a\u00f1o alcanza mayor protagonismo en el valle de Aconcagua.<\/p>\n<p>As\u00ed lo dieron a conocer la coordinadora del concurso y actual Miss Simpat\u00eda 2014 del Miss Aconcagua, Katherine Gallardo, junto al creador y organizador del certamen, Jos\u00e9 Robinson Alfaro, quienes destacaron que las candidatas deben tener esp\u00edritu de servicio social y de ayuda a la comunidad.<\/p>\n<p>\u00abSe trabaja con ni\u00f1os en riesgo social, con enfermedades terminales. Nuestro certamen no tiene fines de lucro, es por esto que invitamos a los empresarios a colaborar en este acto social\u00bb, coment\u00f3 Alfaro a Diario El Trabajo.<\/p>\n<p>\u00abEsto nos caracteriza como concurso de belleza en el Valle del Aconcagua, tambi\u00e9n queremos hoy hacer p\u00fablicas las bases de los cert\u00e1menes para aquellas j\u00f3venes que quieran participar este a\u00f1o\u00bb, coment\u00f3 Katherine Gallardo.<\/p>\n<p>Para mayor informaci\u00f3n deben contactarse al correo: certamen.missaconcagua@h otmail.com.<\/p>\n<p><strong>BASES PARA PARTICIPAR<\/strong><\/p>\n<p>1 &#8211; Ser chilena.<\/p>\n<p>2 &#8211; Soltera y sin hijos, no estar embarazada.<\/p>\n<p><strong>Las candidatas a Miss Teenager y Miss Aconcagua.<\/strong><\/p>\n<p>3 &#8211; Estatura m\u00ednima 1,63 para ambos concursos.<\/p>\n<p>4 &#8211; Las candidatas a Miss Aconcagua debe tener entre 18 a 26 a\u00f1os.<\/p>\n<p>5 &#8211; Las candidatas a Miss Aconcagua debe estar cursando 4\u00ba a\u00f1o Medio si tiene 18 a\u00f1os o terminando ense\u00f1anza media.<\/p>\n<p>6 &#8211; Las candidatas a Miss Teenager debe estar cursando ense\u00f1anza media.<\/p>\n<p>7 &#8211; Las Candidatas a Miss Teenager debe tener entre 14 a 17 a\u00f1os de edad.<\/p>\n<p>8 &#8211; Las candidatas a Miss Teenager debe tener un apoderado mayor de edad que las presente e inscriba.<\/p>\n<p><strong>Se recomiendan los padres:<\/strong><\/p>\n<p>9 \u2013 Acompa\u00f1ar a las candidatas a Miss Teenager al casting, si ella es seleccionada a los ensayos, debe ir siempre con el apoderado.<\/p>\n<p>10 &#8211; Las candidatas a Miss Teenager, si es seleccionada a participar debe tener una autorizaci\u00f3n notarial para participar.<\/p>\n<div class=\"tiled-gallery type-rectangular tiled-gallery-unresized\" data-original-width=\"640\" data-carousel-extra='null' itemscope itemtype=\"http:\/\/schema.org\/ImageGallery\" > <div class=\"gallery-row\" style=\"width: 640px; height: 273px;\" data-original-width=\"640\" data-original-height=\"273\" > <div class=\"gallery-group images-1\" style=\"width: 401px; height: 273px;\" data-original-width=\"401\" data-original-height=\"273\" > <div class=\"tiled-gallery-item tiled-gallery-item-large\" itemprop=\"associatedMedia\" itemscope itemtype=\"http:\/\/schema.org\/ImageObject\"> <a href=\"https:\/\/eltrabajo.cl\/portal\/anuncian-casting-para-miss-aconcagua-y-miss-teenager-2015\/katherine-gallardo-2\/\" border=\"0\" itemprop=\"url\"> <meta itemprop=\"width\" content=\"397\"> <meta itemprop=\"height\" content=\"269\"> <img decoding=\"async\" class=\"\" data-attachment-id=\"51174\" data-orig-file=\"https:\/\/eltrabajo.cl\/portal\/wp-content\/uploads\/2014\/09\/Katherine-Gallardo.jpg\" data-orig-size=\"529,358\" data-comments-opened=\"1\" data-image-meta=\"{&quot;aperture&quot;:&quot;0&quot;,&quot;credit&quot;:&quot;&quot;,&quot;camera&quot;:&quot;&quot;,&quot;caption&quot;:&quot;&quot;,&quot;created_timestamp&quot;:&quot;0&quot;,&quot;copyright&quot;:&quot;&quot;,&quot;focal_length&quot;:&quot;0&quot;,&quot;iso&quot;:&quot;0&quot;,&quot;shutter_speed&quot;:&quot;0&quot;,&quot;title&quot;:&quot;&quot;}\" data-image-title=\"Katherine Gallardo\" data-image-description=\"&lt;p&gt;Miss Simpat\u00eda 2014, la Srta. Katherine Gallardo.&lt;\/p&gt; \" data-medium-file=\"https:\/\/i0.wp.com\/eltrabajo.cl\/portal\/wp-content\/uploads\/2014\/09\/Katherine-Gallardo.jpg?fit=300%2C203&#038;ssl=1\" data-large-file=\"https:\/\/i0.wp.com\/eltrabajo.cl\/portal\/wp-content\/uploads\/2014\/09\/Katherine-Gallardo.jpg?fit=529%2C358&#038;ssl=1\" src=\"https:\/\/i0.wp.com\/eltrabajo.cl\/portal\/wp-content\/uploads\/2014\/09\/Katherine-Gallardo.jpg?w=397&#038;h=269&#038;ssl=1\" srcset=\"https:\/\/i0.wp.com\/eltrabajo.cl\/portal\/wp-content\/uploads\/2014\/09\/Katherine-Gallardo.jpg?w=529&amp;ssl=1 529w, https:\/\/i0.wp.com\/eltrabajo.cl\/portal\/wp-content\/uploads\/2014\/09\/Katherine-Gallardo.jpg?resize=200%2C135&amp;ssl=1 200w, https:\/\/i0.wp.com\/eltrabajo.cl\/portal\/wp-content\/uploads\/2014\/09\/Katherine-Gallardo.jpg?resize=300%2C203&amp;ssl=1 300w, https:\/\/i0.wp.com\/eltrabajo.cl\/portal\/wp-content\/uploads\/2014\/09\/Katherine-Gallardo.jpg?resize=150%2C101&amp;ssl=1 150w, https:\/\/i0.wp.com\/eltrabajo.cl\/portal\/wp-content\/uploads\/2014\/09\/Katherine-Gallardo.jpg?resize=400%2C270&amp;ssl=1 400w\" width=\"397\" height=\"269\" loading=\"lazy\" data-original-width=\"397\" data-original-height=\"269\" itemprop=\"http:\/\/schema.org\/image\" title=\"Katherine Gallardo\" alt=\"Miss Simpat\u00eda 2014, la Srta. Katherine Gallardo.\" style=\"width: 397px; height: 269px;\" \/> <\/a> <div class=\"tiled-gallery-caption\" itemprop=\"caption description\"> Miss Simpat\u00eda 2014, la Srta. Katherine Gallardo. <\/div> <\/div> <\/div> <!-- close group --> <div class=\"gallery-group images-1\" style=\"width: 239px; height: 273px;\" data-original-width=\"239\" data-original-height=\"273\" > <div class=\"tiled-gallery-item tiled-gallery-item-small\" itemprop=\"associatedMedia\" itemscope itemtype=\"http:\/\/schema.org\/ImageObject\"> <a href=\"https:\/\/eltrabajo.cl\/portal\/anuncian-casting-para-miss-aconcagua-y-miss-teenager-2015\/jose-alfaro-2\/\" border=\"0\" itemprop=\"url\"> <meta itemprop=\"width\" content=\"235\"> <meta itemprop=\"height\" content=\"269\"> <img decoding=\"async\" class=\"\" data-attachment-id=\"51173\" data-orig-file=\"https:\/\/eltrabajo.cl\/portal\/wp-content\/uploads\/2014\/09\/Jose-Alfaro.jpg\" data-orig-size=\"529,604\" data-comments-opened=\"1\" data-image-meta=\"{&quot;aperture&quot;:&quot;0&quot;,&quot;credit&quot;:&quot;&quot;,&quot;camera&quot;:&quot;&quot;,&quot;caption&quot;:&quot;&quot;,&quot;created_timestamp&quot;:&quot;0&quot;,&quot;copyright&quot;:&quot;&quot;,&quot;focal_length&quot;:&quot;0&quot;,&quot;iso&quot;:&quot;0&quot;,&quot;shutter_speed&quot;:&quot;0&quot;,&quot;title&quot;:&quot;&quot;}\" data-image-title=\"Jose Alfaro\" data-image-description=\"&lt;p&gt;Jos\u00e9 Robinson Alfaro, presidente de los cert\u00e1menes.&lt;\/p&gt; \" data-medium-file=\"https:\/\/i0.wp.com\/eltrabajo.cl\/portal\/wp-content\/uploads\/2014\/09\/Jose-Alfaro.jpg?fit=262%2C300&#038;ssl=1\" data-large-file=\"https:\/\/i0.wp.com\/eltrabajo.cl\/portal\/wp-content\/uploads\/2014\/09\/Jose-Alfaro.jpg?fit=529%2C604&#038;ssl=1\" src=\"https:\/\/i0.wp.com\/eltrabajo.cl\/portal\/wp-content\/uploads\/2014\/09\/Jose-Alfaro.jpg?w=235&#038;h=269&#038;ssl=1\" srcset=\"https:\/\/i0.wp.com\/eltrabajo.cl\/portal\/wp-content\/uploads\/2014\/09\/Jose-Alfaro.jpg?w=529&amp;ssl=1 529w, https:\/\/i0.wp.com\/eltrabajo.cl\/portal\/wp-content\/uploads\/2014\/09\/Jose-Alfaro.jpg?resize=131%2C150&amp;ssl=1 131w, https:\/\/i0.wp.com\/eltrabajo.cl\/portal\/wp-content\/uploads\/2014\/09\/Jose-Alfaro.jpg?resize=262%2C300&amp;ssl=1 262w, https:\/\/i0.wp.com\/eltrabajo.cl\/portal\/wp-content\/uploads\/2014\/09\/Jose-Alfaro.jpg?resize=400%2C456&amp;ssl=1 400w\" width=\"235\" height=\"269\" loading=\"lazy\" data-original-width=\"235\" data-original-height=\"269\" itemprop=\"http:\/\/schema.org\/image\" title=\"Jose Alfaro\" alt=\"Jos\u00e9 Robinson Alfaro, presidente de los cert\u00e1menes.\" style=\"width: 235px; height: 269px;\" \/> <\/a> <div class=\"tiled-gallery-caption\" itemprop=\"caption description\"> Jos\u00e9 Robinson Alfaro, presidente de los cert\u00e1menes. <\/div> <\/div> <\/div> <!-- close group --> <\/div> <!-- close row --> <\/div>\n","protected":false},"excerpt":{"rendered":"<p>Para el pr\u00f3ximo s\u00e1bado 18 de octubre a partir de las 10:00 horas en dependencias de la Municipalidad de San Felipe, qued\u00f3 fijada la primera convocatoria para participar en el Miss Teenager&#8230;<\/p>\n","protected":false},"author":482,"featured_media":51172,"comment_status":"open","ping_status":"closed","sticky":false,"template":"","format":"standard","meta":{"advanced_seo_description":"","jetpack_seo_html_title":"","jetpack_seo_noindex":false,"_jetpack_memberships_contains_paid_content":false,"footnotes":""},"categories":[15],"tags":[],"class_list":["post-51171","post","type-post","status-publish","format-standard","has-post-thumbnail","hentry","category-comunidad"],"jetpack_featured_media_url":"https:\/\/i0.wp.com\/eltrabajo.cl\/portal\/wp-content\/uploads\/2014\/09\/Ellas1.jpg?fit=529%2C509&ssl=1","jetpack_sharing_enabled":true,"jetpack_likes_enabled":true,"jetpack-related-posts":[],"_links":{"self":[{"href":"https:\/\/eltrabajo.cl\/portal\/wp-json\/wp\/v2\/posts\/51171","targetHints":{"allow":["GET"]}}],"collection":[{"href":"https:\/\/eltrabajo.cl\/portal\/wp-json\/wp\/v2\/posts"}],"about":[{"href":"https:\/\/eltrabajo.cl\/portal\/wp-json\/wp\/v2\/types\/post"}],"author":[{"embeddable":true,"href":"https:\/\/eltrabajo.cl\/portal\/wp-json\/wp\/v2\/users\/482"}],"replies":[{"embeddable":true,"href":"https:\/\/eltrabajo.cl\/portal\/wp-json\/wp\/v2\/comments?post=51171"}],"version-history":[{"count":0,"href":"https:\/\/eltrabajo.cl\/portal\/wp-json\/wp\/v2\/posts\/51171\/revisions"}],"wp:featuredmedia":[{"embeddable":true,"href":"https:\/\/eltrabajo.cl\/portal\/wp-json\/wp\/v2\/media\/51172"}],"wp:attachment":[{"href":"https:\/\/eltrabajo.cl\/portal\/wp-json\/wp\/v2\/media?parent=51171"}],"wp:term":[{"taxonomy":"category","embeddable":true,"href":"https:\/\/eltrabajo.cl\/portal\/wp-json\/wp\/v2\/categories?post=51171"},{"taxonomy":"post_tag","embeddable":true,"href":"https:\/\/eltrabajo.cl\/portal\/wp-json\/wp\/v2\/tags?post=51171"}],"curies":[{"name":"wp","href":"https:\/\/api.w.org\/{rel}","templated":true}]}}