{"id":51177,"date":"2014-09-15T09:46:24","date_gmt":"2014-09-15T12:46:24","guid":{"rendered":"http:\/\/www.eltrabajo.cl\/portal\/?p=51177"},"modified":"2014-09-15T09:46:24","modified_gmt":"2014-09-15T12:46:24","slug":"muere-en-choque-frontal-de-bicicleta-con-camioneta-en-miraflores","status":"publish","type":"post","link":"https:\/\/eltrabajo.cl\/portal\/muere-en-choque-frontal-de-bicicleta-con-camioneta-en-miraflores\/","title":{"rendered":"Muere en choque frontal de bicicleta con camioneta en Miraflores"},"content":{"rendered":"<figure id=\"attachment_51178\" aria-describedby=\"caption-attachment-51178\" style=\"width: 222px\" class=\"wp-caption alignleft\"><a href=\"https:\/\/i0.wp.com\/www.eltrabajo.cl\/portal\/wp-content\/uploads\/2014\/09\/juan-ward.jpg\"><img data-recalc-dims=\"1\" loading=\"lazy\" decoding=\"async\" class=\" wp-image-51178   \" alt=\"Juan Ward Riccard (75 a\u00f1os) era muy conocido por su desempe\u00f1o como portero del Liceo Mixto de San Felipe.\" src=\"https:\/\/i0.wp.com\/www.eltrabajo.cl\/portal\/wp-content\/uploads\/2014\/09\/juan-ward.jpg?resize=222%2C253\" width=\"222\" height=\"253\" srcset=\"https:\/\/i0.wp.com\/eltrabajo.cl\/portal\/wp-content\/uploads\/2014\/09\/juan-ward.jpg?w=529&amp;ssl=1 529w, https:\/\/i0.wp.com\/eltrabajo.cl\/portal\/wp-content\/uploads\/2014\/09\/juan-ward.jpg?resize=131%2C150&amp;ssl=1 131w, https:\/\/i0.wp.com\/eltrabajo.cl\/portal\/wp-content\/uploads\/2014\/09\/juan-ward.jpg?resize=263%2C300&amp;ssl=1 263w, https:\/\/i0.wp.com\/eltrabajo.cl\/portal\/wp-content\/uploads\/2014\/09\/juan-ward.jpg?resize=400%2C455&amp;ssl=1 400w\" sizes=\"auto, (max-width: 222px) 100vw, 222px\" \/><\/a><figcaption id=\"caption-attachment-51178\" class=\"wp-caption-text\">Juan Ward Riccard (75 a\u00f1os) era muy conocido por su desempe\u00f1o como portero del Liceo Mixto de San Felipe.<\/figcaption><\/figure>\n<p>V\u00edctima de un traumatismo enc\u00e9falo craneano y politraumatismos de car\u00e1cter grave falleci\u00f3 el Auxiliar del Liceo Mixto de San Felipe, identificado como Juan Hamilton Ward Riccard, de 75 a\u00f1os de edad, a consecuencia de una colisi\u00f3n por alcance tras ser embestido por el conductor de una camioneta que se desplazaba por Avenida Miraflores, frente a la entrada al Aer\u00f3dromo V\u00edctor Laf\u00f3n de San Felipe.<\/p>\n<p><strong>\u00a0SIN REFLECTANTES<\/strong><\/p>\n<p>El fatal accidente se produjo a eso de las 22:15 horas del pasado viernes, cuando el conductor del furg\u00f3n utilitario marca Peugeot, modelo Partner de color blanco, placa patente WY 78-73, identificado con las iniciales R.D.J.T. de 50 a\u00f1os de edad, se desplazaba por una de las pistas de Avenida Miraflores hacia el poniente. De acuerdo a su declaraci\u00f3n a Carabineros y testigos presenciales, sorpresivamente habr\u00eda aparecido el ciclista, quien vendr\u00eda conduciendo contra el tr\u00e1nsito sin ning\u00fan tipo de reflectantes, por lo que impact\u00f3 violentamente al otro conductor, quien sali\u00f3 eyectado de su bicicleta.<\/p>\n<p>Hasta el lugar concurri\u00f3 personal del Samu debiendo trasladar a Juan Ward con riesgo vital hasta el Servicio de Urgencias del Hospital San Camilo, a metros del lugar de los hechos, siendo intervenido por los m\u00e9dicos de turno. Sin embargo y pese a todos los esfuerzos de los profesionales, la v\u00edctima no resisti\u00f3 las mortales lesiones y dej\u00f3 de existir alrededor de las 02:40 horas del s\u00e1bado pasado.<\/p>\n<figure id=\"attachment_51179\" aria-describedby=\"caption-attachment-51179\" style=\"width: 370px\" class=\"wp-caption alignright\"><a href=\"https:\/\/i0.wp.com\/www.eltrabajo.cl\/portal\/wp-content\/uploads\/2014\/09\/Sitio-del-Suceso-.jpg\"><img data-recalc-dims=\"1\" loading=\"lazy\" decoding=\"async\" class=\" wp-image-51179 \" alt=\"El furg\u00f3n utilitario Peugeot de color blanco fue periciado por el personal de la Siat de Carabineros, para establecer con exactitud la colisi\u00f3n con resultado de muerte en Calle Miraflores de San Felipe.\" src=\"https:\/\/i0.wp.com\/www.eltrabajo.cl\/portal\/wp-content\/uploads\/2014\/09\/Sitio-del-Suceso-.jpg?resize=370%2C268\" width=\"370\" height=\"268\" srcset=\"https:\/\/i0.wp.com\/eltrabajo.cl\/portal\/wp-content\/uploads\/2014\/09\/Sitio-del-Suceso-.jpg?w=528&amp;ssl=1 528w, https:\/\/i0.wp.com\/eltrabajo.cl\/portal\/wp-content\/uploads\/2014\/09\/Sitio-del-Suceso-.jpg?resize=200%2C145&amp;ssl=1 200w, https:\/\/i0.wp.com\/eltrabajo.cl\/portal\/wp-content\/uploads\/2014\/09\/Sitio-del-Suceso-.jpg?resize=300%2C217&amp;ssl=1 300w, https:\/\/i0.wp.com\/eltrabajo.cl\/portal\/wp-content\/uploads\/2014\/09\/Sitio-del-Suceso-.jpg?resize=150%2C108&amp;ssl=1 150w, https:\/\/i0.wp.com\/eltrabajo.cl\/portal\/wp-content\/uploads\/2014\/09\/Sitio-del-Suceso-.jpg?resize=400%2C290&amp;ssl=1 400w\" sizes=\"auto, (max-width: 370px) 100vw, 370px\" \/><\/a><figcaption id=\"caption-attachment-51179\" class=\"wp-caption-text\">El furg\u00f3n utilitario Peugeot de color blanco fue periciado por el personal de la Siat de Carabineros, para establecer con exactitud la colisi\u00f3n con resultado de muerte en Calle Miraflores de San Felipe.<\/figcaption><\/figure>\n<p>Los primeros peritajes al sitio del suceso estuvieron a cargo de los efectivos de la Secci\u00f3n Investigadora de Accidentes de Tr\u00e1nsito (Siat) de Carabineros, para indagar las verdaderas causas de la colisi\u00f3n con resultado de muerte, as\u00ed lo inform\u00f3 a Diario El Trabajo el Subcomisario de la Siat, Capit\u00e1n Francisco Carre\u00f1o.<\/p>\n<p><strong>DUDOSA VERSI\u00d3N<\/strong><\/p>\n<p>\u00abEl conductor del furg\u00f3n manifest\u00f3 que el ciclista lo hac\u00eda en contra del tr\u00e1nsito, es decir enfrent\u00e1ndolo a \u00e9l en direcci\u00f3n poniente; fue una colisi\u00f3n y las causas del accidente lo estamos analizando, porque en definitiva falta hacer el peritaje mec\u00e1nico de la camioneta como la bicicleta a trav\u00e9s de nuestro peritos. Hay dudas con respecto a la declaraci\u00f3n del conductor, pero hay que ratificar de acuerdo al peritaje mec\u00e1nico; tambi\u00e9n esperar la alcoholemia tanto del conductor como de la v\u00edctima\u00bb, puntualiz\u00f3 el Capit\u00e1n Carre\u00f1o.<\/p>\n<p>En tanto, el conductor del veh\u00edculo R.D.J.T., luego de ser detenido por los efectivos policiales, fue derivado en horas de la ma\u00f1ana del s\u00e1bado hasta el Juzgado de Garant\u00eda de San Felipe para ser formalizado por Cuasidelito de homicidio por el Fiscal Eduardo Fajardo, representante del Ministerio P\u00fablico, fijando como \u00fanica cautelar la Prohibici\u00f3n de salir del pa\u00eds hasta cumplir el plazo de la investigaci\u00f3n del caso.<\/p>\n<p>Juan Ward Riccard era un hombre muy conocido, querido por los profesores y alumnos del Liceo Mixto, adem\u00e1s por sus vecinos de Avenida Diego de Almagro, dado su desempe\u00f1o como portero por cerca de ocho a\u00f1o en ese establecimiento, por lo cual utilizaba su bicicleta de color negro como medio de transporte y por la ingratitud del destino al salir de sus labores habituales, perdi\u00f3 la vida en un fatal accidente.<\/p>\n<p>Sus familiares directos, amigos y quienes lo conocieron, le brindaron el \u00faltimo adi\u00f3s en la Iglesia La Merced de San Felipe para trasladar sus exequias ayer domingo al Cementerio Parque El Almendral La Troya.<\/p>\n<p>Pablo Salinas Sald\u00edas<\/p>\n","protected":false},"excerpt":{"rendered":"<p>V\u00edctima de un traumatismo enc\u00e9falo craneano y politraumatismos de car\u00e1cter grave falleci\u00f3 el Auxiliar del Liceo Mixto de San Felipe, identificado como Juan Hamilton Ward Riccard, de 75 a\u00f1os de edad, a&#8230;<\/p>\n","protected":false},"author":482,"featured_media":51178,"comment_status":"open","ping_status":"closed","sticky":false,"template":"","format":"standard","meta":{"advanced_seo_description":"","jetpack_seo_html_title":"","jetpack_seo_noindex":false,"_jetpack_memberships_contains_paid_content":false,"footnotes":""},"categories":[21],"tags":[],"class_list":["post-51177","post","type-post","status-publish","format-standard","has-post-thumbnail","hentry","category-policial"],"jetpack_featured_media_url":"https:\/\/i0.wp.com\/eltrabajo.cl\/portal\/wp-content\/uploads\/2014\/09\/juan-ward.jpg?fit=529%2C603&ssl=1","jetpack_sharing_enabled":true,"jetpack_likes_enabled":true,"jetpack-related-posts":[],"_links":{"self":[{"href":"https:\/\/eltrabajo.cl\/portal\/wp-json\/wp\/v2\/posts\/51177","targetHints":{"allow":["GET"]}}],"collection":[{"href":"https:\/\/eltrabajo.cl\/portal\/wp-json\/wp\/v2\/posts"}],"about":[{"href":"https:\/\/eltrabajo.cl\/portal\/wp-json\/wp\/v2\/types\/post"}],"author":[{"embeddable":true,"href":"https:\/\/eltrabajo.cl\/portal\/wp-json\/wp\/v2\/users\/482"}],"replies":[{"embeddable":true,"href":"https:\/\/eltrabajo.cl\/portal\/wp-json\/wp\/v2\/comments?post=51177"}],"version-history":[{"count":0,"href":"https:\/\/eltrabajo.cl\/portal\/wp-json\/wp\/v2\/posts\/51177\/revisions"}],"wp:featuredmedia":[{"embeddable":true,"href":"https:\/\/eltrabajo.cl\/portal\/wp-json\/wp\/v2\/media\/51178"}],"wp:attachment":[{"href":"https:\/\/eltrabajo.cl\/portal\/wp-json\/wp\/v2\/media?parent=51177"}],"wp:term":[{"taxonomy":"category","embeddable":true,"href":"https:\/\/eltrabajo.cl\/portal\/wp-json\/wp\/v2\/categories?post=51177"},{"taxonomy":"post_tag","embeddable":true,"href":"https:\/\/eltrabajo.cl\/portal\/wp-json\/wp\/v2\/tags?post=51177"}],"curies":[{"name":"wp","href":"https:\/\/api.w.org\/{rel}","templated":true}]}}