{"id":51194,"date":"2014-09-16T09:29:58","date_gmt":"2014-09-16T12:29:58","guid":{"rendered":"http:\/\/www.eltrabajo.cl\/portal\/?p=51194"},"modified":"2014-09-16T09:29:58","modified_gmt":"2014-09-16T12:29:58","slug":"con-musica-y-juegos-tradicionales-continua-fiesta-de-la-chilenidad","status":"publish","type":"post","link":"https:\/\/eltrabajo.cl\/portal\/con-musica-y-juegos-tradicionales-continua-fiesta-de-la-chilenidad\/","title":{"rendered":"Con m\u00fasica y juegos tradicionales contin\u00faa Fiesta de la Chilenidad"},"content":{"rendered":"<figure id=\"attachment_51195\" aria-describedby=\"caption-attachment-51195\" style=\"width: 529px\" class=\"wp-caption alignnone\"><a href=\"https:\/\/i0.wp.com\/www.eltrabajo.cl\/portal\/wp-content\/uploads\/2014\/09\/Grupal12.jpg\"><img data-recalc-dims=\"1\" loading=\"lazy\" decoding=\"async\" class=\"size-full wp-image-51195\" alt=\"Viva Chile viva mi tierra San Felipe 2014 se instala en el calendario de actividades que realizar\u00e1 el municipio sanfelipe\u00f1o y la idea es convertirla, junto a la Fiesta de la Vendimia, en un atractivo tur\u00edstico.\" src=\"https:\/\/i0.wp.com\/www.eltrabajo.cl\/portal\/wp-content\/uploads\/2014\/09\/Grupal12.jpg?resize=529%2C359\" width=\"529\" height=\"359\" srcset=\"https:\/\/i0.wp.com\/eltrabajo.cl\/portal\/wp-content\/uploads\/2014\/09\/Grupal12.jpg?w=529&amp;ssl=1 529w, https:\/\/i0.wp.com\/eltrabajo.cl\/portal\/wp-content\/uploads\/2014\/09\/Grupal12.jpg?resize=200%2C135&amp;ssl=1 200w, https:\/\/i0.wp.com\/eltrabajo.cl\/portal\/wp-content\/uploads\/2014\/09\/Grupal12.jpg?resize=300%2C203&amp;ssl=1 300w, https:\/\/i0.wp.com\/eltrabajo.cl\/portal\/wp-content\/uploads\/2014\/09\/Grupal12.jpg?resize=150%2C101&amp;ssl=1 150w, https:\/\/i0.wp.com\/eltrabajo.cl\/portal\/wp-content\/uploads\/2014\/09\/Grupal12.jpg?resize=400%2C271&amp;ssl=1 400w\" sizes=\"auto, (max-width: 529px) 100vw, 529px\" \/><\/a><figcaption id=\"caption-attachment-51195\" class=\"wp-caption-text\">Viva Chile viva mi tierra San Felipe 2014 se instala en el calendario de actividades que realizar\u00e1 el municipio sanfelipe\u00f1o y la idea es convertirla, junto a la Fiesta de la Vendimia, en un atractivo tur\u00edstico.<\/figcaption><\/figure>\n<p>Viva Chile viva mi tierra San Felipe 2014 se instala en el calendario de actividades que realizar\u00e1 el municipio sanfelipe\u00f1o y la idea es convertirla, junto a la Fiesta de la Vendimia, en un atractivo tur\u00edstico. Con la visita de los ni\u00f1os y vecinos de toda la comuna, continu\u00f3 este lunes 15 de septiembre la fiesta de la Viva Chile viva mi tierra San Felipe 2014, que la municipalidad desarroll\u00f3 desde el domingo en el sector de El Almendral.<\/p>\n<p>Con un marco de p\u00fablico que super\u00f3 las 5.000 personas en la primera jornada, la fiesta fue un panorama de fin de semana imperdible para los vecinos de todo el Valle de Aconcagua, y de otras comunas de la quinta regi\u00f3n y este lunes desde temprano la actividad recibi\u00f3 la visita de los ni\u00f1os del sector, quienes disfrutaron de juegos t\u00edpicos como el trompo y el ensacado, por lo que la evaluaci\u00f3n que realiza el coordinador de Cultura del municipio sanfelipe\u00f1o, Ricardo Ruiz, es sumamente positiva.<\/p>\n<p>\u201cEl domingo nos acompa\u00f1\u00f3 mucha gente y se cumpli\u00f3 el objetivo de entregar a la familia sanfelipe\u00f1a y aconcag\u00fcina de poder pasar un buen momento con espect\u00e1culos art\u00edsticos y con la gran cantidad de puestos que hay, donde ellos pudieron adquirir productos que van a necesitar para celebrar el 18, as\u00ed que el balance es positivo. El domingo tuvimos gente todo el d\u00eda circulando, desde la ma\u00f1ana hasta la noche y creemos que en total circularon m\u00e1s de 5.000 personas, el pick fue a eso de las 18:00 horas con los \u00faltimos espect\u00e1culos art\u00edsticos que tuvimos, por lo que el balance es sumamente positivo\u201d.<\/p>\n<p>Esta es la primera versi\u00f3n de la Fiesta de la Chilenidad y el objetivo del Alcalde Patricio Freire es mantener este tipo de actividades como parte del calendario de actividades anuales que realiza la Municipalidad de San Felipe, a trav\u00e9s de los departamentos de Turismo y Cultura.<\/p>\n<p>\u201cEsto es lo que nos pidi\u00f3 nuestro Alcalde Patricio Freire, que vayamos recuperando nuestros espacios p\u00fablicos y pensando en actividades abiertas a toda la comunidad, as\u00ed que en base a eso tenemos preparadas varias actividades m\u00e1s, hay que recordar que la fiesta de la Vendimia se realiz\u00f3 en este mismo lugar y fue un \u00e9xito, por lo que El Almendral tiene mucho valor tur\u00edstico y por lo mismo realizamos estas actividades ac\u00e1\u201d, dijo Ruiz.<\/p>\n<p>\u201cEsta es una petici\u00f3n del Alcalde Patricio Freire, recuperar nuestras ra\u00edces, entonces esto se establece como una actividad fija para los pr\u00f3ximos a\u00f1os, la Fiesta de la Vendimia y la Fiesta Chilena las vamos a mantener y ser\u00e1n un atractivo tur\u00edstico de nuestra comuna\u201d, dijo Odette Illanes, coordinadora de Turismo del municipio.<\/p>\n<div class=\"tiled-gallery type-rectangular tiled-gallery-unresized\" data-original-width=\"640\" data-carousel-extra='null' itemscope itemtype=\"http:\/\/schema.org\/ImageGallery\" > <div class=\"gallery-row\" style=\"width: 640px; height: 294px;\" data-original-width=\"640\" data-original-height=\"294\" > <div class=\"gallery-group images-1\" style=\"width: 430px; height: 294px;\" data-original-width=\"430\" data-original-height=\"294\" > <div class=\"tiled-gallery-item tiled-gallery-item-large\" itemprop=\"associatedMedia\" itemscope itemtype=\"http:\/\/schema.org\/ImageObject\"> <a href=\"https:\/\/eltrabajo.cl\/portal\/con-musica-y-juegos-tradicionales-continua-fiesta-de-la-chilenidad\/cueca1-10\/\" border=\"0\" itemprop=\"url\"> <meta itemprop=\"width\" content=\"426\"> <meta itemprop=\"height\" content=\"290\"> <img decoding=\"async\" class=\"\" data-attachment-id=\"51197\" data-orig-file=\"https:\/\/eltrabajo.cl\/portal\/wp-content\/uploads\/2014\/09\/Cueca1.jpg\" data-orig-size=\"528,360\" data-comments-opened=\"1\" data-image-meta=\"{&quot;aperture&quot;:&quot;0&quot;,&quot;credit&quot;:&quot;&quot;,&quot;camera&quot;:&quot;&quot;,&quot;caption&quot;:&quot;&quot;,&quot;created_timestamp&quot;:&quot;0&quot;,&quot;copyright&quot;:&quot;&quot;,&quot;focal_length&quot;:&quot;0&quot;,&quot;iso&quot;:&quot;0&quot;,&quot;shutter_speed&quot;:&quot;0&quot;,&quot;title&quot;:&quot;&quot;}\" data-image-title=\"Cueca1\" data-image-description=\"&lt;p&gt;Nuestro Baile Nacional no pudo ser ignorado por los artistas que se dieron cita a la primera versi\u00f3n de Viva Chile viva mi tierra San Felipe 2014.&lt;\/p&gt; \" data-medium-file=\"https:\/\/i0.wp.com\/eltrabajo.cl\/portal\/wp-content\/uploads\/2014\/09\/Cueca1.jpg?fit=300%2C204&#038;ssl=1\" data-large-file=\"https:\/\/i0.wp.com\/eltrabajo.cl\/portal\/wp-content\/uploads\/2014\/09\/Cueca1.jpg?fit=528%2C360&#038;ssl=1\" src=\"https:\/\/i0.wp.com\/eltrabajo.cl\/portal\/wp-content\/uploads\/2014\/09\/Cueca1.jpg?w=426&#038;h=290&#038;ssl=1\" srcset=\"https:\/\/i0.wp.com\/eltrabajo.cl\/portal\/wp-content\/uploads\/2014\/09\/Cueca1.jpg?w=528&amp;ssl=1 528w, https:\/\/i0.wp.com\/eltrabajo.cl\/portal\/wp-content\/uploads\/2014\/09\/Cueca1.jpg?resize=200%2C136&amp;ssl=1 200w, https:\/\/i0.wp.com\/eltrabajo.cl\/portal\/wp-content\/uploads\/2014\/09\/Cueca1.jpg?resize=300%2C204&amp;ssl=1 300w, https:\/\/i0.wp.com\/eltrabajo.cl\/portal\/wp-content\/uploads\/2014\/09\/Cueca1.jpg?resize=150%2C102&amp;ssl=1 150w, https:\/\/i0.wp.com\/eltrabajo.cl\/portal\/wp-content\/uploads\/2014\/09\/Cueca1.jpg?resize=400%2C272&amp;ssl=1 400w\" width=\"426\" height=\"290\" loading=\"lazy\" data-original-width=\"426\" data-original-height=\"290\" itemprop=\"http:\/\/schema.org\/image\" title=\"Cueca1\" alt=\"Nuestro Baile Nacional no pudo ser ignorado por los artistas que se dieron cita a la primera versi\u00f3n de Viva Chile viva mi tierra San Felipe 2014.\" style=\"width: 426px; height: 290px;\" \/> <\/a> <div class=\"tiled-gallery-caption\" itemprop=\"caption description\"> Nuestro Baile Nacional no pudo ser ignorado por los artistas que se dieron cita a la primera versi\u00f3n de Viva Chile viva mi tierra San Felipe 2014. <\/div> <\/div> <\/div> <!-- close group --> <div class=\"gallery-group images-2\" style=\"width: 210px; height: 294px;\" data-original-width=\"210\" data-original-height=\"294\" > <div class=\"tiled-gallery-item tiled-gallery-item-small\" itemprop=\"associatedMedia\" itemscope itemtype=\"http:\/\/schema.org\/ImageObject\"> <a href=\"https:\/\/eltrabajo.cl\/portal\/con-musica-y-juegos-tradicionales-continua-fiesta-de-la-chilenidad\/sacos1-3\/\" border=\"0\" itemprop=\"url\"> <meta itemprop=\"width\" content=\"206\"> <meta itemprop=\"height\" content=\"142\"> <img decoding=\"async\" class=\"\" data-attachment-id=\"51198\" data-orig-file=\"https:\/\/eltrabajo.cl\/portal\/wp-content\/uploads\/2014\/09\/Sacos1.jpg\" data-orig-size=\"528,363\" data-comments-opened=\"1\" data-image-meta=\"{&quot;aperture&quot;:&quot;0&quot;,&quot;credit&quot;:&quot;&quot;,&quot;camera&quot;:&quot;&quot;,&quot;caption&quot;:&quot;&quot;,&quot;created_timestamp&quot;:&quot;0&quot;,&quot;copyright&quot;:&quot;&quot;,&quot;focal_length&quot;:&quot;0&quot;,&quot;iso&quot;:&quot;0&quot;,&quot;shutter_speed&quot;:&quot;0&quot;,&quot;title&quot;:&quot;&quot;}\" data-image-title=\"Sacos1\" data-image-description=\"&lt;p&gt;Las carreras de sacos no pudieron faltar en esta jornada costumbrista en El Almendral.&lt;\/p&gt; \" data-medium-file=\"https:\/\/i0.wp.com\/eltrabajo.cl\/portal\/wp-content\/uploads\/2014\/09\/Sacos1.jpg?fit=300%2C206&#038;ssl=1\" data-large-file=\"https:\/\/i0.wp.com\/eltrabajo.cl\/portal\/wp-content\/uploads\/2014\/09\/Sacos1.jpg?fit=528%2C363&#038;ssl=1\" src=\"https:\/\/i0.wp.com\/eltrabajo.cl\/portal\/wp-content\/uploads\/2014\/09\/Sacos1.jpg?w=206&#038;h=142&#038;ssl=1\" srcset=\"https:\/\/i0.wp.com\/eltrabajo.cl\/portal\/wp-content\/uploads\/2014\/09\/Sacos1.jpg?w=528&amp;ssl=1 528w, https:\/\/i0.wp.com\/eltrabajo.cl\/portal\/wp-content\/uploads\/2014\/09\/Sacos1.jpg?resize=200%2C137&amp;ssl=1 200w, https:\/\/i0.wp.com\/eltrabajo.cl\/portal\/wp-content\/uploads\/2014\/09\/Sacos1.jpg?resize=300%2C206&amp;ssl=1 300w, https:\/\/i0.wp.com\/eltrabajo.cl\/portal\/wp-content\/uploads\/2014\/09\/Sacos1.jpg?resize=150%2C103&amp;ssl=1 150w, https:\/\/i0.wp.com\/eltrabajo.cl\/portal\/wp-content\/uploads\/2014\/09\/Sacos1.jpg?resize=400%2C275&amp;ssl=1 400w\" width=\"206\" height=\"142\" loading=\"lazy\" data-original-width=\"206\" data-original-height=\"142\" itemprop=\"http:\/\/schema.org\/image\" title=\"Sacos1\" alt=\"Las carreras de sacos no pudieron faltar en esta jornada costumbrista en El Almendral.\" style=\"width: 206px; height: 142px;\" \/> <\/a> <div class=\"tiled-gallery-caption\" itemprop=\"caption description\"> Las carreras de sacos no pudieron faltar en esta jornada costumbrista en El Almendral. <\/div> <\/div> <div class=\"tiled-gallery-item tiled-gallery-item-small\" itemprop=\"associatedMedia\" itemscope itemtype=\"http:\/\/schema.org\/ImageObject\"> <a href=\"https:\/\/eltrabajo.cl\/portal\/con-musica-y-juegos-tradicionales-continua-fiesta-de-la-chilenidad\/trompos1\/\" border=\"0\" itemprop=\"url\"> <meta itemprop=\"width\" content=\"206\"> <meta itemprop=\"height\" content=\"144\"> <img decoding=\"async\" class=\"\" data-attachment-id=\"51199\" data-orig-file=\"https:\/\/eltrabajo.cl\/portal\/wp-content\/uploads\/2014\/09\/Trompos1.jpg\" data-orig-size=\"529,370\" data-comments-opened=\"1\" data-image-meta=\"{&quot;aperture&quot;:&quot;0&quot;,&quot;credit&quot;:&quot;&quot;,&quot;camera&quot;:&quot;&quot;,&quot;caption&quot;:&quot;&quot;,&quot;created_timestamp&quot;:&quot;0&quot;,&quot;copyright&quot;:&quot;&quot;,&quot;focal_length&quot;:&quot;0&quot;,&quot;iso&quot;:&quot;0&quot;,&quot;shutter_speed&quot;:&quot;0&quot;,&quot;title&quot;:&quot;&quot;}\" data-image-title=\"Trompos1\" data-image-description=\"&lt;p&gt;Los m\u00e1s audaces se liaron con los trompos a todo terreno, mostrando cada uno de ellos sus mejores talentos.&lt;\/p&gt; \" data-medium-file=\"https:\/\/i0.wp.com\/eltrabajo.cl\/portal\/wp-content\/uploads\/2014\/09\/Trompos1.jpg?fit=300%2C209&#038;ssl=1\" data-large-file=\"https:\/\/i0.wp.com\/eltrabajo.cl\/portal\/wp-content\/uploads\/2014\/09\/Trompos1.jpg?fit=529%2C370&#038;ssl=1\" src=\"https:\/\/i0.wp.com\/eltrabajo.cl\/portal\/wp-content\/uploads\/2014\/09\/Trompos1.jpg?w=206&#038;h=144&#038;ssl=1\" srcset=\"https:\/\/i0.wp.com\/eltrabajo.cl\/portal\/wp-content\/uploads\/2014\/09\/Trompos1.jpg?w=529&amp;ssl=1 529w, https:\/\/i0.wp.com\/eltrabajo.cl\/portal\/wp-content\/uploads\/2014\/09\/Trompos1.jpg?resize=200%2C139&amp;ssl=1 200w, https:\/\/i0.wp.com\/eltrabajo.cl\/portal\/wp-content\/uploads\/2014\/09\/Trompos1.jpg?resize=300%2C209&amp;ssl=1 300w, https:\/\/i0.wp.com\/eltrabajo.cl\/portal\/wp-content\/uploads\/2014\/09\/Trompos1.jpg?resize=150%2C104&amp;ssl=1 150w, https:\/\/i0.wp.com\/eltrabajo.cl\/portal\/wp-content\/uploads\/2014\/09\/Trompos1.jpg?resize=400%2C279&amp;ssl=1 400w\" width=\"206\" height=\"144\" loading=\"lazy\" data-original-width=\"206\" data-original-height=\"144\" itemprop=\"http:\/\/schema.org\/image\" title=\"Trompos1\" alt=\"Los m\u00e1s audaces se liaron con los trompos a todo terreno, mostrando cada uno de ellos sus mejores talentos.\" style=\"width: 206px; height: 144px;\" \/> <\/a> <div class=\"tiled-gallery-caption\" itemprop=\"caption description\"> Los m\u00e1s audaces se liaron con los trompos a todo terreno, mostrando cada uno de ellos sus mejores talentos. <\/div> <\/div> <\/div> <!-- close group --> <\/div> <!-- close row --> <\/div>\n","protected":false},"excerpt":{"rendered":"<p>Viva Chile viva mi tierra San Felipe 2014 se instala en el calendario de actividades que realizar\u00e1 el municipio sanfelipe\u00f1o y la idea es convertirla, junto a la Fiesta de la Vendimia,&#8230;<\/p>\n","protected":false},"author":482,"featured_media":51195,"comment_status":"open","ping_status":"closed","sticky":false,"template":"","format":"standard","meta":{"advanced_seo_description":"","jetpack_seo_html_title":"","jetpack_seo_noindex":false,"_jetpack_memberships_contains_paid_content":false,"footnotes":""},"categories":[15],"tags":[],"class_list":["post-51194","post","type-post","status-publish","format-standard","has-post-thumbnail","hentry","category-comunidad"],"jetpack_featured_media_url":"https:\/\/i0.wp.com\/eltrabajo.cl\/portal\/wp-content\/uploads\/2014\/09\/Grupal12.jpg?fit=529%2C359&ssl=1","jetpack_sharing_enabled":true,"jetpack_likes_enabled":true,"jetpack-related-posts":[],"_links":{"self":[{"href":"https:\/\/eltrabajo.cl\/portal\/wp-json\/wp\/v2\/posts\/51194","targetHints":{"allow":["GET"]}}],"collection":[{"href":"https:\/\/eltrabajo.cl\/portal\/wp-json\/wp\/v2\/posts"}],"about":[{"href":"https:\/\/eltrabajo.cl\/portal\/wp-json\/wp\/v2\/types\/post"}],"author":[{"embeddable":true,"href":"https:\/\/eltrabajo.cl\/portal\/wp-json\/wp\/v2\/users\/482"}],"replies":[{"embeddable":true,"href":"https:\/\/eltrabajo.cl\/portal\/wp-json\/wp\/v2\/comments?post=51194"}],"version-history":[{"count":0,"href":"https:\/\/eltrabajo.cl\/portal\/wp-json\/wp\/v2\/posts\/51194\/revisions"}],"wp:featuredmedia":[{"embeddable":true,"href":"https:\/\/eltrabajo.cl\/portal\/wp-json\/wp\/v2\/media\/51195"}],"wp:attachment":[{"href":"https:\/\/eltrabajo.cl\/portal\/wp-json\/wp\/v2\/media?parent=51194"}],"wp:term":[{"taxonomy":"category","embeddable":true,"href":"https:\/\/eltrabajo.cl\/portal\/wp-json\/wp\/v2\/categories?post=51194"},{"taxonomy":"post_tag","embeddable":true,"href":"https:\/\/eltrabajo.cl\/portal\/wp-json\/wp\/v2\/tags?post=51194"}],"curies":[{"name":"wp","href":"https:\/\/api.w.org\/{rel}","templated":true}]}}