{"id":51202,"date":"2014-09-16T09:32:16","date_gmt":"2014-09-16T12:32:16","guid":{"rendered":"http:\/\/www.eltrabajo.cl\/portal\/?p=51202"},"modified":"2014-09-16T09:32:16","modified_gmt":"2014-09-16T12:32:16","slug":"fundacion-integra-inaugura-sala-cuna-la-pirquita","status":"publish","type":"post","link":"https:\/\/eltrabajo.cl\/portal\/fundacion-integra-inaugura-sala-cuna-la-pirquita\/","title":{"rendered":"Fundaci\u00f3n Integra inaugura sala cuna La Pirquita"},"content":{"rendered":"<figure id=\"attachment_51203\" aria-describedby=\"caption-attachment-51203\" style=\"width: 529px\" class=\"wp-caption alignnone\"><a href=\"https:\/\/i0.wp.com\/www.eltrabajo.cl\/portal\/wp-content\/uploads\/2014\/09\/Integra1.jpg\"><img data-recalc-dims=\"1\" loading=\"lazy\" decoding=\"async\" class=\"size-full wp-image-51203\" alt=\"La ceremonia de inauguraci\u00f3n del remozado establecimiento estuvo encabezada por la Directora Regional de Fundaci\u00f3n Integra, Paola \u00c1lvarez y el Alcalde Luis Pradenas entre otras autoridades.\" src=\"https:\/\/i0.wp.com\/www.eltrabajo.cl\/portal\/wp-content\/uploads\/2014\/09\/Integra1.jpg?resize=529%2C409\" width=\"529\" height=\"409\" srcset=\"https:\/\/i0.wp.com\/eltrabajo.cl\/portal\/wp-content\/uploads\/2014\/09\/Integra1.jpg?w=529&amp;ssl=1 529w, https:\/\/i0.wp.com\/eltrabajo.cl\/portal\/wp-content\/uploads\/2014\/09\/Integra1.jpg?resize=194%2C150&amp;ssl=1 194w, https:\/\/i0.wp.com\/eltrabajo.cl\/portal\/wp-content\/uploads\/2014\/09\/Integra1.jpg?resize=300%2C231&amp;ssl=1 300w, https:\/\/i0.wp.com\/eltrabajo.cl\/portal\/wp-content\/uploads\/2014\/09\/Integra1.jpg?resize=150%2C115&amp;ssl=1 150w, https:\/\/i0.wp.com\/eltrabajo.cl\/portal\/wp-content\/uploads\/2014\/09\/Integra1.jpg?resize=400%2C309&amp;ssl=1 400w\" sizes=\"auto, (max-width: 529px) 100vw, 529px\" \/><\/a><figcaption id=\"caption-attachment-51203\" class=\"wp-caption-text\">La ceremonia de inauguraci\u00f3n del remozado establecimiento estuvo encabezada por la Directora Regional de Fundaci\u00f3n Integra, Paola \u00c1lvarez y el Alcalde Luis Pradenas entre otras autoridades.<\/figcaption><\/figure>\n<p><strong>PANQUEHUE<\/strong>.- Contar con espacios educativos de calidad que garanticen a los ni\u00f1os y ni\u00f1as de la comuna de Panquehue condiciones de bienestar y seguridad para desarrollar sus procesos de aprendizaje y desplegar todo su potencial, fue el objetivo del proyecto de mejora integral que desarroll\u00f3 Fundaci\u00f3n Integra en Sala cuna La Pirquita.<\/p>\n<figure id=\"attachment_51204\" aria-describedby=\"caption-attachment-51204\" style=\"width: 370px\" class=\"wp-caption alignright\"><a href=\"https:\/\/i0.wp.com\/www.eltrabajo.cl\/portal\/wp-content\/uploads\/2014\/09\/Integra2.jpg\"><img data-recalc-dims=\"1\" loading=\"lazy\" decoding=\"async\" class=\" wp-image-51204 \" alt=\"M\u00e1s de $78 millones invirti\u00f3 Fundaci\u00f3n Integra en proyecto de infraestructura, que beneficia a alrededor de 24 lactantes del sector La Pirca.\" src=\"https:\/\/i0.wp.com\/www.eltrabajo.cl\/portal\/wp-content\/uploads\/2014\/09\/Integra2.jpg?resize=370%2C302\" width=\"370\" height=\"302\" srcset=\"https:\/\/i0.wp.com\/eltrabajo.cl\/portal\/wp-content\/uploads\/2014\/09\/Integra2.jpg?w=529&amp;ssl=1 529w, https:\/\/i0.wp.com\/eltrabajo.cl\/portal\/wp-content\/uploads\/2014\/09\/Integra2.jpg?resize=183%2C150&amp;ssl=1 183w, https:\/\/i0.wp.com\/eltrabajo.cl\/portal\/wp-content\/uploads\/2014\/09\/Integra2.jpg?resize=300%2C244&amp;ssl=1 300w, https:\/\/i0.wp.com\/eltrabajo.cl\/portal\/wp-content\/uploads\/2014\/09\/Integra2.jpg?resize=150%2C122&amp;ssl=1 150w, https:\/\/i0.wp.com\/eltrabajo.cl\/portal\/wp-content\/uploads\/2014\/09\/Integra2.jpg?resize=400%2C326&amp;ssl=1 400w\" sizes=\"auto, (max-width: 370px) 100vw, 370px\" \/><\/a><figcaption id=\"caption-attachment-51204\" class=\"wp-caption-text\">M\u00e1s de $78 millones invirti\u00f3 Fundaci\u00f3n Integra en proyecto de infraestructura, que beneficia a alrededor de 24 lactantes del sector La Pirca.<\/figcaption><\/figure>\n<p>La ceremonia de inauguraci\u00f3n del remozado establecimiento estuvo encabezada por la Directora Regional de Fundaci\u00f3n Integra, Paola \u00c1lvarez y el Alcalde Luis Pradenas entre otras autoridades, quienes valoraron las mejores sustanciales realizadas a las cala cuna, puesto que constituyen un soporte fundamental para la educaci\u00f3n de los cerca de 24 ni\u00f1os que asisten diariamente.<\/p>\n<p>Paola \u00c1lvarez inform\u00f3 que las obras de infraestructura demandaron una inversi\u00f3n de $78.538.637 y recalc\u00f3 que \u201ccomo fundaci\u00f3n, hemos realizado importantes esfuerzos orientados a entregar mejores espacios educativos a la comunidad, con equipos profesionales y t\u00e9cnicos capacitados, que se preocupan por generar experiencias educativas de calidad, en un ambiente de bienestar\u201d.<\/p>\n<p>En tanto el Alcalde Luis Pradenas, hizo un llamado a las familias a aprovechar este espacio mejorado que tenemos para sus hijos e hijas, asistiendo diariamente al jard\u00edn e involucr\u00e1ndose en sus procesos de aprendizaje. El mejorado establecimiento ofrece un ambiente con alta intencionalidad pedag\u00f3gica que promueve la autonom\u00eda y el aprendizaje activo, con diversos programas educativos, y un s\u00f3lido v\u00ednculo con familias. Asimismo, cuenta con un programa alimentario de calidad, por lo que los ni\u00f1os matriculados acceden a una alimentaci\u00f3n completa que consiste en desayuno, almuerzo y once y que cubre el 60% de las calor\u00edas y el 100% de las prote\u00ednas que los lactantes requieren al d\u00eda.<\/p>\n<p><strong>LOS REQUISITOS<\/strong><\/p>\n<p>Las familias interesadas en matricular a sus hijos en \u2018Sala cuna La Pirquita\u2019, pueden consultar por las vacantes disponibles al tel\u00e9fono 34-2591532 o pueden dirigirse directamente al establecimiento ubicado en Calle Francisco Bulnes S\/N, sector de La Pirca, Panquehue. Para matricular a su hijo en un jard\u00edn infantil o sala cuna de Fundaci\u00f3n Integra, debe presentar la documentaci\u00f3n requerida: certificado de nacimiento del ni\u00f1o; carnet de control de salud y la Ficha de Protecci\u00f3n Social, en caso que la tenga.<\/p>\n<p>&nbsp;<\/p>\n","protected":false},"excerpt":{"rendered":"<p>PANQUEHUE.- Contar con espacios educativos de calidad que garanticen a los ni\u00f1os y ni\u00f1as de la comuna de Panquehue condiciones de bienestar y seguridad para desarrollar sus procesos de aprendizaje y desplegar&#8230;<\/p>\n","protected":false},"author":482,"featured_media":51203,"comment_status":"open","ping_status":"closed","sticky":false,"template":"","format":"standard","meta":{"advanced_seo_description":"","jetpack_seo_html_title":"","jetpack_seo_noindex":false,"_jetpack_memberships_contains_paid_content":false,"footnotes":""},"categories":[15],"tags":[],"class_list":["post-51202","post","type-post","status-publish","format-standard","has-post-thumbnail","hentry","category-comunidad"],"jetpack_featured_media_url":"https:\/\/i0.wp.com\/eltrabajo.cl\/portal\/wp-content\/uploads\/2014\/09\/Integra1.jpg?fit=529%2C409&ssl=1","jetpack_sharing_enabled":true,"jetpack_likes_enabled":true,"jetpack-related-posts":[],"_links":{"self":[{"href":"https:\/\/eltrabajo.cl\/portal\/wp-json\/wp\/v2\/posts\/51202","targetHints":{"allow":["GET"]}}],"collection":[{"href":"https:\/\/eltrabajo.cl\/portal\/wp-json\/wp\/v2\/posts"}],"about":[{"href":"https:\/\/eltrabajo.cl\/portal\/wp-json\/wp\/v2\/types\/post"}],"author":[{"embeddable":true,"href":"https:\/\/eltrabajo.cl\/portal\/wp-json\/wp\/v2\/users\/482"}],"replies":[{"embeddable":true,"href":"https:\/\/eltrabajo.cl\/portal\/wp-json\/wp\/v2\/comments?post=51202"}],"version-history":[{"count":0,"href":"https:\/\/eltrabajo.cl\/portal\/wp-json\/wp\/v2\/posts\/51202\/revisions"}],"wp:featuredmedia":[{"embeddable":true,"href":"https:\/\/eltrabajo.cl\/portal\/wp-json\/wp\/v2\/media\/51203"}],"wp:attachment":[{"href":"https:\/\/eltrabajo.cl\/portal\/wp-json\/wp\/v2\/media?parent=51202"}],"wp:term":[{"taxonomy":"category","embeddable":true,"href":"https:\/\/eltrabajo.cl\/portal\/wp-json\/wp\/v2\/categories?post=51202"},{"taxonomy":"post_tag","embeddable":true,"href":"https:\/\/eltrabajo.cl\/portal\/wp-json\/wp\/v2\/tags?post=51202"}],"curies":[{"name":"wp","href":"https:\/\/api.w.org\/{rel}","templated":true}]}}