{"id":51224,"date":"2014-09-16T09:37:58","date_gmt":"2014-09-16T12:37:58","guid":{"rendered":"http:\/\/www.eltrabajo.cl\/portal\/?p=51224"},"modified":"2014-09-16T09:37:58","modified_gmt":"2014-09-16T12:37:58","slug":"pdi-recupera-automovil-robado-desde-el-centro-de-san-felipe","status":"publish","type":"post","link":"https:\/\/eltrabajo.cl\/portal\/pdi-recupera-automovil-robado-desde-el-centro-de-san-felipe\/","title":{"rendered":"PDI recupera autom\u00f3vil robado desde el centro de San Felipe"},"content":{"rendered":"<figure id=\"attachment_51225\" aria-describedby=\"caption-attachment-51225\" style=\"width: 370px\" class=\"wp-caption alignleft\"><a href=\"https:\/\/i0.wp.com\/www.eltrabajo.cl\/portal\/wp-content\/uploads\/2014\/09\/Auto-robado.jpg\"><img data-recalc-dims=\"1\" loading=\"lazy\" decoding=\"async\" class=\" wp-image-51225 \" alt=\"Personal del Gebro de la Polic\u00eda de Investigaciones recuper\u00f3 el veh\u00edculo robado, el que fue abandonado en las inmediaciones de la villa Juan Pablo II de San Felipe.\" src=\"https:\/\/i0.wp.com\/www.eltrabajo.cl\/portal\/wp-content\/uploads\/2014\/09\/Auto-robado.jpg?resize=370%2C254\" width=\"370\" height=\"254\" srcset=\"https:\/\/i0.wp.com\/eltrabajo.cl\/portal\/wp-content\/uploads\/2014\/09\/Auto-robado.jpg?w=529&amp;ssl=1 529w, https:\/\/i0.wp.com\/eltrabajo.cl\/portal\/wp-content\/uploads\/2014\/09\/Auto-robado.jpg?resize=200%2C137&amp;ssl=1 200w, https:\/\/i0.wp.com\/eltrabajo.cl\/portal\/wp-content\/uploads\/2014\/09\/Auto-robado.jpg?resize=300%2C205&amp;ssl=1 300w, https:\/\/i0.wp.com\/eltrabajo.cl\/portal\/wp-content\/uploads\/2014\/09\/Auto-robado.jpg?resize=150%2C102&amp;ssl=1 150w, https:\/\/i0.wp.com\/eltrabajo.cl\/portal\/wp-content\/uploads\/2014\/09\/Auto-robado.jpg?resize=400%2C274&amp;ssl=1 400w\" sizes=\"auto, (max-width: 370px) 100vw, 370px\" \/><\/a><figcaption id=\"caption-attachment-51225\" class=\"wp-caption-text\">Personal del Gebro de la Polic\u00eda de Investigaciones recuper\u00f3 el veh\u00edculo robado, el que fue abandonado en las inmediaciones de la villa Juan Pablo II de San Felipe.<\/figcaption><\/figure>\n<p>El propietario de un veh\u00edculo Nissan Sentra de color negro sufri\u00f3 el robo de su medio de transporte que hab\u00eda dejado estacionado en Calle Santo Domingo en la comuna de San Felipe el pasado s\u00e1bado, realizando la denuncia ante la Polic\u00eda de Investigaciones. No obstante, el Grupo Especializado en Bienes Robados (Gebro) de la Polic\u00eda Civil al d\u00eda siguiente recuper\u00f3 el veh\u00edculo, mismo que se logr\u00f3 encontrar en las inmediaciones de Villa Juan Pablo II abandonado y sin la radio musical que fue sustra\u00edda por desconocidos.<\/p>\n<p>Hasta el momento no se ha establecido la identidad del o lo autores de este delito que se encuentra en proceso de investigaci\u00f3n, as\u00ed lo inform\u00f3 a Diario El Trabajo el Jefe del Gebro, Inspector Humberto Cort\u00e9s.<\/p>\n<p>\u00abEl d\u00eda de ayer (domingo) en virtud de este grupo especializado a ra\u00edz de los diversos robos que se han originado en la comuna, logramos recuperar el veh\u00edculo en Poblaci\u00f3n Juan Pablo II, el cual hab\u00eda sido sustra\u00eddo el d\u00eda s\u00e1bado desde el centro de la comuna de San Felipe, por lo cual al realizar las diligencias logramos dar con el paradero del veh\u00edculo y solamente le hab\u00edan sustra\u00eddo la radio\u00bb, sostuvo Cort\u00e9s.<\/p>\n<p>Agreg\u00f3 que tras las \u00faltimas denuncias que se han realizado por v\u00edctimas de este tipo de robo, los efectivos policiales han logrado recuperar en su totalidad las especies por lo que no se descarta la participaci\u00f3n de una banda delictual que realiza estos hechos, delincuentes que no han sido capturados.<\/p>\n<p>Pablo Salinas Sald\u00edas<\/p>\n","protected":false},"excerpt":{"rendered":"<p>El propietario de un veh\u00edculo Nissan Sentra de color negro sufri\u00f3 el robo de su medio de transporte que hab\u00eda dejado estacionado en Calle Santo Domingo en la comuna de San Felipe&#8230;<\/p>\n","protected":false},"author":482,"featured_media":51225,"comment_status":"open","ping_status":"closed","sticky":false,"template":"","format":"standard","meta":{"advanced_seo_description":"","jetpack_seo_html_title":"","jetpack_seo_noindex":false,"_jetpack_memberships_contains_paid_content":false,"footnotes":""},"categories":[21],"tags":[],"class_list":["post-51224","post","type-post","status-publish","format-standard","has-post-thumbnail","hentry","category-policial"],"jetpack_featured_media_url":"https:\/\/i0.wp.com\/eltrabajo.cl\/portal\/wp-content\/uploads\/2014\/09\/Auto-robado.jpg?fit=529%2C363&ssl=1","jetpack_sharing_enabled":true,"jetpack_likes_enabled":true,"jetpack-related-posts":[],"_links":{"self":[{"href":"https:\/\/eltrabajo.cl\/portal\/wp-json\/wp\/v2\/posts\/51224","targetHints":{"allow":["GET"]}}],"collection":[{"href":"https:\/\/eltrabajo.cl\/portal\/wp-json\/wp\/v2\/posts"}],"about":[{"href":"https:\/\/eltrabajo.cl\/portal\/wp-json\/wp\/v2\/types\/post"}],"author":[{"embeddable":true,"href":"https:\/\/eltrabajo.cl\/portal\/wp-json\/wp\/v2\/users\/482"}],"replies":[{"embeddable":true,"href":"https:\/\/eltrabajo.cl\/portal\/wp-json\/wp\/v2\/comments?post=51224"}],"version-history":[{"count":0,"href":"https:\/\/eltrabajo.cl\/portal\/wp-json\/wp\/v2\/posts\/51224\/revisions"}],"wp:featuredmedia":[{"embeddable":true,"href":"https:\/\/eltrabajo.cl\/portal\/wp-json\/wp\/v2\/media\/51225"}],"wp:attachment":[{"href":"https:\/\/eltrabajo.cl\/portal\/wp-json\/wp\/v2\/media?parent=51224"}],"wp:term":[{"taxonomy":"category","embeddable":true,"href":"https:\/\/eltrabajo.cl\/portal\/wp-json\/wp\/v2\/categories?post=51224"},{"taxonomy":"post_tag","embeddable":true,"href":"https:\/\/eltrabajo.cl\/portal\/wp-json\/wp\/v2\/tags?post=51224"}],"curies":[{"name":"wp","href":"https:\/\/api.w.org\/{rel}","templated":true}]}}