{"id":51228,"date":"2014-09-16T09:40:05","date_gmt":"2014-09-16T12:40:05","guid":{"rendered":"http:\/\/www.eltrabajo.cl\/portal\/?p=51228"},"modified":"2014-09-16T09:40:05","modified_gmt":"2014-09-16T12:40:05","slug":"afectada-por-incendio-en-sector-21-de-mayo-asegura-que-fuego-fue-intencional","status":"publish","type":"post","link":"https:\/\/eltrabajo.cl\/portal\/afectada-por-incendio-en-sector-21-de-mayo-asegura-que-fuego-fue-intencional\/","title":{"rendered":"Afectada por incendio en sector 21 de Mayo asegura que fuego fue intencional"},"content":{"rendered":"<figure id=\"attachment_51229\" aria-describedby=\"caption-attachment-51229\" style=\"width: 529px\" class=\"wp-caption alignnone\"><a href=\"https:\/\/i0.wp.com\/www.eltrabajo.cl\/portal\/wp-content\/uploads\/2014\/09\/Ruinas1.jpg\"><img data-recalc-dims=\"1\" loading=\"lazy\" decoding=\"async\" class=\"size-full wp-image-51229\" alt=\"Leyla y a su familia se pueden contactar con su hija \u00c1ngela, al fono 53634567.\" src=\"https:\/\/i0.wp.com\/www.eltrabajo.cl\/portal\/wp-content\/uploads\/2014\/09\/Ruinas1.jpg?resize=529%2C358\" width=\"529\" height=\"358\" srcset=\"https:\/\/i0.wp.com\/eltrabajo.cl\/portal\/wp-content\/uploads\/2014\/09\/Ruinas1.jpg?w=529&amp;ssl=1 529w, https:\/\/i0.wp.com\/eltrabajo.cl\/portal\/wp-content\/uploads\/2014\/09\/Ruinas1.jpg?resize=200%2C135&amp;ssl=1 200w, https:\/\/i0.wp.com\/eltrabajo.cl\/portal\/wp-content\/uploads\/2014\/09\/Ruinas1.jpg?resize=300%2C203&amp;ssl=1 300w, https:\/\/i0.wp.com\/eltrabajo.cl\/portal\/wp-content\/uploads\/2014\/09\/Ruinas1.jpg?resize=150%2C101&amp;ssl=1 150w, https:\/\/i0.wp.com\/eltrabajo.cl\/portal\/wp-content\/uploads\/2014\/09\/Ruinas1.jpg?resize=400%2C270&amp;ssl=1 400w\" sizes=\"auto, (max-width: 529px) 100vw, 529px\" \/><\/a><figcaption id=\"caption-attachment-51229\" class=\"wp-caption-text\">Leyla y a su familia se pueden contactar con su hija \u00c1ngela, al fono 53634567.<\/figcaption><\/figure>\n<p><strong>PUTAENDO<\/strong>.- La Sra. Leyla Vega Leris, propietaria de la vivienda que result\u00f3 totalmente destruida por un incendio en Calle El R\u00edo del sector 21 de Mayo, confirm\u00f3 a nuestro medio que el incendio fue intencional y causado por una mujer que vive en las inmediaciones.<\/p>\n<p>La afectada sostuvo que el domingo reci\u00e9n pasado, a eso de las 09:30 horas, sali\u00f3 en direcci\u00f3n a la feria de San Felipe y cuando regres\u00f3 cerca de las 11:00 horas, vio humo y pens\u00f3 que alguien estaba quemando basura, pero al llegar a su casa vio c\u00f3mo la vivienda estaba totalmente envuelta en llamas y no alcanzaron a rescatar pertenencia alguna, por lo que perdieron absolutamente todo.<\/p>\n<figure id=\"attachment_51230\" aria-describedby=\"caption-attachment-51230\" style=\"width: 190px\" class=\"wp-caption alignright\"><a href=\"https:\/\/i0.wp.com\/www.eltrabajo.cl\/portal\/wp-content\/uploads\/2014\/09\/Leyla-Vega.jpg\"><img data-recalc-dims=\"1\" loading=\"lazy\" decoding=\"async\" class=\"wp-image-51230 \" alt=\"Leyla Vega Leris, propietaria de la vivienda que result\u00f3 totalmente destruida por un incendio en Calle El R\u00edo del sector 21 de Mayo.\" src=\"https:\/\/i0.wp.com\/www.eltrabajo.cl\/portal\/wp-content\/uploads\/2014\/09\/Leyla-Vega.jpg?resize=190%2C187\" width=\"190\" height=\"187\" srcset=\"https:\/\/i0.wp.com\/eltrabajo.cl\/portal\/wp-content\/uploads\/2014\/09\/Leyla-Vega.jpg?w=529&amp;ssl=1 529w, https:\/\/i0.wp.com\/eltrabajo.cl\/portal\/wp-content\/uploads\/2014\/09\/Leyla-Vega.jpg?resize=152%2C150&amp;ssl=1 152w, https:\/\/i0.wp.com\/eltrabajo.cl\/portal\/wp-content\/uploads\/2014\/09\/Leyla-Vega.jpg?resize=300%2C294&amp;ssl=1 300w, https:\/\/i0.wp.com\/eltrabajo.cl\/portal\/wp-content\/uploads\/2014\/09\/Leyla-Vega.jpg?resize=150%2C147&amp;ssl=1 150w, https:\/\/i0.wp.com\/eltrabajo.cl\/portal\/wp-content\/uploads\/2014\/09\/Leyla-Vega.jpg?resize=400%2C392&amp;ssl=1 400w\" sizes=\"auto, (max-width: 190px) 100vw, 190px\" \/><\/a><figcaption id=\"caption-attachment-51230\" class=\"wp-caption-text\">Leyla Vega Leris, propietaria de la vivienda que result\u00f3 totalmente destruida por un incendio en Calle El R\u00edo del sector 21 de Mayo.<\/figcaption><\/figure>\n<p>Leyla Vega asegura que ya en dos ocasiones en meses anteriores, denunci\u00f3 a una vecina que tiene problemas de alcoholismo y drogadicci\u00f3n, la cual fue sorprendida tratando de incendiar su casa, hecho que fue de conocimiento de Carabineros, sin embargo la justicia nunca hizo algo, pues hasta la fecha ni siquiera le ha llegado una citaci\u00f3n. Hoy han quedado de brazos cruzados y s\u00f3lo se logr\u00f3 rescatar la parte donde est\u00e1 el horno y una peque\u00f1a cocina, donde pas\u00f3 la noche junto a su esposo y sus peque\u00f1os hijos.<\/p>\n<p>Al retirarnos del lugar, de muy dif\u00edcil acceso, hac\u00eda ingreso una camioneta de la Municipalidad de San Felipe, donde el equipo del servicio social se contact\u00f3 con la familia para entregar las primeras ayudas, no obstante, todas aquellas personas que deseen entregar una ayuda a la Sra.<\/p>\n<p>Patricio Gallardo M.<\/p>\n<p>&nbsp;<\/p>\n","protected":false},"excerpt":{"rendered":"<p>PUTAENDO.- La Sra. Leyla Vega Leris, propietaria de la vivienda que result\u00f3 totalmente destruida por un incendio en Calle El R\u00edo del sector 21 de Mayo, confirm\u00f3 a nuestro medio que el&#8230;<\/p>\n","protected":false},"author":482,"featured_media":51229,"comment_status":"open","ping_status":"closed","sticky":false,"template":"","format":"standard","meta":{"advanced_seo_description":"","jetpack_seo_html_title":"","jetpack_seo_noindex":false,"_jetpack_memberships_contains_paid_content":false,"footnotes":""},"categories":[15],"tags":[],"class_list":["post-51228","post","type-post","status-publish","format-standard","has-post-thumbnail","hentry","category-comunidad"],"jetpack_featured_media_url":"https:\/\/i0.wp.com\/eltrabajo.cl\/portal\/wp-content\/uploads\/2014\/09\/Ruinas1.jpg?fit=529%2C358&ssl=1","jetpack_sharing_enabled":true,"jetpack_likes_enabled":true,"jetpack-related-posts":[],"_links":{"self":[{"href":"https:\/\/eltrabajo.cl\/portal\/wp-json\/wp\/v2\/posts\/51228","targetHints":{"allow":["GET"]}}],"collection":[{"href":"https:\/\/eltrabajo.cl\/portal\/wp-json\/wp\/v2\/posts"}],"about":[{"href":"https:\/\/eltrabajo.cl\/portal\/wp-json\/wp\/v2\/types\/post"}],"author":[{"embeddable":true,"href":"https:\/\/eltrabajo.cl\/portal\/wp-json\/wp\/v2\/users\/482"}],"replies":[{"embeddable":true,"href":"https:\/\/eltrabajo.cl\/portal\/wp-json\/wp\/v2\/comments?post=51228"}],"version-history":[{"count":0,"href":"https:\/\/eltrabajo.cl\/portal\/wp-json\/wp\/v2\/posts\/51228\/revisions"}],"wp:featuredmedia":[{"embeddable":true,"href":"https:\/\/eltrabajo.cl\/portal\/wp-json\/wp\/v2\/media\/51229"}],"wp:attachment":[{"href":"https:\/\/eltrabajo.cl\/portal\/wp-json\/wp\/v2\/media?parent=51228"}],"wp:term":[{"taxonomy":"category","embeddable":true,"href":"https:\/\/eltrabajo.cl\/portal\/wp-json\/wp\/v2\/categories?post=51228"},{"taxonomy":"post_tag","embeddable":true,"href":"https:\/\/eltrabajo.cl\/portal\/wp-json\/wp\/v2\/tags?post=51228"}],"curies":[{"name":"wp","href":"https:\/\/api.w.org\/{rel}","templated":true}]}}