{"id":51233,"date":"2014-09-16T09:41:13","date_gmt":"2014-09-16T12:41:13","guid":{"rendered":"http:\/\/www.eltrabajo.cl\/portal\/?p=51233"},"modified":"2014-09-16T09:41:13","modified_gmt":"2014-09-16T12:41:13","slug":"asesino-apunalo-a-su-pareja-e-intento-auto-agredirse-para-escapar","status":"publish","type":"post","link":"https:\/\/eltrabajo.cl\/portal\/asesino-apunalo-a-su-pareja-e-intento-auto-agredirse-para-escapar\/","title":{"rendered":"Asesino apu\u00f1al\u00f3 a su pareja e intent\u00f3 auto agredirse para escapar"},"content":{"rendered":"<figure id=\"attachment_51234\" aria-describedby=\"caption-attachment-51234\" style=\"width: 317px\" class=\"wp-caption alignleft\"><a href=\"https:\/\/i0.wp.com\/www.eltrabajo.cl\/portal\/wp-content\/uploads\/2014\/09\/Capitan-Juan-Vargas1.jpg\"><img data-recalc-dims=\"1\" loading=\"lazy\" decoding=\"async\" class=\" wp-image-51234 \" alt=\"Subcomisario de Carabineros, Capit\u00e1n Juan Vargas.\" src=\"https:\/\/i0.wp.com\/www.eltrabajo.cl\/portal\/wp-content\/uploads\/2014\/09\/Capitan-Juan-Vargas1.jpg?resize=317%2C241\" width=\"317\" height=\"241\" srcset=\"https:\/\/i0.wp.com\/eltrabajo.cl\/portal\/wp-content\/uploads\/2014\/09\/Capitan-Juan-Vargas1.jpg?w=529&amp;ssl=1 529w, https:\/\/i0.wp.com\/eltrabajo.cl\/portal\/wp-content\/uploads\/2014\/09\/Capitan-Juan-Vargas1.jpg?resize=197%2C150&amp;ssl=1 197w, https:\/\/i0.wp.com\/eltrabajo.cl\/portal\/wp-content\/uploads\/2014\/09\/Capitan-Juan-Vargas1.jpg?resize=300%2C227&amp;ssl=1 300w, https:\/\/i0.wp.com\/eltrabajo.cl\/portal\/wp-content\/uploads\/2014\/09\/Capitan-Juan-Vargas1.jpg?resize=150%2C113&amp;ssl=1 150w, https:\/\/i0.wp.com\/eltrabajo.cl\/portal\/wp-content\/uploads\/2014\/09\/Capitan-Juan-Vargas1.jpg?resize=400%2C303&amp;ssl=1 400w\" sizes=\"auto, (max-width: 317px) 100vw, 317px\" \/><\/a><figcaption id=\"caption-attachment-51234\" class=\"wp-caption-text\">Subcomisario de Carabineros, Capit\u00e1n Juan Vargas.<\/figcaption><\/figure>\n<p>Un hecho de violencia intrafamiliar de gran magnitud se produjo en un block de Departamentos Enc\u00f3n en San Felipe, cuando una mujer ped\u00eda a gritos auxilio luego que su pareja la apu\u00f1alara en una pierna, mientras que sus vecinos no se habr\u00edan percatado de lo sucedido.<\/p>\n<p>El episodio ocurri\u00f3 a eso de las 05:00 horas del pasado s\u00e1bado, cuando afortunadamente un funcionario policial a cargo de la patrulla del cuadrante de ese sector, escuch\u00f3 unos gritos que proven\u00edan desde un balc\u00f3n de Departamentos Enc\u00f3n, observando a una mujer tendida en el piso, sangrando en uno de sus muslos, tratando de defenderse de su pareja que se encontraba a torso descubierto con un arma blanca en su mano, con claras intenciones de matarla.<\/p>\n<p>El carabinero al percatarse de la aterradora escena, pidi\u00f3 refuerzos policiales mientras sub\u00eda hasta el tercer piso para abalanzarse sobre el hombre, gener\u00e1ndose entre ellos un forcejeo, donde adem\u00e1s colaboraron otros polic\u00edas, lograron al final arrebatarle el cuchillo.<\/p>\n<p><strong>ESTABA EBRIO<\/strong><\/p>\n<p>Sin embargo, el sujeto aparentemente bajo los efectos del alcohol y las drogas, rompi\u00f3 el vidrio de un ventanal tomando entre sus manos un pedazo del cristal, amenazando auto-inferirse cortes en su cuerpo, mientras los funcionarios se vieron nuevamente inmovilizados intentando escapar de alguna herida que el individuo estaba dispuesto a propinarles para evitar su detenci\u00f3n.<\/p>\n<p>No obstante en un descuido, el agresor logr\u00f3 ser reducido por Carabineros, siendo posteriormente trasladado hasta la unidad policial. Paralelamente la v\u00edctima fue derivada hasta el Servicio de Urgencias del Hospital San Camilo de San Felipe para asistir sus lesiones y herida corto-punzante, diagnosticadas por los profesionales de turno de car\u00e1cter menos graves.<\/p>\n<p>\u00abSe logr\u00f3 la detenci\u00f3n de esta persona mientras otro funcionario le prestaba los Primeros Auxilios a la v\u00edctima que ten\u00eda evidentes contusiones y una pu\u00f1alada en su muslo. Fue bien complejo manejar el procedimiento, porque la persona aparentemente bajo los efectos del alcohol y las drogas, intent\u00f3 atentar contra su vida y quebr\u00f3 el vidrio de un ventanal, adem\u00e1s de atentar contra los funcionarios policiales\u00bb, inform\u00f3 el Subcomisario de Carabineros, Capit\u00e1n Juan Vargas.<\/p>\n<p>El imputado fue identificado con las iniciales R.F.O. de 30 a\u00f1os de edad, quien posee un nutrido prontuario delictivo por delitos de Hurto, Robo y Homicidio. Su detenci\u00f3n fue controlada en el Juzgado de Garant\u00eda de San Felipe, donde fue formalizado por el delito de lesiones menos graves en contexto de Violencia Intrafamiliar por parte del Ministerio P\u00fablico representado por el Fiscal Eduardo Fajardo, requiriendo ante el tribunal las cautelares de prohibici\u00f3n de acercarse a la v\u00edctima y de salir del pa\u00eds mientras se investiga el caso.<\/p>\n<p>Pablo Salinas Sald\u00edas<\/p>\n","protected":false},"excerpt":{"rendered":"<p>Un hecho de violencia intrafamiliar de gran magnitud se produjo en un block de Departamentos Enc\u00f3n en San Felipe, cuando una mujer ped\u00eda a gritos auxilio luego que su pareja la apu\u00f1alara&#8230;<\/p>\n","protected":false},"author":482,"featured_media":51234,"comment_status":"open","ping_status":"closed","sticky":false,"template":"","format":"standard","meta":{"advanced_seo_description":"","jetpack_seo_html_title":"","jetpack_seo_noindex":false,"_jetpack_memberships_contains_paid_content":false,"footnotes":""},"categories":[21],"tags":[],"class_list":["post-51233","post","type-post","status-publish","format-standard","has-post-thumbnail","hentry","category-policial"],"jetpack_featured_media_url":"https:\/\/i0.wp.com\/eltrabajo.cl\/portal\/wp-content\/uploads\/2014\/09\/Capitan-Juan-Vargas1.jpg?fit=529%2C401&ssl=1","jetpack_sharing_enabled":true,"jetpack_likes_enabled":true,"jetpack-related-posts":[],"_links":{"self":[{"href":"https:\/\/eltrabajo.cl\/portal\/wp-json\/wp\/v2\/posts\/51233","targetHints":{"allow":["GET"]}}],"collection":[{"href":"https:\/\/eltrabajo.cl\/portal\/wp-json\/wp\/v2\/posts"}],"about":[{"href":"https:\/\/eltrabajo.cl\/portal\/wp-json\/wp\/v2\/types\/post"}],"author":[{"embeddable":true,"href":"https:\/\/eltrabajo.cl\/portal\/wp-json\/wp\/v2\/users\/482"}],"replies":[{"embeddable":true,"href":"https:\/\/eltrabajo.cl\/portal\/wp-json\/wp\/v2\/comments?post=51233"}],"version-history":[{"count":0,"href":"https:\/\/eltrabajo.cl\/portal\/wp-json\/wp\/v2\/posts\/51233\/revisions"}],"wp:featuredmedia":[{"embeddable":true,"href":"https:\/\/eltrabajo.cl\/portal\/wp-json\/wp\/v2\/media\/51234"}],"wp:attachment":[{"href":"https:\/\/eltrabajo.cl\/portal\/wp-json\/wp\/v2\/media?parent=51233"}],"wp:term":[{"taxonomy":"category","embeddable":true,"href":"https:\/\/eltrabajo.cl\/portal\/wp-json\/wp\/v2\/categories?post=51233"},{"taxonomy":"post_tag","embeddable":true,"href":"https:\/\/eltrabajo.cl\/portal\/wp-json\/wp\/v2\/tags?post=51233"}],"curies":[{"name":"wp","href":"https:\/\/api.w.org\/{rel}","templated":true}]}}