{"id":51243,"date":"2014-09-17T09:07:10","date_gmt":"2014-09-17T12:07:10","guid":{"rendered":"http:\/\/www.eltrabajo.cl\/portal\/?p=51243"},"modified":"2014-09-17T09:07:10","modified_gmt":"2014-09-17T12:07:10","slug":"inician-campana-para-unas-fiestas-patrias-seguras","status":"publish","type":"post","link":"https:\/\/eltrabajo.cl\/portal\/inician-campana-para-unas-fiestas-patrias-seguras\/","title":{"rendered":"Inician campa\u00f1a para unas Fiestas Patrias seguras"},"content":{"rendered":"<figure id=\"attachment_51244\" aria-describedby=\"caption-attachment-51244\" style=\"width: 529px\" class=\"wp-caption alignnone\"><a href=\"https:\/\/i0.wp.com\/www.eltrabajo.cl\/portal\/wp-content\/uploads\/2014\/09\/Fiestas11.jpg\"><img data-recalc-dims=\"1\" loading=\"lazy\" decoding=\"async\" class=\"size-full wp-image-51244\" alt=\"Un importante plan de trabajo comenz\u00f3 a implementar Carabineros en conjunto con quienes realizar\u00e1n actividades masivas para coordinar unas fiestas patrias con seguridad en la comuna.\" src=\"https:\/\/i0.wp.com\/www.eltrabajo.cl\/portal\/wp-content\/uploads\/2014\/09\/Fiestas11.jpg?resize=529%2C360\" width=\"529\" height=\"360\" srcset=\"https:\/\/i0.wp.com\/eltrabajo.cl\/portal\/wp-content\/uploads\/2014\/09\/Fiestas11.jpg?w=529&amp;ssl=1 529w, https:\/\/i0.wp.com\/eltrabajo.cl\/portal\/wp-content\/uploads\/2014\/09\/Fiestas11.jpg?resize=200%2C136&amp;ssl=1 200w, https:\/\/i0.wp.com\/eltrabajo.cl\/portal\/wp-content\/uploads\/2014\/09\/Fiestas11.jpg?resize=300%2C204&amp;ssl=1 300w, https:\/\/i0.wp.com\/eltrabajo.cl\/portal\/wp-content\/uploads\/2014\/09\/Fiestas11.jpg?resize=150%2C102&amp;ssl=1 150w, https:\/\/i0.wp.com\/eltrabajo.cl\/portal\/wp-content\/uploads\/2014\/09\/Fiestas11.jpg?resize=400%2C272&amp;ssl=1 400w\" sizes=\"auto, (max-width: 529px) 100vw, 529px\" \/><\/a><figcaption id=\"caption-attachment-51244\" class=\"wp-caption-text\">Un importante plan de trabajo comenz\u00f3 a implementar Carabineros en conjunto con quienes realizar\u00e1n actividades masivas para coordinar unas fiestas patrias con seguridad en la comuna.<\/figcaption><\/figure>\n<p><strong>PUTAENDO<\/strong>.- Un importante plan de trabajo comenz\u00f3 a implementar Carabineros en conjunto con quienes realizar\u00e1n actividades masivas para coordinar unas fiestas patrias con seguridad en la comuna. El Teniente \u00c1ngelo Acevedo ha comenzado a reunirse con todas las personas e instituciones que se encuentran organizando rodeos, ramadas o fiestas huasas, como por ejemplo en el Parque el Huaso de Sahond\u00e9 y en la Ramada de Los S\u00e1nchez.<\/p>\n<p>En este sentido, el oficial indic\u00f3 que ha sido muy provechoso conversar con todas las personas que est\u00e1n organizando eventos, pues la idea es tener una celebraci\u00f3n segura, disfrutar de unas buenas fiestas patrias y que no ocurran accidentes o desgracias que lamentar. Acevedo sostuvo que por ejemplo, que a las cinco de la ma\u00f1ana de los d\u00edas 19, 20 y 21 respectivamente, todas las ramadas deber\u00e1n estar cerradas y sin p\u00fablico, compromiso que fue adquirido y entendido por todos quienes est\u00e1n trabajando en la organizaci\u00f3n de eventos.<\/p>\n<p><strong>TOLERANCIA CERO<\/strong><\/p>\n<p>Acevedo reiter\u00f3 que habr\u00e1 una patrulla especialmente dedicada a realizar pruebas de alcohotest y que ser\u00e1n sumamente estrictos al anunciar tolerancia cero a la conducci\u00f3n bajo los efectos del alcohol de veh\u00edculos motorizados, por lo que pidi\u00f3 responsabilidad a quienes salgan en veh\u00edculos a disfrutar para que no consuman alcohol o permitan que conduzca quien no haya ingerido alcohol.<\/p>\n<p>Finalmente el uniformado afirm\u00f3 que la comunidad de Putaendo puede estar segura y tranquila que la cantidad de eventos que se desarrollar\u00e1n en Putaendo no pone en riesgo la seguridad de la comuna, pues se han hecho todas las coordinaciones y se har\u00e1n los esfuerzos necesarios para seguir atendiendo los requerimientos y servicios cotidianos que Carabineros atiende.<\/p>\n<p>Patricio Gallardo M.<\/p>\n<p>&nbsp;<\/p>\n","protected":false},"excerpt":{"rendered":"<p>PUTAENDO.- Un importante plan de trabajo comenz\u00f3 a implementar Carabineros en conjunto con quienes realizar\u00e1n actividades masivas para coordinar unas fiestas patrias con seguridad en la comuna. El Teniente \u00c1ngelo Acevedo ha&#8230;<\/p>\n","protected":false},"author":482,"featured_media":51244,"comment_status":"open","ping_status":"closed","sticky":false,"template":"","format":"standard","meta":{"advanced_seo_description":"","jetpack_seo_html_title":"","jetpack_seo_noindex":false,"_jetpack_memberships_contains_paid_content":false,"footnotes":""},"categories":[15],"tags":[],"class_list":["post-51243","post","type-post","status-publish","format-standard","has-post-thumbnail","hentry","category-comunidad"],"jetpack_featured_media_url":"https:\/\/i0.wp.com\/eltrabajo.cl\/portal\/wp-content\/uploads\/2014\/09\/Fiestas11.jpg?fit=529%2C360&ssl=1","jetpack_sharing_enabled":true,"jetpack_likes_enabled":true,"jetpack-related-posts":[],"_links":{"self":[{"href":"https:\/\/eltrabajo.cl\/portal\/wp-json\/wp\/v2\/posts\/51243","targetHints":{"allow":["GET"]}}],"collection":[{"href":"https:\/\/eltrabajo.cl\/portal\/wp-json\/wp\/v2\/posts"}],"about":[{"href":"https:\/\/eltrabajo.cl\/portal\/wp-json\/wp\/v2\/types\/post"}],"author":[{"embeddable":true,"href":"https:\/\/eltrabajo.cl\/portal\/wp-json\/wp\/v2\/users\/482"}],"replies":[{"embeddable":true,"href":"https:\/\/eltrabajo.cl\/portal\/wp-json\/wp\/v2\/comments?post=51243"}],"version-history":[{"count":0,"href":"https:\/\/eltrabajo.cl\/portal\/wp-json\/wp\/v2\/posts\/51243\/revisions"}],"wp:featuredmedia":[{"embeddable":true,"href":"https:\/\/eltrabajo.cl\/portal\/wp-json\/wp\/v2\/media\/51244"}],"wp:attachment":[{"href":"https:\/\/eltrabajo.cl\/portal\/wp-json\/wp\/v2\/media?parent=51243"}],"wp:term":[{"taxonomy":"category","embeddable":true,"href":"https:\/\/eltrabajo.cl\/portal\/wp-json\/wp\/v2\/categories?post=51243"},{"taxonomy":"post_tag","embeddable":true,"href":"https:\/\/eltrabajo.cl\/portal\/wp-json\/wp\/v2\/tags?post=51243"}],"curies":[{"name":"wp","href":"https:\/\/api.w.org\/{rel}","templated":true}]}}