{"id":51247,"date":"2014-09-17T09:09:02","date_gmt":"2014-09-17T12:09:02","guid":{"rendered":"http:\/\/www.eltrabajo.cl\/portal\/?p=51247"},"modified":"2014-09-17T09:10:18","modified_gmt":"2014-09-17T12:10:18","slug":"expo-rural-2014-recibe-a-mas-de-10-000-visitantes","status":"publish","type":"post","link":"https:\/\/eltrabajo.cl\/portal\/expo-rural-2014-recibe-a-mas-de-10-000-visitantes\/","title":{"rendered":"Expo-rural 2014 recibe a m\u00e1s de 10.000 visitantes"},"content":{"rendered":"<figure id=\"attachment_51248\" aria-describedby=\"caption-attachment-51248\" style=\"width: 528px\" class=\"wp-caption alignnone\"><a href=\"https:\/\/i0.wp.com\/www.eltrabajo.cl\/portal\/wp-content\/uploads\/2014\/09\/Expo1.jpg\"><img data-recalc-dims=\"1\" loading=\"lazy\" decoding=\"async\" class=\"size-full wp-image-51248\" alt=\"M\u00e1s de 10.000 personas asistieron a disfrutar del  diverso panorama familiar, que ofrec\u00eda la actividad financiada por Sernatur y la Municipalidad de Llay Llay.\" src=\"https:\/\/i0.wp.com\/www.eltrabajo.cl\/portal\/wp-content\/uploads\/2014\/09\/Expo1.jpg?resize=528%2C401\" width=\"528\" height=\"401\" srcset=\"https:\/\/i0.wp.com\/eltrabajo.cl\/portal\/wp-content\/uploads\/2014\/09\/Expo1.jpg?w=528&amp;ssl=1 528w, https:\/\/i0.wp.com\/eltrabajo.cl\/portal\/wp-content\/uploads\/2014\/09\/Expo1.jpg?resize=197%2C150&amp;ssl=1 197w, https:\/\/i0.wp.com\/eltrabajo.cl\/portal\/wp-content\/uploads\/2014\/09\/Expo1.jpg?resize=300%2C227&amp;ssl=1 300w, https:\/\/i0.wp.com\/eltrabajo.cl\/portal\/wp-content\/uploads\/2014\/09\/Expo1.jpg?resize=150%2C113&amp;ssl=1 150w, https:\/\/i0.wp.com\/eltrabajo.cl\/portal\/wp-content\/uploads\/2014\/09\/Expo1.jpg?resize=400%2C303&amp;ssl=1 400w\" sizes=\"auto, (max-width: 528px) 100vw, 528px\" \/><\/a><figcaption id=\"caption-attachment-51248\" class=\"wp-caption-text\">M\u00e1s de 10.000 personas asistieron a disfrutar del diverso panorama familiar, que ofrec\u00eda la actividad financiada por Sernatur y la Municipalidad de Llay Llay.<\/figcaption><\/figure>\n<p>&nbsp;<\/p>\n<p><strong>LLAY LLAY<\/strong>.- \u201cDespu\u00e9s de la lluvia siempre sale el sol\u201d, reza un viejo refr\u00e1n lleno de optimismo, el mismo acompa\u00f1\u00f3 literalmente a los organizadores de la Expo-rural 2014; y se cumpli\u00f3 a cabalidad: un radiante sol dio la bienvenida al segundo d\u00eda de la fiesta costumbrista, donde compartieron vecinos y autoridades.<\/p>\n<figure id=\"attachment_51249\" aria-describedby=\"caption-attachment-51249\" style=\"width: 370px\" class=\"wp-caption alignright\"><a href=\"https:\/\/i0.wp.com\/www.eltrabajo.cl\/portal\/wp-content\/uploads\/2014\/09\/Expo2.jpg\"><img data-recalc-dims=\"1\" loading=\"lazy\" decoding=\"async\" class=\" wp-image-51249 \" alt=\"Turistas y visitas disfrutaron de un d\u00eda de relajo al aire libre, de exquisita y variada comida, rodeo, concurso de \u2018Reina de la II Expo-rural\u2019.\" src=\"https:\/\/i0.wp.com\/www.eltrabajo.cl\/portal\/wp-content\/uploads\/2014\/09\/Expo2.jpg?resize=370%2C216\" width=\"370\" height=\"216\" srcset=\"https:\/\/i0.wp.com\/eltrabajo.cl\/portal\/wp-content\/uploads\/2014\/09\/Expo2.jpg?w=528&amp;ssl=1 528w, https:\/\/i0.wp.com\/eltrabajo.cl\/portal\/wp-content\/uploads\/2014\/09\/Expo2.jpg?resize=200%2C116&amp;ssl=1 200w, https:\/\/i0.wp.com\/eltrabajo.cl\/portal\/wp-content\/uploads\/2014\/09\/Expo2.jpg?resize=300%2C175&amp;ssl=1 300w, https:\/\/i0.wp.com\/eltrabajo.cl\/portal\/wp-content\/uploads\/2014\/09\/Expo2.jpg?resize=150%2C87&amp;ssl=1 150w, https:\/\/i0.wp.com\/eltrabajo.cl\/portal\/wp-content\/uploads\/2014\/09\/Expo2.jpg?resize=400%2C233&amp;ssl=1 400w\" sizes=\"auto, (max-width: 370px) 100vw, 370px\" \/><\/a><figcaption id=\"caption-attachment-51249\" class=\"wp-caption-text\">Turistas y visitas disfrutaron de un d\u00eda de relajo al aire libre, de exquisita y variada comida, rodeo, concurso de \u2018Reina de la II Expo-rural\u2019.<\/figcaption><\/figure>\n<p>M\u00e1s de 10.000 personas asistieron a disfrutar del diverso panorama familiar, que ofrec\u00eda la actividad financiada por Sernatur y la Municipalidad de Llay Llay. Turistas y visitas disfrutaron de un d\u00eda de relajo al aire libre, de exquisita y variada comida, rodeo, concurso de \u2018Reina de la II Expo-rural\u2019, y un show que incluy\u00f3 a Lalo Viches; Los Chacareros de Paine; La Sonora Bar\u00f3n y ballets folcl\u00f3ricos de distintos lugares del pa\u00eds.<\/p>\n<p>\u201cCumpl\u00ed, al final todo sali\u00f3 bien\u201d, fueron las palabras del Alcalde de Llay Llay, Mario Marillanca, feliz por la respuesta del p\u00fablico, por las \u201ccuentas alegres\u201d de los comerciantes, y por las felicitaciones y aplausos que sac\u00f3 su gesti\u00f3n\u201d. Marillanca, acompa\u00f1ado de los concejales Margarita Puebla y Patricio Dur\u00e1n; recorrieron todos los stands. Entregaron galvanos y reconocimientos a expositores y artesanos participantes en la feria, para luego compartir la jornada con los vecinos, \u201cun d\u00eda hermoso, donde entregamos m\u00e1s de 120 galvanos junto al alcalde. Un gran trabajo, hay mucho esfuerzo de todo un equipo y merece mi reconocimiento y felicitaciones\u201d, dijo Puebla.<\/p>\n<p>\u201cTodo muy bueno\u201d, era la frase com\u00fan denominador del p\u00fablico asistente, \u201csi no hubiera llovido, hubieran sido dos d\u00edas para disfrutar. Hoy d\u00eda, como domingo, disfrutamos de un almuerzo con toda la familia, hay harto entretenimiento y ahora vamos a disfrutar del show, igual nos hubiera gustado ver a los otros artistas que estaban programados para ayer s\u00e1bado\u201d, dijo Juan L\u00f3pez, quien junto a su familia despu\u00e9s de almorzar cordero al palo y curanto, se desplaz\u00f3 hacia el escenario central a esperar el show de La Sonora Bar\u00f3n.<\/p>\n<p>La encargada de la organizaci\u00f3n de la Expo-rural, Margarita C\u00e1rcamo, manifest\u00f3 que \u201cestoy muy contenta, lleg\u00f3 much\u00edsima gente, a comerciantes de stands y expositores les fue muy bien, vendieron harto y eso me alegra mucho, tuvimos un d\u00eda muy bonito, y existe la posibilidad de recuperar el d\u00eda que perdimos este 27 de septiembre, hay muy buena acogida del alcalde; pero eso lo vamos a evaluar con el equipo en terreno\u201d.<\/p>\n<p>&nbsp;<\/p>\n","protected":false},"excerpt":{"rendered":"<p>&nbsp; LLAY LLAY.- \u201cDespu\u00e9s de la lluvia siempre sale el sol\u201d, reza un viejo refr\u00e1n lleno de optimismo, el mismo acompa\u00f1\u00f3 literalmente a los organizadores de la Expo-rural 2014; y se cumpli\u00f3&#8230;<\/p>\n","protected":false},"author":482,"featured_media":51248,"comment_status":"open","ping_status":"closed","sticky":false,"template":"","format":"standard","meta":{"advanced_seo_description":"","jetpack_seo_html_title":"","jetpack_seo_noindex":false,"_jetpack_memberships_contains_paid_content":false,"footnotes":""},"categories":[15],"tags":[],"class_list":["post-51247","post","type-post","status-publish","format-standard","has-post-thumbnail","hentry","category-comunidad"],"jetpack_featured_media_url":"https:\/\/i0.wp.com\/eltrabajo.cl\/portal\/wp-content\/uploads\/2014\/09\/Expo1.jpg?fit=528%2C401&ssl=1","jetpack_sharing_enabled":true,"jetpack_likes_enabled":true,"jetpack-related-posts":[],"_links":{"self":[{"href":"https:\/\/eltrabajo.cl\/portal\/wp-json\/wp\/v2\/posts\/51247","targetHints":{"allow":["GET"]}}],"collection":[{"href":"https:\/\/eltrabajo.cl\/portal\/wp-json\/wp\/v2\/posts"}],"about":[{"href":"https:\/\/eltrabajo.cl\/portal\/wp-json\/wp\/v2\/types\/post"}],"author":[{"embeddable":true,"href":"https:\/\/eltrabajo.cl\/portal\/wp-json\/wp\/v2\/users\/482"}],"replies":[{"embeddable":true,"href":"https:\/\/eltrabajo.cl\/portal\/wp-json\/wp\/v2\/comments?post=51247"}],"version-history":[{"count":0,"href":"https:\/\/eltrabajo.cl\/portal\/wp-json\/wp\/v2\/posts\/51247\/revisions"}],"wp:featuredmedia":[{"embeddable":true,"href":"https:\/\/eltrabajo.cl\/portal\/wp-json\/wp\/v2\/media\/51248"}],"wp:attachment":[{"href":"https:\/\/eltrabajo.cl\/portal\/wp-json\/wp\/v2\/media?parent=51247"}],"wp:term":[{"taxonomy":"category","embeddable":true,"href":"https:\/\/eltrabajo.cl\/portal\/wp-json\/wp\/v2\/categories?post=51247"},{"taxonomy":"post_tag","embeddable":true,"href":"https:\/\/eltrabajo.cl\/portal\/wp-json\/wp\/v2\/tags?post=51247"}],"curies":[{"name":"wp","href":"https:\/\/api.w.org\/{rel}","templated":true}]}}