{"id":51255,"date":"2014-09-17T09:13:39","date_gmt":"2014-09-17T12:13:39","guid":{"rendered":"http:\/\/www.eltrabajo.cl\/portal\/?p=51255"},"modified":"2014-09-17T09:13:39","modified_gmt":"2014-09-17T12:13:39","slug":"acceso-a-la-comuna-requiere-intervencion-por-congestion-vehicular","status":"publish","type":"post","link":"https:\/\/eltrabajo.cl\/portal\/acceso-a-la-comuna-requiere-intervencion-por-congestion-vehicular\/","title":{"rendered":"Acceso a la comuna requiere intervenci\u00f3n por congesti\u00f3n vehicular"},"content":{"rendered":"<figure id=\"attachment_51252\" aria-describedby=\"caption-attachment-51252\" style=\"width: 529px\" class=\"wp-caption alignnone\"><a href=\"https:\/\/i0.wp.com\/www.eltrabajo.cl\/portal\/wp-content\/uploads\/2014\/09\/Entrada1.jpg\"><img data-recalc-dims=\"1\" loading=\"lazy\" decoding=\"async\" class=\"size-full wp-image-51252\" alt=\"La entrada y salida del centro de Putaendo por Calle Eduardo Weggener, requiere una urgente intervenci\u00f3n debido a la reiterada congesti\u00f3n vehicular que se registra en el sector.\" src=\"https:\/\/i0.wp.com\/www.eltrabajo.cl\/portal\/wp-content\/uploads\/2014\/09\/Entrada1.jpg?resize=529%2C408\" width=\"529\" height=\"408\" srcset=\"https:\/\/i0.wp.com\/eltrabajo.cl\/portal\/wp-content\/uploads\/2014\/09\/Entrada1.jpg?w=529&amp;ssl=1 529w, https:\/\/i0.wp.com\/eltrabajo.cl\/portal\/wp-content\/uploads\/2014\/09\/Entrada1.jpg?resize=194%2C150&amp;ssl=1 194w, https:\/\/i0.wp.com\/eltrabajo.cl\/portal\/wp-content\/uploads\/2014\/09\/Entrada1.jpg?resize=300%2C231&amp;ssl=1 300w, https:\/\/i0.wp.com\/eltrabajo.cl\/portal\/wp-content\/uploads\/2014\/09\/Entrada1.jpg?resize=150%2C115&amp;ssl=1 150w, https:\/\/i0.wp.com\/eltrabajo.cl\/portal\/wp-content\/uploads\/2014\/09\/Entrada1.jpg?resize=400%2C308&amp;ssl=1 400w\" sizes=\"auto, (max-width: 529px) 100vw, 529px\" \/><\/a><figcaption id=\"caption-attachment-51252\" class=\"wp-caption-text\">La entrada y salida del centro de Putaendo por Calle Eduardo Weggener, requiere una urgente intervenci\u00f3n debido a la reiterada congesti\u00f3n vehicular que se registra en el sector.<\/figcaption><\/figure>\n<p><strong>PUTAEND<\/strong>O.- La entrada y salida del centro de Putaendo por Calle Eduardo Weggener, requiere una urgente intervenci\u00f3n debido a la reiterada congesti\u00f3n vehicular que se registra en el sector, lo que genera inconvenientes a los vecinos. Hist\u00f3ricamente la entrada a Putaendo ha sido por Calle Eduardo Weggener desde la carretera, y luego se tomaba Calle Brasil o Calle Comercio.<\/p>\n<p>Esta peque\u00f1a calle llamada Eduardo Weggener, entre dos viviendas, hoy sigue prestando servicio a pesar del considerable aumento de tr\u00e1nsito vehicular, y m\u00e1s a\u00fan al ser entrada y salida de todo tipo de camiones que obligadamente transitan por el lugar, sin considerar tambi\u00e9n que ahora conecta con Avenida Alejandrina Carvajal.<\/p>\n<p>Justamente, lo estrecho de esta calle lleva a que a diario los veh\u00edculos pr\u00e1cticamente se topen unos con otros, adem\u00e1s de generar atochamientos y algunos hechos que han estado cerca de terminar en accidentes, lo que genera un clima de inseguridad a los vecinos que viven en las inmediaciones.<\/p>\n<p>Hoy el parque automotriz de Putaendo es distinto, y tal como lo han indicado las autoridades, ya es imposible estacionar en el centro y Calle Eduardo Weggener conecta directamente con todos los veh\u00edculos que van hacia la carretera que conduce hacia Cabildo, por lo que hoy, t\u00e9cnicamente la peque\u00f1a entrada y salida al centro de Putaendo es un embudo o un cuello de botella.<\/p>\n<p>Son varios los vecinos del sector, y por cierto automovilistas, que coinciden en que se debe realizar un estudio para ensanchar Calle Eduardo Weggener y una de las alternativas es la expropiaci\u00f3n de terrenos y viviendas, palabra que por cierto puede generar inconvenientes a quienes hist\u00f3ricamente han vivido en ese sector, pero hoy a lo menos es un tema que necesita an\u00e1lisis, pues tal como lo muestran las fotograf\u00edas y como a diario lo enfrentan los automovilistas, es imposible que esa peque\u00f1a calle siga soportando el tr\u00e1nsito de veh\u00edculos y camiones que aumenta d\u00eda a d\u00eda.<\/p>\n<p>Patricio Gallardo M.<\/p>\n<p>&nbsp;<\/p>\n","protected":false},"excerpt":{"rendered":"<p>PUTAENDO.- La entrada y salida del centro de Putaendo por Calle Eduardo Weggener, requiere una urgente intervenci\u00f3n debido a la reiterada congesti\u00f3n vehicular que se registra en el sector, lo que genera&#8230;<\/p>\n","protected":false},"author":482,"featured_media":51252,"comment_status":"open","ping_status":"closed","sticky":false,"template":"","format":"standard","meta":{"advanced_seo_description":"","jetpack_seo_html_title":"","jetpack_seo_noindex":false,"_jetpack_memberships_contains_paid_content":false,"footnotes":""},"categories":[15],"tags":[],"class_list":["post-51255","post","type-post","status-publish","format-standard","has-post-thumbnail","hentry","category-comunidad"],"jetpack_featured_media_url":"https:\/\/i0.wp.com\/eltrabajo.cl\/portal\/wp-content\/uploads\/2014\/09\/Entrada1.jpg?fit=529%2C408&ssl=1","jetpack_sharing_enabled":true,"jetpack_likes_enabled":true,"jetpack-related-posts":[],"_links":{"self":[{"href":"https:\/\/eltrabajo.cl\/portal\/wp-json\/wp\/v2\/posts\/51255","targetHints":{"allow":["GET"]}}],"collection":[{"href":"https:\/\/eltrabajo.cl\/portal\/wp-json\/wp\/v2\/posts"}],"about":[{"href":"https:\/\/eltrabajo.cl\/portal\/wp-json\/wp\/v2\/types\/post"}],"author":[{"embeddable":true,"href":"https:\/\/eltrabajo.cl\/portal\/wp-json\/wp\/v2\/users\/482"}],"replies":[{"embeddable":true,"href":"https:\/\/eltrabajo.cl\/portal\/wp-json\/wp\/v2\/comments?post=51255"}],"version-history":[{"count":0,"href":"https:\/\/eltrabajo.cl\/portal\/wp-json\/wp\/v2\/posts\/51255\/revisions"}],"wp:featuredmedia":[{"embeddable":true,"href":"https:\/\/eltrabajo.cl\/portal\/wp-json\/wp\/v2\/media\/51252"}],"wp:attachment":[{"href":"https:\/\/eltrabajo.cl\/portal\/wp-json\/wp\/v2\/media?parent=51255"}],"wp:term":[{"taxonomy":"category","embeddable":true,"href":"https:\/\/eltrabajo.cl\/portal\/wp-json\/wp\/v2\/categories?post=51255"},{"taxonomy":"post_tag","embeddable":true,"href":"https:\/\/eltrabajo.cl\/portal\/wp-json\/wp\/v2\/tags?post=51255"}],"curies":[{"name":"wp","href":"https:\/\/api.w.org\/{rel}","templated":true}]}}