{"id":51259,"date":"2014-09-17T09:16:47","date_gmt":"2014-09-17T12:16:47","guid":{"rendered":"http:\/\/www.eltrabajo.cl\/portal\/?p=51259"},"modified":"2014-09-17T09:17:23","modified_gmt":"2014-09-17T12:17:23","slug":"panquehuinos-siguen-disfrutando-sus-fiestas-patrias","status":"publish","type":"post","link":"https:\/\/eltrabajo.cl\/portal\/panquehuinos-siguen-disfrutando-sus-fiestas-patrias\/","title":{"rendered":"Panquehuinos siguen disfrutando sus Fiestas Patrias"},"content":{"rendered":"<figure id=\"attachment_51260\" aria-describedby=\"caption-attachment-51260\" style=\"width: 528px\" class=\"wp-caption alignnone\"><a href=\"https:\/\/i0.wp.com\/www.eltrabajo.cl\/portal\/wp-content\/uploads\/2014\/09\/Panque1.jpg\"><img data-recalc-dims=\"1\" loading=\"lazy\" decoding=\"async\" class=\"size-full wp-image-51260\" alt=\"Las actividades van a continuar con la gran fiesta criolla los d\u00edas 17, 18, 19 y 20 de septiembre en el sector La P\u00e9rgola en la Pirca.   \" src=\"https:\/\/i0.wp.com\/www.eltrabajo.cl\/portal\/wp-content\/uploads\/2014\/09\/Panque1.jpg?resize=528%2C361\" width=\"528\" height=\"361\" srcset=\"https:\/\/i0.wp.com\/eltrabajo.cl\/portal\/wp-content\/uploads\/2014\/09\/Panque1.jpg?w=528&amp;ssl=1 528w, https:\/\/i0.wp.com\/eltrabajo.cl\/portal\/wp-content\/uploads\/2014\/09\/Panque1.jpg?resize=200%2C136&amp;ssl=1 200w, https:\/\/i0.wp.com\/eltrabajo.cl\/portal\/wp-content\/uploads\/2014\/09\/Panque1.jpg?resize=300%2C205&amp;ssl=1 300w, https:\/\/i0.wp.com\/eltrabajo.cl\/portal\/wp-content\/uploads\/2014\/09\/Panque1.jpg?resize=150%2C102&amp;ssl=1 150w, https:\/\/i0.wp.com\/eltrabajo.cl\/portal\/wp-content\/uploads\/2014\/09\/Panque1.jpg?resize=400%2C273&amp;ssl=1 400w\" sizes=\"auto, (max-width: 528px) 100vw, 528px\" \/><\/a><figcaption id=\"caption-attachment-51260\" class=\"wp-caption-text\">Las actividades van a continuar con la gran fiesta criolla los d\u00edas 17, 18, 19 y 20 de septiembre en el sector La P\u00e9rgola en la Pirca.<\/figcaption><\/figure>\n<p><strong>PANQUEHUE<\/strong>.- De ejemplar fue calificado por parte de las autoridades e invitados especiales, el desfile de celebraci\u00f3n de fiestas patrias realizado en el Estadio Los Libertadores de la localidad La Pirca en la comuna de Panquehue. La ceremonia fue encabezada por el Alcalde Luis Pradenas, concejales y el Gobernador de San Felipe Eduardo Le\u00f3n; el Consejero Regional Iv\u00e1n Reyes; la Directora Regional de Sernatur Claudia Araos Donoso, adem\u00e1s de jefes de servicios, dirigentes vecinales, e invitados especiales.<\/p>\n<figure id=\"attachment_51261\" aria-describedby=\"caption-attachment-51261\" style=\"width: 370px\" class=\"wp-caption alignright\"><a href=\"https:\/\/i0.wp.com\/www.eltrabajo.cl\/portal\/wp-content\/uploads\/2014\/09\/Panque2.jpg\"><img data-recalc-dims=\"1\" loading=\"lazy\" decoding=\"async\" class=\" wp-image-51261 \" alt=\"Durante la actividad se procedi\u00f3  hacer entrega de premios a los alumnos ganadores de los campeonatos de cueca realizados en cada uno de los colegios de la comuna.\" src=\"https:\/\/i0.wp.com\/www.eltrabajo.cl\/portal\/wp-content\/uploads\/2014\/09\/Panque2.jpg?resize=370%2C295\" width=\"370\" height=\"295\" srcset=\"https:\/\/i0.wp.com\/eltrabajo.cl\/portal\/wp-content\/uploads\/2014\/09\/Panque2.jpg?w=529&amp;ssl=1 529w, https:\/\/i0.wp.com\/eltrabajo.cl\/portal\/wp-content\/uploads\/2014\/09\/Panque2.jpg?resize=188%2C150&amp;ssl=1 188w, https:\/\/i0.wp.com\/eltrabajo.cl\/portal\/wp-content\/uploads\/2014\/09\/Panque2.jpg?resize=300%2C239&amp;ssl=1 300w, https:\/\/i0.wp.com\/eltrabajo.cl\/portal\/wp-content\/uploads\/2014\/09\/Panque2.jpg?resize=150%2C119&amp;ssl=1 150w, https:\/\/i0.wp.com\/eltrabajo.cl\/portal\/wp-content\/uploads\/2014\/09\/Panque2.jpg?resize=400%2C319&amp;ssl=1 400w\" sizes=\"auto, (max-width: 370px) 100vw, 370px\" \/><\/a><figcaption id=\"caption-attachment-51261\" class=\"wp-caption-text\">Durante la actividad se procedi\u00f3 hacer entrega de premios a los alumnos ganadores de los campeonatos de cueca realizados en cada uno de los colegios de la comuna.<\/figcaption><\/figure>\n<p>Al hacer uso de la palabra, el Alcalde Luis Pradenas hizo un llamado a la comunidad de Panquehue, para celebrar unidos y con prudencia estas fiestas patrias, aprovechando la oportunidad, para renovar el compromiso por el desarrollo de su comuna y la patria.<\/p>\n<p>Acto seguido se procedi\u00f3 hacer entrega de premios a los alumnos ganadores de los campeonatos de cueca realizados en cada uno de los colegios de la comuna, como asimismo en la entrega de un reconocimiento a una pareja de cuequeros de adultos mayores, integrados por Elena Urbina Gajardo y Carlos Romero Riquelme y un galard\u00f3n en reconocimiento al cultivo de la tradici\u00f3n criolla al Club de Huasos El Corralero, representado por su Presidente V\u00edctor Peralta Valle.<\/p>\n<p>Tras el tradicional brindis de chicha en cacho, se dio inicio al desfile, donde participaron Agrupaci\u00f3n Yo vivo; Grupo Folcl\u00f3rico Renacer; jardines infantiles; clubes de adultos mayores; centros de madres y talleres femeninos, establecimientos educacionales, la Sexta Compa\u00f1\u00eda de Bomberos y el Club de Huasos El Corralero.<\/p>\n<p>Al t\u00e9rmino de la ceremonia, el Alcalde Luis Pradenas comparti\u00f3 con la comunidad de Panquehue en su totalidad de una empanada y un vaso de chicha. La Directora Regional de Sernatur, Claudia Araos, dijo estar muy sorprendida, pues hubo una gran participaci\u00f3n de parte de la comunidad de Panquehue.<\/p>\n<p>\u201cLa verdad es que me he sorprendido, aqu\u00ed efectivamente se ve la comunidad en pleno y por lo mismo es muy importante valorar estas actividades y trabajar para que se mantengan en el tiempo, esa es la apuesta de Sernatur y el Gobierno Regional. Por lo tanto, felicito a la comuna, s\u00e9 que hay mucha gente trabajando en esto para que se materialice y por lo visto, todo result\u00f3 muy bien, incluso hasta el tiempo nos acompa\u00f1\u00f3\u201d.<\/p>\n<p>&nbsp;<\/p>\n","protected":false},"excerpt":{"rendered":"<p>PANQUEHUE.- De ejemplar fue calificado por parte de las autoridades e invitados especiales, el desfile de celebraci\u00f3n de fiestas patrias realizado en el Estadio Los Libertadores de la localidad La Pirca en&#8230;<\/p>\n","protected":false},"author":482,"featured_media":51260,"comment_status":"open","ping_status":"closed","sticky":false,"template":"","format":"standard","meta":{"advanced_seo_description":"","jetpack_seo_html_title":"","jetpack_seo_noindex":false,"_jetpack_memberships_contains_paid_content":false,"footnotes":""},"categories":[15],"tags":[],"class_list":["post-51259","post","type-post","status-publish","format-standard","has-post-thumbnail","hentry","category-comunidad"],"jetpack_featured_media_url":"https:\/\/i0.wp.com\/eltrabajo.cl\/portal\/wp-content\/uploads\/2014\/09\/Panque1.jpg?fit=528%2C361&ssl=1","jetpack_sharing_enabled":true,"jetpack_likes_enabled":true,"jetpack-related-posts":[],"_links":{"self":[{"href":"https:\/\/eltrabajo.cl\/portal\/wp-json\/wp\/v2\/posts\/51259","targetHints":{"allow":["GET"]}}],"collection":[{"href":"https:\/\/eltrabajo.cl\/portal\/wp-json\/wp\/v2\/posts"}],"about":[{"href":"https:\/\/eltrabajo.cl\/portal\/wp-json\/wp\/v2\/types\/post"}],"author":[{"embeddable":true,"href":"https:\/\/eltrabajo.cl\/portal\/wp-json\/wp\/v2\/users\/482"}],"replies":[{"embeddable":true,"href":"https:\/\/eltrabajo.cl\/portal\/wp-json\/wp\/v2\/comments?post=51259"}],"version-history":[{"count":0,"href":"https:\/\/eltrabajo.cl\/portal\/wp-json\/wp\/v2\/posts\/51259\/revisions"}],"wp:featuredmedia":[{"embeddable":true,"href":"https:\/\/eltrabajo.cl\/portal\/wp-json\/wp\/v2\/media\/51260"}],"wp:attachment":[{"href":"https:\/\/eltrabajo.cl\/portal\/wp-json\/wp\/v2\/media?parent=51259"}],"wp:term":[{"taxonomy":"category","embeddable":true,"href":"https:\/\/eltrabajo.cl\/portal\/wp-json\/wp\/v2\/categories?post=51259"},{"taxonomy":"post_tag","embeddable":true,"href":"https:\/\/eltrabajo.cl\/portal\/wp-json\/wp\/v2\/tags?post=51259"}],"curies":[{"name":"wp","href":"https:\/\/api.w.org\/{rel}","templated":true}]}}